{"id":29002,"date":"2021-12-30T10:54:36","date_gmt":"2021-12-30T10:54:36","guid":{"rendered":"http:\/\/historiografija.hr\/?p=29002"},"modified":"2021-12-30T10:54:36","modified_gmt":"2021-12-30T10:54:36","slug":"izlozba-fotografija-miroslava-arbutine-arbe-izmedu-dvaju-cekanja-o-potresu-u-sisku","status":"publish","type":"post","link":"https:\/\/historiografija.hr\/?p=29002","title":{"rendered":"Izlo\u017eba fotografija Miroslava Arbutine \u2013 Arbe \u201cIzme\u0111u dvaju \u010dekanja\u201d o potresu u Sisku"},"content":{"rendered":"\n<p>Izlo\u017ebom fotografija pod nazivom \u201eIzme\u0111u dvaju \u010dekanja\u201c, Miroslav Arbutina-Arbe tematizira posljedice razornog potresa koji je pogodio grad Sisak krajem 2020. godine. Anga\u017eiran od strane Ministarstva kulture i medija za fotografiranje \u0161tete na kulturnim dobrima grada u svrhu izrade evidencije \u0161tete i kvalitetne konzervatorske dokumentacije, Arbutina je dao izniman doprinos nastojanjima da se grad obnovi nakon potresa. Njegove fotografije su prije svega dokumentarne, ali s jasnim umjetni\u010dkim kontekstom. Fotografiraju\u0107i za potrebe dokumentiranja \u0161tete, on je ujedno pronalazio razne druge motive koje obi\u010dan promatra\u010d ne zapa\u017ea. Ti su motivi, iako mo\u017eda izlaze iz konteksta dokumentarnosti, ipak dio istog mozaika. Emocionalna vrijednost fotografija tako\u0111er se ne mo\u017ee izuzeti iz njegova rada, a o tome govori i kroz naziv izlo\u017ebe. Kako je autor naglasio u jednom razgovoru: \u201eOni koji nisu osjetili ovakvu katastrofu, vjerojatno pomisle da je najgore gubitak ku\u0107e, me\u0111utim\u00a0 nije. Meni je najgore bilo o\u010dekivanje novog potresa, to vrijeme neizvjesnosti izme\u0111u dva udara.\u201c<\/p>\n\n\n\n<hr class=\"wp-block-separator\"\/>\n\n\n\n<p>Izvor:<\/p>\n\n\n\n<figure class=\"wp-block-embed-wordpress wp-block-embed is-type-wp-embed is-provider-gradski-muzej-sisak\"><div class=\"wp-block-embed__wrapper\">\n<blockquote class=\"wp-embedded-content\" data-secret=\"25St8j6pwh\"><a href=\"https:\/\/muzej-sisak.hr\/naslovnica\/izlozba-miroslava-arbutine-arbe-izmedu-dvaju-cekanja\/\">Izlo\u017eba Miroslava Arbutine &#8211; Arbe &#8220;Izme\u0111u dvaju \u010dekanja&#8221;<\/a><\/blockquote><iframe loading=\"lazy\" class=\"wp-embedded-content\" sandbox=\"allow-scripts\" security=\"restricted\" style=\"position: absolute; clip: rect(1px, 1px, 1px, 1px);\" title=\"&#8220;Izlo\u017eba Miroslava Arbutine &#8211; Arbe &#8220;Izme\u0111u dvaju \u010dekanja&#8221;&#8221; &#8212; Gradski muzej Sisak\" src=\"https:\/\/muzej-sisak.hr\/naslovnica\/izlozba-miroslava-arbutine-arbe-izmedu-dvaju-cekanja\/embed\/#?secret=25St8j6pwh\" data-secret=\"25St8j6pwh\" width=\"600\" height=\"338\" frameborder=\"0\" marginwidth=\"0\" marginheight=\"0\" scrolling=\"no\"><\/iframe>\n<\/div><\/figure>\n\n\n\n<hr class=\"wp-block-separator\"\/>\n","protected":false},"excerpt":{"rendered":"","protected":false},"author":2,"featured_media":29003,"comment_status":"open","ping_status":"open","sticky":false,"template":"","format":"standard","meta":{"_acf_changed":false,"jetpack_post_was_ever_published":false,"_jetpack_newsletter_access":"","_jetpack_dont_email_post_to_subs":false,"_jetpack_newsletter_tier_id":0,"_jetpack_memberships_contains_paywalled_content":false,"_jetpack_memberships_contains_paid_content":false,"footnotes":"","jetpack_publicize_message":"","jetpack_publicize_feature_enabled":true,"jetpack_social_post_already_shared":true,"jetpack_social_options":{"image_generator_settings":{"template":"highway","default_image_id":0,"font":"","enabled":false},"version":2}},"categories":[10,3],"tags":[],"class_list":["post-29002","post","type-post","status-publish","format-standard","has-post-thumbnail","hentry","category-izlozbe","category-novosti"],"acf":{"facebook_opis":""},"jetpack_publicize_connections":[],"jetpack_featured_media_url":"https:\/\/i0.wp.com\/historiografija.hr\/wp-content\/uploads\/2021\/12\/PLAKAT-HOKU.jpg?fit=595%2C848&ssl=1","jetpack_sharing_enabled":true,"jetpack-related-posts":[],"_links":{"self":[{"href":"https:\/\/historiografija.hr\/index.php?rest_route=\/wp\/v2\/posts\/29002","targetHints":{"allow":["GET"]}}],"collection":[{"href":"https:\/\/historiografija.hr\/index.php?rest_route=\/wp\/v2\/posts"}],"about":[{"href":"https:\/\/historiografija.hr\/index.php?rest_route=\/wp\/v2\/types\/post"}],"author":[{"embeddable":true,"href":"https:\/\/historiografija.hr\/index.php?rest_route=\/wp\/v2\/users\/2"}],"replies":[{"embeddable":true,"href":"https:\/\/historiografija.hr\/index.php?rest_route=%2Fwp%2Fv2%2Fcomments&post=29002"}],"version-history":[{"count":1,"href":"https:\/\/historiografija.hr\/index.php?rest_route=\/wp\/v2\/posts\/29002\/revisions"}],"predecessor-version":[{"id":29004,"href":"https:\/\/historiografija.hr\/index.php?rest_route=\/wp\/v2\/posts\/29002\/revisions\/29004"}],"wp:featuredmedia":[{"embeddable":true,"href":"https:\/\/historiografija.hr\/index.php?rest_route=\/wp\/v2\/media\/29003"}],"wp:attachment":[{"href":"https:\/\/historiografija.hr\/index.php?rest_route=%2Fwp%2Fv2%2Fmedia&parent=29002"}],"wp:term":[{"taxonomy":"category","embeddable":true,"href":"https:\/\/historiografija.hr\/index.php?rest_route=%2Fwp%2Fv2%2Fcategories&post=29002"},{"taxonomy":"post_tag","embeddable":true,"href":"https:\/\/historiografija.hr\/index.php?rest_route=%2Fwp%2Fv2%2Ftags&post=29002"}],"curies":[{"name":"wp","href":"https:\/\/api.w.org\/{rel}","templated":true}]}}