{"id":28988,"date":"2021-12-29T11:23:31","date_gmt":"2021-12-29T11:23:31","guid":{"rendered":"http:\/\/historiografija.hr\/?p=28988"},"modified":"2021-12-29T11:23:31","modified_gmt":"2021-12-29T11:23:31","slug":"antoine-compagnon-jedno-ljeto-s-pascalom","status":"publish","type":"post","link":"https:\/\/historiografija.hr\/?p=28988","title":{"rendered":"Antoine Compagnon, &#8220;Jedno ljeto s Pascalom&#8221;"},"content":{"rendered":"\n<p>Nakon velikog uspjeha knjige <em>Jedno ljeto s Montaigneom<\/em>, Antoine Compagnon poziva nas da ljeto provedemo s Blaiseom Pascalom, francuskim filozofom, matemati\u010darom, izumiteljem i fizi\u010darom. Cijelo stolje\u0107e dijeli Montaignea i Pascala, tu dvojicu intelektualaca, osniva\u010da modernosti i utemeljitelja slobodne misli, ali su im razmi\u0161ljanja o mnogo \u010demu sli\u010dna. Pascal se, kao i Montaigne, bavi \u010dovjekom, dru\u0161tvom, svemirom, mo\u0107i, vjerom, patnjom, smr\u0107u, igrom: svime i ni\u010dime. Svojim promi\u0161ljanjima o strahu, neizvjesnosti, brizi, navici i sli\u010dnome, Pascal je znatno utjecao na filozofiju egzistencije, posebice na Kierkegaarda i Heideggera. Njegove <em>Misli <\/em>vrhunski su primjer aforisti\u010dkog esejizma te se njima potvrdio kao jedan od najistaknutijih klasicisti\u010dkih moralista.<\/p>\n\n\n\n<p>Compagnon u svakom poglavlju ove knjige analizira \u017eivot i djelo genijalnoga Pascala, tra\u017ei smisao njegovih elipti\u010dnih misli i nagovara nas na otkrivanje pisca \u010duda i milosti \u010dije nam spoznaje poma\u017eu da bolje upoznamo sami sebe.<\/p>\n\n\n\n<p>* * *<\/p>\n\n\n\n<p><em>Lopta za kojom sam potr\u010dao i koju sam poku\u0161ao baciti \u0161to sam dalje mogao, bila je upravo ta misao. <\/em><em>Igrao sam se s Pascalom i ta me igra zabavila, pomogao mi je pre\u017eivjeti dane i no\u0107i. Nije sramota priznati, to je samo jedan paradoks vi\u0161e, jedna od figura na kojima Pascal u svom rezoniranju nikad ne \u0161tedi. <\/em><em>A upravo je to dokaz duboke ljudske istine i stra\u0161ne aktualnosti <\/em>Misli<em>. Raspravljali smo o srcu i razumu do posljednjeg daha, ne kako bismo prikrili stvarnost, zakrilili istinu, nego zato jer je sve ono \u0161to Pascal pi\u0161e toliko izazovno da nas samo smrt mo\u017ee u\u0161utkati, kao beskona\u010dna ti\u0161ina.<\/em><\/p>\n\n\n\n<p><em>Antoine Compagnon<\/em><\/p>\n\n\n\n<ul class=\"wp-block-list\"><li><strong>ISBN:<\/strong> 978-953-369-000-1<\/li><li><strong>Uvez:<\/strong> meki<\/li><li><strong>Naslov izvornika:<\/strong> Un \u00e9t\u00e9 avec Pascal<\/li><li><strong>Jezik izvornika:<\/strong> francuski<\/li><li><strong>Prijevod:<\/strong> Dubravka Celebrini<\/li><li><strong>Dimenzije:<\/strong> 110\u00d7170 mm<\/li><li><strong>Broj stranica:<\/strong> 224<\/li><li><strong>Godina izdanja:<\/strong> 2021.<\/li><\/ul>\n\n\n\n<p>Prelistaj uzorak:<\/p>\n\n\n\n<p><a href=\"https:\/\/tim-press.hr\/hr\/knjige\/jedno-ljeto-s-pascalom\/\">https:\/\/tim-press.hr\/hr\/knjige\/jedno-ljeto-s-pascalom\/<\/a><\/p>\n\n\n\n<hr class=\"wp-block-separator\"\/>\n","protected":false},"excerpt":{"rendered":"","protected":false},"author":2,"featured_media":28989,"comment_status":"open","ping_status":"open","sticky":false,"template":"","format":"standard","meta":{"_acf_changed":false,"jetpack_post_was_ever_published":false,"_jetpack_newsletter_access":"","_jetpack_dont_email_post_to_subs":false,"_jetpack_newsletter_tier_id":0,"_jetpack_memberships_contains_paywalled_content":false,"_jetpack_memberships_contains_paid_content":false,"footnotes":"","jetpack_publicize_message":"","jetpack_publicize_feature_enabled":true,"jetpack_social_post_already_shared":true,"jetpack_social_options":{"image_generator_settings":{"template":"highway","default_image_id":0,"font":"","enabled":false},"version":2}},"categories":[8,3],"tags":[],"class_list":["post-28988","post","type-post","status-publish","format-standard","has-post-thumbnail","hentry","category-knjige","category-novosti"],"acf":{"facebook_opis":""},"jetpack_publicize_connections":[],"jetpack_featured_media_url":"https:\/\/i0.wp.com\/historiografija.hr\/wp-content\/uploads\/2021\/12\/jedno_ljeto_s_pascalom.jpg?fit=300%2C465&ssl=1","jetpack_sharing_enabled":true,"jetpack-related-posts":[],"_links":{"self":[{"href":"https:\/\/historiografija.hr\/index.php?rest_route=\/wp\/v2\/posts\/28988","targetHints":{"allow":["GET"]}}],"collection":[{"href":"https:\/\/historiografija.hr\/index.php?rest_route=\/wp\/v2\/posts"}],"about":[{"href":"https:\/\/historiografija.hr\/index.php?rest_route=\/wp\/v2\/types\/post"}],"author":[{"embeddable":true,"href":"https:\/\/historiografija.hr\/index.php?rest_route=\/wp\/v2\/users\/2"}],"replies":[{"embeddable":true,"href":"https:\/\/historiografija.hr\/index.php?rest_route=%2Fwp%2Fv2%2Fcomments&post=28988"}],"version-history":[{"count":1,"href":"https:\/\/historiografija.hr\/index.php?rest_route=\/wp\/v2\/posts\/28988\/revisions"}],"predecessor-version":[{"id":28990,"href":"https:\/\/historiografija.hr\/index.php?rest_route=\/wp\/v2\/posts\/28988\/revisions\/28990"}],"wp:featuredmedia":[{"embeddable":true,"href":"https:\/\/historiografija.hr\/index.php?rest_route=\/wp\/v2\/media\/28989"}],"wp:attachment":[{"href":"https:\/\/historiografija.hr\/index.php?rest_route=%2Fwp%2Fv2%2Fmedia&parent=28988"}],"wp:term":[{"taxonomy":"category","embeddable":true,"href":"https:\/\/historiografija.hr\/index.php?rest_route=%2Fwp%2Fv2%2Fcategories&post=28988"},{"taxonomy":"post_tag","embeddable":true,"href":"https:\/\/historiografija.hr\/index.php?rest_route=%2Fwp%2Fv2%2Ftags&post=28988"}],"curies":[{"name":"wp","href":"https:\/\/api.w.org\/{rel}","templated":true}]}}