{"id":28978,"date":"2021-12-29T10:59:53","date_gmt":"2021-12-29T10:59:53","guid":{"rendered":"http:\/\/historiografija.hr\/?p=28978"},"modified":"2021-12-29T11:58:34","modified_gmt":"2021-12-29T11:58:34","slug":"nagrada-memoarima-pabla-nerude-priznajem-da-sam-zivio","status":"publish","type":"post","link":"https:\/\/historiografija.hr\/?p=28978","title":{"rendered":"Nagrada memoarima Pabla Nerude \u201ePriznajem da sam \u017eivio\u201c"},"content":{"rendered":"\n<p>27. Sa(n)jam knjige u Istri dodijelio je krajem studenog 2021. nagradu memoarima Pabla Nerude \u201ePriznajem da sam \u017eivio\u201c u nakladi Iris Illyrice.<\/p>\n\n\n\n<p>\u201cOvo izuzetno prozno djelo vjerno svjedo\u010di o duhu dvadesetog stolje\u0107a i pjesnikovim razmi\u0161ljanjima o umjetnosti i poeziji. Emotivni zapisi \u010dileanskog pjesnika u kojima iznosi svoja sje\u0107anja od najranijeg djetinjstva, pa sve do duboke starosti nisu ostavila ravnodu\u0161nim pulsku publiku koja je ba\u0161 ovaj naslov izabrala kao miljenika izme\u0111u trideset ponu\u0111enih knji\u017eevnih izdanja.\u201d<\/p>\n\n\n\n<hr class=\"wp-block-separator\"\/>\n\n\n\n<p>Izvor i dodatne informacije:<\/p>\n\n\n\n<figure class=\"wp-block-embed-wordpress wp-block-embed is-type-wp-embed is-provider-sa-n-jam-knjige-u-istri\"><div class=\"wp-block-embed__wrapper\">\n<blockquote class=\"wp-embedded-content\" data-secret=\"fDs3Cw1wVV\"><a href=\"http:\/\/www.sanjamknjige.hr\/dodijeljene-su-nagrade-pulskog-sajma\/\">Dodijeljene su nagrade pulskog Sajma<\/a><\/blockquote><iframe loading=\"lazy\" class=\"wp-embedded-content\" sandbox=\"allow-scripts\" security=\"restricted\" style=\"position: absolute; clip: rect(1px, 1px, 1px, 1px);\" title=\"&#8220;Dodijeljene su nagrade pulskog Sajma&#8221; &#8212; Sa(n)jam knjige u Istri\" src=\"http:\/\/www.sanjamknjige.hr\/dodijeljene-su-nagrade-pulskog-sajma\/embed\/#?secret=fDs3Cw1wVV\" data-secret=\"fDs3Cw1wVV\" width=\"600\" height=\"338\" frameborder=\"0\" marginwidth=\"0\" marginheight=\"0\" scrolling=\"no\"><\/iframe>\n<\/div><\/figure>\n\n\n\n<figure class=\"wp-block-embed-wordpress wp-block-embed is-type-wp-embed is-provider-nacional-hr\"><div class=\"wp-block-embed__wrapper\">\n<blockquote class=\"wp-embedded-content\" data-secret=\"UZ6CIP8uFu\"><a href=\"https:\/\/www.nacional.hr\/sanjam-knjige-u-istri-memoarima-pabla-nerude-i-nakladi-iris-illyrika-nagrada-libar-za-vajk\/\">Sa(n)jam knjige u Istri: Memoarima Pabla Nerude i nakladi Iris Illyrika nagrada &#8216;Libar za vajk&#8217;<\/a><\/blockquote><iframe loading=\"lazy\" class=\"wp-embedded-content\" sandbox=\"allow-scripts\" security=\"restricted\" style=\"position: absolute; clip: rect(1px, 1px, 1px, 1px);\" title=\"&#8220;Sa(n)jam knjige u Istri: Memoarima Pabla Nerude i nakladi Iris Illyrika nagrada &#8216;Libar za vajk&#8217;&#8221; &#8212; NACIONAL.HR\" src=\"https:\/\/www.nacional.hr\/sanjam-knjige-u-istri-memoarima-pabla-nerude-i-nakladi-iris-illyrika-nagrada-libar-za-vajk\/embed\/#?secret=UZ6CIP8uFu\" data-secret=\"UZ6CIP8uFu\" width=\"600\" height=\"338\" frameborder=\"0\" marginwidth=\"0\" marginheight=\"0\" scrolling=\"no\"><\/iframe>\n<\/div><\/figure>\n\n\n\n<hr class=\"wp-block-separator\"\/>\n\n\n\n<figure class=\"wp-block-embed-wordpress wp-block-embed is-type-wp-embed is-provider-historiografija-hr\"><div class=\"wp-block-embed__wrapper\">\n<blockquote class=\"wp-embedded-content\" data-secret=\"vhqguDrNUz\"><a href=\"https:\/\/historiografija.hr\/?p=26670\">Pablo Neruda, \u201cPriznajem da sam \u017eivio\u201d<\/a><\/blockquote><iframe loading=\"lazy\" class=\"wp-embedded-content\" sandbox=\"allow-scripts\" security=\"restricted\" style=\"position: absolute; clip: rect(1px, 1px, 1px, 1px);\" title=\"&#8220;Pablo Neruda, \u201cPriznajem da sam \u017eivio\u201d&#8221; &#8212; Historiografija.hr\" src=\"https:\/\/historiografija.hr\/?p=26670&#038;embed=true#?secret=vhqguDrNUz\" data-secret=\"vhqguDrNUz\" width=\"600\" height=\"338\" frameborder=\"0\" marginwidth=\"0\" marginheight=\"0\" scrolling=\"no\"><\/iframe>\n<\/div><\/figure>\n\n\n\n<hr class=\"wp-block-separator\"\/>\n","protected":false},"excerpt":{"rendered":"","protected":false},"author":2,"featured_media":28979,"comment_status":"open","ping_status":"open","sticky":false,"template":"","format":"standard","meta":{"_acf_changed":false,"jetpack_post_was_ever_published":false,"_jetpack_newsletter_access":"","_jetpack_dont_email_post_to_subs":false,"_jetpack_newsletter_tier_id":0,"_jetpack_memberships_contains_paywalled_content":false,"_jetpack_memberships_contains_paid_content":false,"footnotes":"","jetpack_publicize_message":"","jetpack_publicize_feature_enabled":true,"jetpack_social_post_already_shared":true,"jetpack_social_options":{"image_generator_settings":{"template":"highway","default_image_id":0,"font":"","enabled":false},"version":2}},"categories":[3,12],"tags":[],"class_list":["post-28978","post","type-post","status-publish","format-standard","has-post-thumbnail","hentry","category-novosti","category-knjizevnost"],"acf":{"facebook_opis":""},"jetpack_publicize_connections":[],"jetpack_featured_media_url":"https:\/\/i0.wp.com\/historiografija.hr\/wp-content\/uploads\/2021\/12\/Neruda.jpg?fit=1024%2C682&ssl=1","jetpack_sharing_enabled":true,"jetpack-related-posts":[],"_links":{"self":[{"href":"https:\/\/historiografija.hr\/index.php?rest_route=\/wp\/v2\/posts\/28978","targetHints":{"allow":["GET"]}}],"collection":[{"href":"https:\/\/historiografija.hr\/index.php?rest_route=\/wp\/v2\/posts"}],"about":[{"href":"https:\/\/historiografija.hr\/index.php?rest_route=\/wp\/v2\/types\/post"}],"author":[{"embeddable":true,"href":"https:\/\/historiografija.hr\/index.php?rest_route=\/wp\/v2\/users\/2"}],"replies":[{"embeddable":true,"href":"https:\/\/historiografija.hr\/index.php?rest_route=%2Fwp%2Fv2%2Fcomments&post=28978"}],"version-history":[{"count":2,"href":"https:\/\/historiografija.hr\/index.php?rest_route=\/wp\/v2\/posts\/28978\/revisions"}],"predecessor-version":[{"id":28981,"href":"https:\/\/historiografija.hr\/index.php?rest_route=\/wp\/v2\/posts\/28978\/revisions\/28981"}],"wp:featuredmedia":[{"embeddable":true,"href":"https:\/\/historiografija.hr\/index.php?rest_route=\/wp\/v2\/media\/28979"}],"wp:attachment":[{"href":"https:\/\/historiografija.hr\/index.php?rest_route=%2Fwp%2Fv2%2Fmedia&parent=28978"}],"wp:term":[{"taxonomy":"category","embeddable":true,"href":"https:\/\/historiografija.hr\/index.php?rest_route=%2Fwp%2Fv2%2Fcategories&post=28978"},{"taxonomy":"post_tag","embeddable":true,"href":"https:\/\/historiografija.hr\/index.php?rest_route=%2Fwp%2Fv2%2Ftags&post=28978"}],"curies":[{"name":"wp","href":"https:\/\/api.w.org\/{rel}","templated":true}]}}