{"id":28970,"date":"2021-12-28T11:14:11","date_gmt":"2021-12-28T11:14:11","guid":{"rendered":"http:\/\/historiografija.hr\/?p=28970"},"modified":"2021-12-28T11:14:11","modified_gmt":"2021-12-28T11:14:11","slug":"franz-jagerstatter-pisma-i-zapisi-iz-zatvora","status":"publish","type":"post","link":"https:\/\/historiografija.hr\/?p=28970","title":{"rendered":"Franz J\u00e4gerst\u00e4tter, &#8220;Pisma i zapisi iz zatvora&#8221;"},"content":{"rendered":"\n<p>&#8220;Zapisat \u0107u neke rije\u010di kako mi izlaze iz srca. To \u0161to ih pi\u0161em okovanim rukama bolje je nego da ih pi\u0161em okovane volje. Bog o\u010dito ponekad pokazuje snagu koju daje ljudima koji ga ljube i ne daju prednost svjetovnom pred vje\u010dnim. Ni tamnice, ni okovi, pa ni sama smrt nisu u stanju odvojiti nas od ljubavi Bo\u017eje niti nam oduzeti vjeru i slobodnu volju. Bo\u017eja je snaga nepobjediva.&#8221;<\/p>\n\n\n\n<p>Ova sna\u017ena knjiga, po kojoj je slavni redatelj Terrence Malick snimio film <em>Skriveni \u017eivot<\/em>, donosi potresnu \u017eivotnu pri\u010du Franza J\u00e4gerst\u00e4ttera, jednostavna austrijskoga seljaka, sakristana i oca troje djece, koji je odbio slu\u017eiti u njema\u010dkim oru\u017eanim snagama jer je sudjelovanje u Hitlerovoj borbi za osvajanje svijeta do\u017eivljavao kao osobni grijeh. U zatvoru je bio od o\u017eujka 1943. do 9. kolovoza iste godine kada je nad njim izvr\u0161ena smrtna kazna odrubljivanjem glave. U mjesecima u zato\u010deni\u0161tvu i pred izvr\u0161enje smrtne kazne oslonac mu je odnos sa suprugom Franziskom prepun ljubavi, s kojom razmjenjuje dirljiva pisma, sva sabrana u ovoj knjizi.<\/p>\n\n\n\n<p>Osim zatvorskih pisama ova jedinstvena knjiga sadr\u017ei i Franzove potresne duhovne zapise iz razdoblja nakon smrtne presude, sve do pogubljenja, koja daju ganutljiv uvid u njegov duboki nutarnji razvoj i snagu vjere zbog koje je ostao pri svojoj odluci, za \u0161to je u kona\u010dnici dao \u017eivot.<\/p>\n\n\n\n<p>Franza J\u00e4gerst\u00e4ttera, kojega su mnogi prezreli kao neodgovorna lu\u0111aka ili &#8220;samoubojicu&#8221;, beatificirao je papa Benedikt XVI. 2007. godine zbog hrabre odluke po savjesti i dosljedna kr\u0161\u0107anskoga djelovanja, istaknuv\u0161i ga kao mu\u010denika i uzor otpora dr\u017eavno-totalitaristi\u010dkoj sili.<\/p>\n\n\n\n<p>Toplina, autenti\u010dnost, vjera, ljubav i nje\u017enost kojima odi\u0161u njegova pisma i zapisi kojima se opra\u0161ta od svojih najmilijih i od ovozemnoga \u017eivota \u010dine ovu knjigu jedinstvenom i oboga\u0107uju\u0107om za svakoga \u010ditatelja.<\/p>\n\n\n\n<hr class=\"wp-block-separator\"\/>\n\n\n\n<p>Nakladnik: Verbum<\/p>\n\n\n\n<p>Broj stranica: 336<\/p>\n\n\n\n<p>Jezik izvornika: Njema\u010dki<\/p>\n\n\n\n<p>Jezik: Hrvatski<\/p>\n\n\n\n<p>Godina izdanja: 2021<\/p>\n\n\n\n<p>Prevoditelj: Iva Grubi\u0161i\u0107 \u0106uri\u0107<\/p>\n\n\n\n<p>Prelistaj knjigu:<\/p>\n\n\n\n<p><a href=\"https:\/\/verbum.hr\/pisma-i-zapisi-iz-zatvora\">https:\/\/verbum.hr\/pisma-i-zapisi-iz-zatvora<\/a><\/p>\n\n\n\n<hr class=\"wp-block-separator\"\/>\n","protected":false},"excerpt":{"rendered":"","protected":false},"author":2,"featured_media":28971,"comment_status":"open","ping_status":"open","sticky":false,"template":"","format":"standard","meta":{"_acf_changed":false,"jetpack_post_was_ever_published":false,"_jetpack_newsletter_access":"","_jetpack_dont_email_post_to_subs":false,"_jetpack_newsletter_tier_id":0,"_jetpack_memberships_contains_paywalled_content":false,"_jetpack_memberships_contains_paid_content":false,"footnotes":"","jetpack_publicize_message":"","jetpack_publicize_feature_enabled":true,"jetpack_social_post_already_shared":true,"jetpack_social_options":{"image_generator_settings":{"template":"highway","default_image_id":0,"font":"","enabled":false},"version":2}},"categories":[8,3],"tags":[],"class_list":["post-28970","post","type-post","status-publish","format-standard","has-post-thumbnail","hentry","category-knjige","category-novosti"],"acf":{"facebook_opis":""},"jetpack_publicize_connections":[],"jetpack_featured_media_url":"https:\/\/i0.wp.com\/historiografija.hr\/wp-content\/uploads\/2021\/12\/pisma-i-zapisi-iz-zatvora.jpg?fit=400%2C605&ssl=1","jetpack_sharing_enabled":true,"jetpack-related-posts":[],"_links":{"self":[{"href":"https:\/\/historiografija.hr\/index.php?rest_route=\/wp\/v2\/posts\/28970","targetHints":{"allow":["GET"]}}],"collection":[{"href":"https:\/\/historiografija.hr\/index.php?rest_route=\/wp\/v2\/posts"}],"about":[{"href":"https:\/\/historiografija.hr\/index.php?rest_route=\/wp\/v2\/types\/post"}],"author":[{"embeddable":true,"href":"https:\/\/historiografija.hr\/index.php?rest_route=\/wp\/v2\/users\/2"}],"replies":[{"embeddable":true,"href":"https:\/\/historiografija.hr\/index.php?rest_route=%2Fwp%2Fv2%2Fcomments&post=28970"}],"version-history":[{"count":1,"href":"https:\/\/historiografija.hr\/index.php?rest_route=\/wp\/v2\/posts\/28970\/revisions"}],"predecessor-version":[{"id":28972,"href":"https:\/\/historiografija.hr\/index.php?rest_route=\/wp\/v2\/posts\/28970\/revisions\/28972"}],"wp:featuredmedia":[{"embeddable":true,"href":"https:\/\/historiografija.hr\/index.php?rest_route=\/wp\/v2\/media\/28971"}],"wp:attachment":[{"href":"https:\/\/historiografija.hr\/index.php?rest_route=%2Fwp%2Fv2%2Fmedia&parent=28970"}],"wp:term":[{"taxonomy":"category","embeddable":true,"href":"https:\/\/historiografija.hr\/index.php?rest_route=%2Fwp%2Fv2%2Fcategories&post=28970"},{"taxonomy":"post_tag","embeddable":true,"href":"https:\/\/historiografija.hr\/index.php?rest_route=%2Fwp%2Fv2%2Ftags&post=28970"}],"curies":[{"name":"wp","href":"https:\/\/api.w.org\/{rel}","templated":true}]}}