{"id":28964,"date":"2021-12-28T11:06:49","date_gmt":"2021-12-28T11:06:49","guid":{"rendered":"http:\/\/historiografija.hr\/?p=28964"},"modified":"2021-12-28T11:06:49","modified_gmt":"2021-12-28T11:06:49","slug":"shimon-peres-nema-mjesta-za-male-snove-hrabrost-imaginacija-i-stvaranje-modernog-izraela","status":"publish","type":"post","link":"https:\/\/historiografija.hr\/?p=28964","title":{"rendered":"Shimon Peres, \u201cNema mjesta za male snove: Hrabrost, imaginacija i stvaranje modernog Izraela\u201d"},"content":{"rendered":"\n<p>\u00bbNi zbog jednoga od svojih snova ne \u017ealim. Jedino \u017ealim \u0161to nisam vi\u0161e sanjao.\u00ab \u2013 Shimon Peres<\/p>\n\n\n\n<hr class=\"wp-block-separator\"\/>\n\n\n\n<p>Nema mjesta za male snove: Hrabrost, imaginacija i stvaranje modernog Izraela nije obi\u010dna autobiografija ni povijesna knjiga. Rije\u010d je o putokazu za budu\u0107nost namijenjenom prije svega mla\u0111em nara\u0161taju.<\/p>\n\n\n\n<p>U ovome jedinstvenom djelu, svojoj jedinoj autobiografiji, Shimon Peres (1923. \u2013 2016.), dobitnik Nobelove nagrade za mir, politi\u010dar i dr\u017eavnik golema iskustva, pi\u0161e o najva\u017enijim odlukama koje je morao donijeti u \u017eivotu te se prisje\u0107a trenutaka koji su oblikovali njegov \u017eivot i polo\u017eili temelje dr\u017eave Izraela. Shimon Peres pi\u0161e o svojemu doprinosu u izgradnji mlade dr\u017eave te svojoj ulozi u uspostavi izraelskoga nuklearnog programa, ali i o naporima da spasi Izrael od gospodarske propasti te o njegovu pretvaranju u startup naciju. Dakako, pi\u0161e i o svojoj neumornoj potrazi za mirom.<\/p>\n\n\n\n<p>Shimon Peres iskreno pripovijeda o doga\u0111ajima koji su obilje\u017eili desetlje\u0107a povijesti mlade izraelske dr\u017eave podjednako posve\u0107uju\u0107i pozornost onome \u0161to se dogodilo i onome za\u0161to se to dogodilo.<\/p>\n\n\n\n<p>Razmatraju\u0107i sredi\u0161nje trenutke uspona Izraela, Shimon Peres istra\u017euje \u0161to ljude \u010dini velikim vo\u0111ama, kako donositi te\u0161ke odluke u okru\u017eenju nesigurnosti i pogibli, kako se suo\u010diti s izazovom pronala\u017eenja ravnote\u017ee izme\u0111u na\u010dela i politike te kako iskoristiti \u010dudesnu mo\u0107 imaginacije i spontane inovativnosti.<\/p>\n\n\n\n<p>Pritom ne samo da pokazuje put u bolju budu\u0107nost za svoju voljenu zemlju nego i nudi va\u017ena i univerzalna razmi\u0161ljanja korisna mla\u0111im nara\u0161tajima, onima koji \u017eele preuzeti vodstvo u politici i poslovnom svijetu, a osobito onima koji \u017eele biti u slu\u017ebi ostvarenja \u0161ireg cilja \u2013 da na\u0161 planet postane sigurnije, mirnije i pravednije mjesto.<\/p>\n\n\n\n<p>Knjiga je opremljena predgovorom prof. dr. sc. Dragana Primorca Moje prijateljstvo sa Shimonom Persom, pogovorom prof. dr. sc. Mirjane Kasapovi\u0107 Te\u0161ko breme povijesti te fotografijama iz privatnog i profesionalnog \u017eivota Shimona Peresa.<\/p>\n\n\n\n<hr class=\"wp-block-separator\"\/>\n\n\n\n<p>O knjizi:<\/p>\n\n\n\n<p>&#8220;Sebe je smatrao filozofom. Ja sam ga smatrao mentorom i prijateljem. Neki su ga smatrali liderom, a neki politi\u010darom. U mojim je o\u010dima bio i ostao sanjar, no jedan od malobrojnih sanjara kojemu su se gotovo svi snovi ostvarili.&#8221;<\/p>\n\n\n\n<p>prof. dr. sc. Dragan Primorac<\/p>\n\n\n\n<p>&#8220;Shimon Peres bio je div nara\u0161taja utemeljitelja Izraela, neumorni zagovornik mira i vje\u010dni optimist koji je \u017eivio svoj \u017eivot pro\u017eet osje\u0107ajem nade i mogu\u0107nosti. Postao je i moj dragi prijatelj i izvor mudrosti za mnoge. Svi mi mo\u017eemo puno nau\u010diti iz njegove pri\u010de koja sada pripada vje\u010dnosti.&#8221;<\/p>\n\n\n\n<p>Barack Obama, 44. predsjednik Sjedinjenih Ameri\u010dkih Dr\u017eava<\/p>\n\n\n\n<hr class=\"wp-block-separator\"\/>\n\n\n\n<p>S engleskoga preveo Vedran Pavli\u0107<\/p>\n\n\n\n<p>predgovor: prof. dr. sc. Dragan Primorac<\/p>\n\n\n\n<p>pogovor: prof. dr. sc. Mirjana Kasapovi\u0107<\/p>\n\n\n\n<hr class=\"wp-block-separator\"\/>\n\n\n\n<p>Izdava\u010d: \u0160kolska knjiga<\/p>\n\n\n\n<p>Broj stranica: 188<\/p>\n\n\n\n<p>Godina izdanja: 2021<\/p>\n\n\n\n<hr class=\"wp-block-separator\"\/>\n\n\n\n<p>Izvor:<\/p>\n\n\n\n<p><a href=\"https:\/\/shop.skolskaknjiga.hr\/nema-mjesta-za-male-snove-hrabrost-imaginacija-i-stvaranje-modernog-izraela.html\">https:\/\/shop.skolskaknjiga.hr\/nema-mjesta-za-male-snove-hrabrost-imaginacija-i-stvaranje-modernog-izraela.html<\/a><\/p>\n\n\n\n<hr class=\"wp-block-separator\"\/>\n","protected":false},"excerpt":{"rendered":"","protected":false},"author":2,"featured_media":28965,"comment_status":"open","ping_status":"open","sticky":false,"template":"","format":"standard","meta":{"_acf_changed":false,"jetpack_post_was_ever_published":false,"_jetpack_newsletter_access":"","_jetpack_dont_email_post_to_subs":false,"_jetpack_newsletter_tier_id":0,"_jetpack_memberships_contains_paywalled_content":false,"_jetpack_memberships_contains_paid_content":false,"footnotes":"","jetpack_publicize_message":"","jetpack_publicize_feature_enabled":true,"jetpack_social_post_already_shared":true,"jetpack_social_options":{"image_generator_settings":{"template":"highway","default_image_id":0,"font":"","enabled":false},"version":2}},"categories":[8,3],"tags":[],"class_list":["post-28964","post","type-post","status-publish","format-standard","has-post-thumbnail","hentry","category-knjige","category-novosti"],"acf":{"facebook_opis":""},"jetpack_publicize_connections":[],"jetpack_featured_media_url":"https:\/\/i0.wp.com\/historiografija.hr\/wp-content\/uploads\/2021\/12\/Peres.jpg?fit=664%2C1000&ssl=1","jetpack_sharing_enabled":true,"jetpack-related-posts":[],"_links":{"self":[{"href":"https:\/\/historiografija.hr\/index.php?rest_route=\/wp\/v2\/posts\/28964","targetHints":{"allow":["GET"]}}],"collection":[{"href":"https:\/\/historiografija.hr\/index.php?rest_route=\/wp\/v2\/posts"}],"about":[{"href":"https:\/\/historiografija.hr\/index.php?rest_route=\/wp\/v2\/types\/post"}],"author":[{"embeddable":true,"href":"https:\/\/historiografija.hr\/index.php?rest_route=\/wp\/v2\/users\/2"}],"replies":[{"embeddable":true,"href":"https:\/\/historiografija.hr\/index.php?rest_route=%2Fwp%2Fv2%2Fcomments&post=28964"}],"version-history":[{"count":1,"href":"https:\/\/historiografija.hr\/index.php?rest_route=\/wp\/v2\/posts\/28964\/revisions"}],"predecessor-version":[{"id":28966,"href":"https:\/\/historiografija.hr\/index.php?rest_route=\/wp\/v2\/posts\/28964\/revisions\/28966"}],"wp:featuredmedia":[{"embeddable":true,"href":"https:\/\/historiografija.hr\/index.php?rest_route=\/wp\/v2\/media\/28965"}],"wp:attachment":[{"href":"https:\/\/historiografija.hr\/index.php?rest_route=%2Fwp%2Fv2%2Fmedia&parent=28964"}],"wp:term":[{"taxonomy":"category","embeddable":true,"href":"https:\/\/historiografija.hr\/index.php?rest_route=%2Fwp%2Fv2%2Fcategories&post=28964"},{"taxonomy":"post_tag","embeddable":true,"href":"https:\/\/historiografija.hr\/index.php?rest_route=%2Fwp%2Fv2%2Ftags&post=28964"}],"curies":[{"name":"wp","href":"https:\/\/api.w.org\/{rel}","templated":true}]}}