{"id":28961,"date":"2021-12-28T11:03:20","date_gmt":"2021-12-28T11:03:20","guid":{"rendered":"http:\/\/historiografija.hr\/?p=28961"},"modified":"2021-12-28T11:03:20","modified_gmt":"2021-12-28T11:03:20","slug":"dan-morain-na-kamalin-nacin","status":"publish","type":"post","link":"https:\/\/historiografija.hr\/?p=28961","title":{"rendered":"Dan Morain, \u201cNa Kamalin na\u010din\u201d"},"content":{"rendered":"\n<p>Biografija prve \u017eene crnkinje izabrane na potpredsjedni\u010dki polo\u017eaj, s obiljem novih informacija koje nam otkrivaju kako je k\u0107i dvoje imigranata u segregiranoj Kaliforniji postala jedan od najuspje\u0161nijih ameri\u010dkih politi\u010dara.<\/p>\n\n\n\n<p>Malo \u0161to je u vezi s Kamalom Harris uobi\u010dajeno i obi\u010dno, ali njezina osobna pri\u010da istodobno utjelovljuje ono najbolje od Amerike.<\/p>\n\n\n\n<hr class=\"wp-block-separator\"\/>\n\n\n\n<p>Izdava\u010d: 24 sata<\/p>\n\n\n\n<p>Broj stranica: 326<\/p>\n\n\n\n<p>Godina izdanja: 2021<\/p>\n\n\n\n<hr class=\"wp-block-separator\"\/>\n\n\n\n<p>Izvor:<\/p>\n\n\n\n<p><a href=\"https:\/\/shop.skolskaknjiga.hr\/publicistika\/popularna-publicistika\/biografije\/na-kamalin-nacin.html\">https:\/\/shop.skolskaknjiga.hr\/publicistika\/popularna-publicistika\/biografije\/na-kamalin-nacin.html<\/a><\/p>\n\n\n\n<hr class=\"wp-block-separator\"\/>\n","protected":false},"excerpt":{"rendered":"","protected":false},"author":2,"featured_media":28962,"comment_status":"open","ping_status":"open","sticky":false,"template":"","format":"standard","meta":{"_acf_changed":false,"jetpack_post_was_ever_published":false,"_jetpack_newsletter_access":"","_jetpack_dont_email_post_to_subs":false,"_jetpack_newsletter_tier_id":0,"_jetpack_memberships_contains_paywalled_content":false,"_jetpack_memberships_contains_paid_content":false,"footnotes":"","jetpack_publicize_message":"","jetpack_publicize_feature_enabled":true,"jetpack_social_post_already_shared":true,"jetpack_social_options":{"image_generator_settings":{"template":"highway","default_image_id":0,"font":"","enabled":false},"version":2}},"categories":[8,3],"tags":[],"class_list":["post-28961","post","type-post","status-publish","format-standard","has-post-thumbnail","hentry","category-knjige","category-novosti"],"acf":{"facebook_opis":""},"jetpack_publicize_connections":[],"jetpack_featured_media_url":"https:\/\/i0.wp.com\/historiografija.hr\/wp-content\/uploads\/2021\/12\/Kamalin-nacin.jpg?fit=683%2C1000&ssl=1","jetpack_sharing_enabled":true,"jetpack-related-posts":[],"_links":{"self":[{"href":"https:\/\/historiografija.hr\/index.php?rest_route=\/wp\/v2\/posts\/28961","targetHints":{"allow":["GET"]}}],"collection":[{"href":"https:\/\/historiografija.hr\/index.php?rest_route=\/wp\/v2\/posts"}],"about":[{"href":"https:\/\/historiografija.hr\/index.php?rest_route=\/wp\/v2\/types\/post"}],"author":[{"embeddable":true,"href":"https:\/\/historiografija.hr\/index.php?rest_route=\/wp\/v2\/users\/2"}],"replies":[{"embeddable":true,"href":"https:\/\/historiografija.hr\/index.php?rest_route=%2Fwp%2Fv2%2Fcomments&post=28961"}],"version-history":[{"count":1,"href":"https:\/\/historiografija.hr\/index.php?rest_route=\/wp\/v2\/posts\/28961\/revisions"}],"predecessor-version":[{"id":28963,"href":"https:\/\/historiografija.hr\/index.php?rest_route=\/wp\/v2\/posts\/28961\/revisions\/28963"}],"wp:featuredmedia":[{"embeddable":true,"href":"https:\/\/historiografija.hr\/index.php?rest_route=\/wp\/v2\/media\/28962"}],"wp:attachment":[{"href":"https:\/\/historiografija.hr\/index.php?rest_route=%2Fwp%2Fv2%2Fmedia&parent=28961"}],"wp:term":[{"taxonomy":"category","embeddable":true,"href":"https:\/\/historiografija.hr\/index.php?rest_route=%2Fwp%2Fv2%2Fcategories&post=28961"},{"taxonomy":"post_tag","embeddable":true,"href":"https:\/\/historiografija.hr\/index.php?rest_route=%2Fwp%2Fv2%2Ftags&post=28961"}],"curies":[{"name":"wp","href":"https:\/\/api.w.org\/{rel}","templated":true}]}}