{"id":28955,"date":"2021-12-27T11:10:26","date_gmt":"2021-12-27T11:10:26","guid":{"rendered":"http:\/\/historiografija.hr\/?p=28955"},"modified":"2021-12-27T11:10:26","modified_gmt":"2021-12-27T11:10:26","slug":"jacques-le-goff-srednji-vijek-rastumacen-djeci","status":"publish","type":"post","link":"https:\/\/historiografija.hr\/?p=28955","title":{"rendered":"Jacques Le Goff, &#8220;Srednji vijek rastuma\u010den djeci&#8221;"},"content":{"rendered":"\n<p>Od kad do kad je trajao srednji vijek? Tko su bili vitezovi? U kakva su \u010dudesna bi\u0107a vjerovali ljudi u srednjem vijeku? Na ta i mnoga druga pitanja odgovara veliki francuski povjesni\u010dar Jacques Le Goff. Na na\u010din razumljiv i djeci i odraslima, koriste\u0107i pojednostavljen jezik znanosti, Le Goff razbija stereotipe o \u201emra\u010dnome\u201d srednjem\u00a0vijeku te nam otkriva mnoge zanimljivosti toga doba. Ilustrator Ivan Stani\u0161i\u0107 obogatio je Le Goffov tekst prikazima srednjovjekovnih ljudi, zamaka, katedrala, \u010dudesnih bi\u0107a\u2026 Kako bi se \u010ditatelji upoznali i s doma\u0107im prilikama u tom povijesnom razdoblju, ovo je izdanje dopu\u00adnjeno tekstom o hrvatskom srednjovjekovlju iz pera prof. Nevena Budaka.<\/p>\n\n\n\n<hr class=\"wp-block-separator\"\/>\n\n\n\n<p>Autor\/ica: Jacques Le Goff<\/p>\n\n\n\n<p>Ilustracije: Ivan Stani\u0161i\u0107<\/p>\n\n\n\n<p>Prijevod: Sanja Lovren\u010di\u0107<\/p>\n\n\n\n<p>Uredni\u0161tvo: Marko Radelji\u0107<\/p>\n\n\n\n<p>Grafi\u010dko oblikovanje: Zrinka Horvat<\/p>\n\n\n\n<p>Autor dodatka: Neven Budak<\/p>\n\n\n\n<p>Broj stranica: 154<\/p>\n\n\n\n<p>Godina izdanja: 2021.<\/p>\n\n\n\n<hr class=\"wp-block-separator\"\/>\n\n\n\n<p>Prolistajte:<\/p>\n\n\n\n<figure class=\"wp-block-embed-wordpress wp-block-embed is-type-wp-embed is-provider-mala-zvona\"><div class=\"wp-block-embed__wrapper\">\n<blockquote class=\"wp-embedded-content\" data-secret=\"rFJaSzN8OT\"><a href=\"https:\/\/www.mala-zvona.hr\/product\/srednji-vijek-rastumacen-djeci\/\">Srednji vijek rastuma\u010den djeci<\/a><\/blockquote><iframe loading=\"lazy\" class=\"wp-embedded-content\" sandbox=\"allow-scripts\" security=\"restricted\" style=\"position: absolute; clip: rect(1px, 1px, 1px, 1px);\" title=\"&#8220;Srednji vijek rastuma\u010den djeci&#8221; &#8212; Mala Zvona\" src=\"https:\/\/www.mala-zvona.hr\/product\/srednji-vijek-rastumacen-djeci\/embed\/#?secret=rFJaSzN8OT\" data-secret=\"rFJaSzN8OT\" width=\"600\" height=\"338\" frameborder=\"0\" marginwidth=\"0\" marginheight=\"0\" scrolling=\"no\"><\/iframe>\n<\/div><\/figure>\n\n\n\n<hr class=\"wp-block-separator\"\/>\n","protected":false},"excerpt":{"rendered":"","protected":false},"author":2,"featured_media":28956,"comment_status":"open","ping_status":"open","sticky":false,"template":"","format":"standard","meta":{"_acf_changed":false,"jetpack_post_was_ever_published":false,"_jetpack_newsletter_access":"","_jetpack_dont_email_post_to_subs":false,"_jetpack_newsletter_tier_id":0,"_jetpack_memberships_contains_paywalled_content":false,"_jetpack_memberships_contains_paid_content":false,"footnotes":"","jetpack_publicize_message":"","jetpack_publicize_feature_enabled":true,"jetpack_social_post_already_shared":true,"jetpack_social_options":{"image_generator_settings":{"template":"highway","default_image_id":0,"font":"","enabled":false},"version":2}},"categories":[8,3],"tags":[],"class_list":["post-28955","post","type-post","status-publish","format-standard","has-post-thumbnail","hentry","category-knjige","category-novosti"],"acf":{"facebook_opis":""},"jetpack_publicize_connections":[],"jetpack_featured_media_url":"https:\/\/i0.wp.com\/historiografija.hr\/wp-content\/uploads\/2021\/12\/srednji-vijek-rastumacen-djeci.png?fit=570%2C678&ssl=1","jetpack_sharing_enabled":true,"jetpack-related-posts":[],"_links":{"self":[{"href":"https:\/\/historiografija.hr\/index.php?rest_route=\/wp\/v2\/posts\/28955","targetHints":{"allow":["GET"]}}],"collection":[{"href":"https:\/\/historiografija.hr\/index.php?rest_route=\/wp\/v2\/posts"}],"about":[{"href":"https:\/\/historiografija.hr\/index.php?rest_route=\/wp\/v2\/types\/post"}],"author":[{"embeddable":true,"href":"https:\/\/historiografija.hr\/index.php?rest_route=\/wp\/v2\/users\/2"}],"replies":[{"embeddable":true,"href":"https:\/\/historiografija.hr\/index.php?rest_route=%2Fwp%2Fv2%2Fcomments&post=28955"}],"version-history":[{"count":1,"href":"https:\/\/historiografija.hr\/index.php?rest_route=\/wp\/v2\/posts\/28955\/revisions"}],"predecessor-version":[{"id":28957,"href":"https:\/\/historiografija.hr\/index.php?rest_route=\/wp\/v2\/posts\/28955\/revisions\/28957"}],"wp:featuredmedia":[{"embeddable":true,"href":"https:\/\/historiografija.hr\/index.php?rest_route=\/wp\/v2\/media\/28956"}],"wp:attachment":[{"href":"https:\/\/historiografija.hr\/index.php?rest_route=%2Fwp%2Fv2%2Fmedia&parent=28955"}],"wp:term":[{"taxonomy":"category","embeddable":true,"href":"https:\/\/historiografija.hr\/index.php?rest_route=%2Fwp%2Fv2%2Fcategories&post=28955"},{"taxonomy":"post_tag","embeddable":true,"href":"https:\/\/historiografija.hr\/index.php?rest_route=%2Fwp%2Fv2%2Ftags&post=28955"}],"curies":[{"name":"wp","href":"https:\/\/api.w.org\/{rel}","templated":true}]}}