{"id":28928,"date":"2021-12-24T15:47:36","date_gmt":"2021-12-24T15:47:36","guid":{"rendered":"http:\/\/historiografija.hr\/?p=28928"},"modified":"2021-12-24T15:47:36","modified_gmt":"2021-12-24T15:47:36","slug":"dusko-cizmic-marovic-prilozi-za-portret-moje-generacije","status":"publish","type":"post","link":"https:\/\/historiografija.hr\/?p=28928","title":{"rendered":"Du\u0161ko \u010cizmi\u0107 Marovi\u0107, &#8220;Prilozi za portret moje generacije\u201d"},"content":{"rendered":"\n<p>Ovom knjigom publicist Du\u0161ko \u010cizmi\u0107-Marovi\u0107 nudi publicisti\u010dki efektnu i sugestivnu sliku generacije sna\u017enih osobnosti koja se oblikovala u studentskome politi\u010dkome i publicisti\u010dkom aktivizmu od 1969. do 1971. godine. Serijom portreta odabranih glavnih likova svoje generacije, koja je objavljena u prolje\u0107e 2001. u <em>Jutarnjem listu<\/em>, te nizom kolumni u <em>Slobodnoj Dalmaciji<\/em> u prvoj polovici 2000-tih, autor se s uvjerenjem da je s \u201cdva ili tri odabrana portreta mogu\u0107e prikazati \u010ditavo jedno razdoblje sa svim njegovim proturje\u010dnim tendencama\u201d upustio u \u201carheolo\u0161ko istra\u017eivanje\u201d vrijednosnog \u201c\u010di\u0161\u0107enja hrvatskog sje\u0107anja\u201d.<\/p>\n\n\n\n<p>Rije\u010d je o generaciji \u010diji se specifi\u010dni kolektivni identitet formira i u\u010dvr\u0161\u0107uje u iskustvu studentske pobune 1968, u kriti\u010dkom su\u010deljavanju s tim iskustvom u Savezu studenata Zagreba i Hrvatske 1969-1970. odnosno u <em>Studentskom listu <\/em>te u \u201cpokretu hrvatskih sveu\u010dili\u0161taraca\u201d 1971. I sam aktivan i istaknuti sudionik, autor poku\u0161ava objektivno predo\u010diti osnovne motive, postavke i postupke aktera, odlu\u010div\u0161i pritom \u201co svima pisati pozitivno\u201d. Takav mu je pristup omogu\u0107io da shvati zna\u010daj pobune i osjeti te\u017einu stradanja svojih nekada\u0161njih protivnika (D. Budi\u0161e, I.-Z. \u010ci\u010dka, A. Parad\u017eika, A. \u017du\u017eula i D. Petri\u0107a), a zauzvrat je i \u201cnjegov\u201d dio generacije (u portretima S. Langa, D. Strpi\u0107a, \u017d. Puhovskog, D. Lalovi\u0107a) \u201czasvijetlio punim svojim zna\u010dajem\u201d.<\/p>\n\n\n\n<p>Projekt je ostao nedovr\u0161en. Autor se suo\u010dio s te\u0161ko premostivim pote\u0161ko\u0107ama kada je shvatio kako je zada\u0107a do\u010daravanja \u201c\u010ditavoga jednog razdoblja\u201d posredstvom predstavljanja sredi\u0161njih likova svoje generacije tek pola posla, a da onaj te\u017ei dio podrazumijeva da se i sami likovi poku\u0161aju primjereno razumjeti iz cjeline povijesnog konteksta u kojemu su \u017eivjeli i djelovali. To je nadoknadio prijatelj mu, politolog Dragutin Lalovi\u0107, podastrv\u0161i svojim opse\u017enim pogovorom dragocjen prilog cjelovitom i kriti\u010dkom razumijevanju hrvatske suvremene povijesti.<\/p>\n\n\n\n<hr class=\"wp-block-separator\"\/>\n\n\n\n<p><strong>Du\u0161ko \u010cizmi\u0107 Marovi\u0107<\/strong> ro\u0111en je 1946. godine u Mravincima kraj Splita. Zavr\u0161io je klasi\u010dnu gimnaziju u Splitu (1964), potom studirao filozofiju i latinski na Filozofskom fakultetu u Zagrebu. Bio je studentski aktivist i publicist (Predsjedni\u0161tvo Saveza studenata Zagreba 1970-1971, glavni i odgovorni urednik <em>Studentskog lista<\/em> 1972-1973), politi\u010dki radnik u Op\u0107inskom komitetu SKH Split, suradnik Marksisti\u010dkog centra u Splitu i redaktor u \u010dasopisu <em>Pogledi<\/em> (1978-1981), direktor splitskoga izdava\u010dkog poduze\u0107a \u201cLogos\u201d (1981-1983), no\u0107ni \u010duvar u prodavaonici namje\u0161taja (1983-1988), diplomirani filozof (diplomirao u Beogradu 1988), povremeni sveu\u010dili\u0161ni predava\u010d, profesionalni ribar (1990-1996), fizi\u010dki radnik (1996-1998), suradnik Pu\u010dkog otvorenog u\u010dili\u0161ta u Splitu (1998-1999), kolumnist (redovni: 2000-2007; povremeni do 2013), pokreta\u010d i urednik sveu\u010dili\u0161nih listova <em>Universitas<\/em> (2009-2016) i <em>Hrvatska sveu\u010dili\u0161ta<\/em> (2017-2020). Umro je u Zagrebu 2020. godine.<\/p>\n\n\n\n<hr class=\"wp-block-separator\"\/>\n\n\n\n<p><strong>Izdava\u010d<\/strong>: Disput<\/p>\n\n\n\n<p><strong>Godina izdanja:<\/strong> 2021<\/p>\n\n\n\n<p><strong>Broj stranica:<\/strong> 304<\/p>\n\n\n\n<hr class=\"wp-block-separator\"\/>\n\n\n\n<p>Prelistaj po\u010detak knjige:<\/p>\n\n\n\n<figure class=\"wp-block-embed-wordpress wp-block-embed is-type-wp-embed is-provider-disput\"><div class=\"wp-block-embed__wrapper\">\n<blockquote class=\"wp-embedded-content\" data-secret=\"KX9FW1rq73\"><a href=\"https:\/\/disput.hr\/shop\/prilozi-za-portret-moje-generacije\/\">PRILOZI ZA PORTRET MOJE GENERACIJE<\/a><\/blockquote><iframe loading=\"lazy\" class=\"wp-embedded-content\" sandbox=\"allow-scripts\" security=\"restricted\" style=\"position: absolute; clip: rect(1px, 1px, 1px, 1px);\" title=\"&#8220;PRILOZI ZA PORTRET MOJE GENERACIJE&#8221; &#8212; Disput\" src=\"https:\/\/disput.hr\/shop\/prilozi-za-portret-moje-generacije\/embed\/#?secret=KX9FW1rq73\" data-secret=\"KX9FW1rq73\" width=\"600\" height=\"338\" frameborder=\"0\" marginwidth=\"0\" marginheight=\"0\" scrolling=\"no\"><\/iframe>\n<\/div><\/figure>\n\n\n\n<hr class=\"wp-block-separator\"\/>\n","protected":false},"excerpt":{"rendered":"","protected":false},"author":2,"featured_media":28929,"comment_status":"open","ping_status":"open","sticky":false,"template":"","format":"standard","meta":{"_acf_changed":false,"jetpack_post_was_ever_published":false,"_jetpack_newsletter_access":"","_jetpack_dont_email_post_to_subs":false,"_jetpack_newsletter_tier_id":0,"_jetpack_memberships_contains_paywalled_content":false,"_jetpack_memberships_contains_paid_content":false,"footnotes":"","jetpack_publicize_message":"","jetpack_publicize_feature_enabled":true,"jetpack_social_post_already_shared":true,"jetpack_social_options":{"image_generator_settings":{"template":"highway","default_image_id":0,"font":"","enabled":false},"version":2}},"categories":[8,3],"tags":[],"class_list":["post-28928","post","type-post","status-publish","format-standard","has-post-thumbnail","hentry","category-knjige","category-novosti"],"acf":{"facebook_opis":""},"jetpack_publicize_connections":[],"jetpack_featured_media_url":"https:\/\/i0.wp.com\/historiografija.hr\/wp-content\/uploads\/2021\/12\/Prilozi-za-portret-moje-generacije.jpg?fit=500%2C792&ssl=1","jetpack_sharing_enabled":true,"jetpack-related-posts":[],"_links":{"self":[{"href":"https:\/\/historiografija.hr\/index.php?rest_route=\/wp\/v2\/posts\/28928","targetHints":{"allow":["GET"]}}],"collection":[{"href":"https:\/\/historiografija.hr\/index.php?rest_route=\/wp\/v2\/posts"}],"about":[{"href":"https:\/\/historiografija.hr\/index.php?rest_route=\/wp\/v2\/types\/post"}],"author":[{"embeddable":true,"href":"https:\/\/historiografija.hr\/index.php?rest_route=\/wp\/v2\/users\/2"}],"replies":[{"embeddable":true,"href":"https:\/\/historiografija.hr\/index.php?rest_route=%2Fwp%2Fv2%2Fcomments&post=28928"}],"version-history":[{"count":1,"href":"https:\/\/historiografija.hr\/index.php?rest_route=\/wp\/v2\/posts\/28928\/revisions"}],"predecessor-version":[{"id":28930,"href":"https:\/\/historiografija.hr\/index.php?rest_route=\/wp\/v2\/posts\/28928\/revisions\/28930"}],"wp:featuredmedia":[{"embeddable":true,"href":"https:\/\/historiografija.hr\/index.php?rest_route=\/wp\/v2\/media\/28929"}],"wp:attachment":[{"href":"https:\/\/historiografija.hr\/index.php?rest_route=%2Fwp%2Fv2%2Fmedia&parent=28928"}],"wp:term":[{"taxonomy":"category","embeddable":true,"href":"https:\/\/historiografija.hr\/index.php?rest_route=%2Fwp%2Fv2%2Fcategories&post=28928"},{"taxonomy":"post_tag","embeddable":true,"href":"https:\/\/historiografija.hr\/index.php?rest_route=%2Fwp%2Fv2%2Ftags&post=28928"}],"curies":[{"name":"wp","href":"https:\/\/api.w.org\/{rel}","templated":true}]}}