{"id":28922,"date":"2021-12-24T15:32:23","date_gmt":"2021-12-24T15:32:23","guid":{"rendered":"http:\/\/historiografija.hr\/?p=28922"},"modified":"2021-12-24T15:34:05","modified_gmt":"2021-12-24T15:34:05","slug":"virtualna-izlozba-benkovacki-kraj-na-katastarskim-mapama-18-i-19-stoljeca","status":"publish","type":"post","link":"https:\/\/historiografija.hr\/?p=28922","title":{"rendered":"Virtualna izlo\u017eba &#8216;Benkova\u010dki kraj na katastarskim mapama 18. i 19 stolje\u0107a&#8217;"},"content":{"rendered":"\n<p>Zavi\u010dajni muzej Benkovac na svojoj slu\u017ebenoj i Facebook stranici&nbsp;predstavlja novu virtualnu izlo\u017ebu &#8216;Benkova\u010dki kraj na katastarskim mapama 18. i 19 stolje\u0107a&#8217;.<\/p>\n\n\n\n<p>Iz Muzeja poru\u010duju:<br>\u00a0<br>Gra\u0111evinski radovi na projektu \u201eRevitalizacija i ure\u0111enje Zavi\u010dajnog muzeja Benkovac\u201c i aktualna pandemija Covid-19 primorali su nas kao i ostale muzeje da svoje aktivnosti i izlo\u017ebe preselimo u virtualni svijet. Izlo\u017eba \u201eBenkova\u010dki kraj na katastarskim mapama 18. i 19 stolje\u0107a\u201c prva je virtualna izlo\u017eba Zavi\u010dajnog muzeja Benkovac. Autor izlo\u017ebe i kustos Zavi\u010dajnog muzeja Benkovac Mate \u0106urkovi\u0107 donosi nam prikaze grada Benkovca i njegovih naselja kroz katastarske mape Mleta\u010dke Republike iz 18. stolje\u0107a i Habsbur\u0161ke Monarhije iz 19. stolje\u0107a.<br><br>Otvaranje izlo\u017ebe za posjetitelje, predavanje i prezentacija na\u017ealost \u0107e pri\u010dekati zavr\u0161etak gra\u0111evinskih radova i smirivanje epidemiolo\u0161kih mjera ili ono \u010demu se najvi\u0161e nadamo i strpljivo \u010dekamo, a to je kraj pandemije.<br>\u00a0<br><a href=\"https:\/\/muzej-benkovac.hr\/novost\/izlozba-benkovacki-kraj-na-katastarskim-mapama-18-i-19-stoljeca\">Izlo\u017eba &#8220;Benkova\u010dki kraj na katastarskim mapama 18. i 19 stolje\u0107a&#8221; | Zavi\u010dajni muzej Benkovac (muzej-benkovac.hr)<\/a><br><br><a href=\"https:\/\/www.facebook.com\/MuzejBenkovac\">Zavi\u010dajni muzej Benkovac &#8211; Home | Facebook<\/a><\/p>\n\n\n\n<hr class=\"wp-block-separator\"\/>\n\n\n\n<p>Izvor:<\/p>\n\n\n\n<p><a href=\"https:\/\/www.culturenet.hr\/hr\/virtualna-izlozba-benkovacki-kraj-na-katastarskim-mapama-18-i-19-stoljeca\/174768\">https:\/\/www.culturenet.hr\/hr\/virtualna-izlozba-benkovacki-kraj-na-katastarskim-mapama-18-i-19-stoljeca\/174768<\/a><\/p>\n\n\n\n<hr class=\"wp-block-separator\"\/>\n","protected":false},"excerpt":{"rendered":"","protected":false},"author":2,"featured_media":28923,"comment_status":"open","ping_status":"open","sticky":false,"template":"","format":"standard","meta":{"_acf_changed":false,"jetpack_post_was_ever_published":false,"_jetpack_newsletter_access":"","_jetpack_dont_email_post_to_subs":false,"_jetpack_newsletter_tier_id":0,"_jetpack_memberships_contains_paywalled_content":false,"_jetpack_memberships_contains_paid_content":false,"footnotes":"","jetpack_publicize_message":"","jetpack_publicize_feature_enabled":true,"jetpack_social_post_already_shared":true,"jetpack_social_options":{"image_generator_settings":{"template":"highway","default_image_id":0,"font":"","enabled":false},"version":2}},"categories":[10,3],"tags":[],"class_list":["post-28922","post","type-post","status-publish","format-standard","has-post-thumbnail","hentry","category-izlozbe","category-novosti"],"acf":{"facebook_opis":""},"jetpack_publicize_connections":[],"jetpack_featured_media_url":"https:\/\/i0.wp.com\/historiografija.hr\/wp-content\/uploads\/2021\/12\/benkovac.jpg?fit=750%2C500&ssl=1","jetpack_sharing_enabled":true,"jetpack-related-posts":[],"_links":{"self":[{"href":"https:\/\/historiografija.hr\/index.php?rest_route=\/wp\/v2\/posts\/28922","targetHints":{"allow":["GET"]}}],"collection":[{"href":"https:\/\/historiografija.hr\/index.php?rest_route=\/wp\/v2\/posts"}],"about":[{"href":"https:\/\/historiografija.hr\/index.php?rest_route=\/wp\/v2\/types\/post"}],"author":[{"embeddable":true,"href":"https:\/\/historiografija.hr\/index.php?rest_route=\/wp\/v2\/users\/2"}],"replies":[{"embeddable":true,"href":"https:\/\/historiografija.hr\/index.php?rest_route=%2Fwp%2Fv2%2Fcomments&post=28922"}],"version-history":[{"count":1,"href":"https:\/\/historiografija.hr\/index.php?rest_route=\/wp\/v2\/posts\/28922\/revisions"}],"predecessor-version":[{"id":28924,"href":"https:\/\/historiografija.hr\/index.php?rest_route=\/wp\/v2\/posts\/28922\/revisions\/28924"}],"wp:featuredmedia":[{"embeddable":true,"href":"https:\/\/historiografija.hr\/index.php?rest_route=\/wp\/v2\/media\/28923"}],"wp:attachment":[{"href":"https:\/\/historiografija.hr\/index.php?rest_route=%2Fwp%2Fv2%2Fmedia&parent=28922"}],"wp:term":[{"taxonomy":"category","embeddable":true,"href":"https:\/\/historiografija.hr\/index.php?rest_route=%2Fwp%2Fv2%2Fcategories&post=28922"},{"taxonomy":"post_tag","embeddable":true,"href":"https:\/\/historiografija.hr\/index.php?rest_route=%2Fwp%2Fv2%2Ftags&post=28922"}],"curies":[{"name":"wp","href":"https:\/\/api.w.org\/{rel}","templated":true}]}}