{"id":28899,"date":"2021-12-22T20:38:57","date_gmt":"2021-12-22T20:38:57","guid":{"rendered":"http:\/\/historiografija.hr\/?p=28899"},"modified":"2021-12-22T20:38:57","modified_gmt":"2021-12-22T20:38:57","slug":"modernizam-za-sve-60-godina-zgrade-puckog-otvorenog-ucilista-zagreb-1961-2021-bernardi-100","status":"publish","type":"post","link":"https:\/\/historiografija.hr\/?p=28899","title":{"rendered":"Modernizam za sve! 60 godina zgrade Pu\u010dkog otvorenog u\u010dili\u0161ta Zagreb 1961.-2021. Bernardi 100"},"content":{"rendered":"\n<p>Znanstveno-stru\u010dni skup u povodu stote obljetnice ro\u0111enja Bernarda Bernardija (1921.\u20131985.) odr\u017eat \u0107e se 23. prosinca 2021. godine s po\u010detkom u 18:00 sati u Maloj dvorani POUZ (Ulica grada Vukovara 68).<\/p>\n\n\n\n<p>&#8211;<br>U sklopu me\u0111uinstitucionalnog programa MODERNIZAM ZA SVE! u organizaciji Pu\u010dkog otvorenog u\u010dili\u0161ta Zagreb, te u suradnji s Hrvatskim muzejom arhitekture HAZU i Institutom za povijest umjetnosti u Zagrebu, organiziran je znanstveno-stru\u010dni skup u povodu stote obljetnice ro\u0111enja Bernarda Bernardija (1921.\u20131985.), arhitekta i klasika hrvatskoga modernog dizajna. Kao suosniva\u010d umjetni\u010dke skupine EXAT 51, Bernardi je trajno zagovarao implementaciju avangardne misli o sintezi svih umjetnosti u prostorima stambenih i javnih interijera. Obilje\u017eja opusa, u znaku dinami\u010dke ravnote\u017ee izme\u0111u silnica dvaju europskih moderniteta \u2013 konstruktivnog i organskog, skladno pro\u017eimaju ambijentalne cjeline niza nagra\u0111enih interijera. Po\u010dev\u0161i od osnivanja Centra za industrijsko oblikovanje i stalnog \u010dlanstva u Radnoj grupi za profesionalnu praksu ICSID-a, do predsjedanja novoosnovanim Dru\u0161tvom dizajnera Hrvatske (danas: HDD) i promicanja uspostave visoko\u0161kolskog zagreba\u010dkog modela, Bernardi je neumorno zagovarao uspostavu nove struke i profesije dizajna u Hrvatskoj. Nastavno njegovu aktivisti\u010dkom djelovanju, ovim se skupom predstavlja niz relevantnih, aktualnih projekata \u2013 realiziranih, planiranih, kao i onih u radnom procesu \u2013 koji u svojoj strukturi sadr\u017ee motivacije, interpretacije ili poticaje imanentne Bernardijevu opusu ili javnom strukovnom radu. Na taj na\u010din, skup ima za cilj ukazati na ulogu dizajnerske ba\u0161tine modernizma kao nezaobilaznog elementa u procesu strukturiranja kulturne memorije, razvoja svijesti o vlastitim vrijednostima i u kona\u010dnici uspostave pro\u0161irenog kulturnog identiteta u europskom kontekstu.<\/p>\n\n\n\n<p>Skup moderira dr. sc. Iva Ceraj.<\/p>\n\n\n\n<p><a href=\"https:\/\/www.ipu.hr\/content\/info\/Bernardi-100_program_2021-12-23.pdf\"><strong>PROGRAM<\/strong><\/a> (pdf)<\/p>\n\n\n\n<p>POZDRAVNE RIJE\u010cI<\/p>\n\n\n\n<p>18:00<br><strong>Ivan \u0160utalo, dipl. ing.<\/strong><br>ravnatelj Pu\u010dkog otvorenog u\u010dili\u0161ta Zagreb<\/p>\n\n\n\n<p><strong>izv. prof. dr. sc. Borka Bobovec<\/strong><br>upraviteljica Hrvatskog muzeja arhitekture HAZU<\/p>\n\n\n\n<p>IZLAGANJA<\/p>\n\n\n\n<p>18:10<br><strong>dr. sc. Iva Ceraj, znanstvena suradnica i vi\u0161a kustosica<\/strong><br>Hrvatski muzej arhitekture HAZU u Zagrebu<br><em>Tillykke Bernardi! Od SAS hotela u Kopenhagenu do Radni\u010dkog sveu\u010dili\u0161ta u Zagrebu<\/em><\/p>\n\n\n\n<p>18:30<br><strong>dr. sc. Vanja Brdar Mustapi\u0107, muzejska savjetnica, voditeljica Zbirke namje\u0161taja i Zbirke varia<\/strong><br>Muzej za umjetnost i obrt u Zagrebu<br><em>O demokrati\u010dnosti dizajna \u2013 namje\u0161taj Bernarda Bernardija iz fundusa Muzeja za umjetnost i obrt u Zagrebu<\/em><\/p>\n\n\n\n<p>18:50<br><strong>izv. prof. dr. sc. Lovorka Maga\u0161 Biland\u017ei\u0107<\/strong><br>Odsjek za povijest umjetnosti<br>Filozofski fakultet Sveu\u010dili\u0161ta u Zagrebu<\/p>\n\n\n\n<p><strong>Patricia Po\u010dani\u0107, asist.<\/strong><br>Odsjek za povijest umjetnosti<br>Filozofski fakultet Sveu\u010dili\u0161ta u Zagrebu<br><em>\u201eNovom \u017eivotnom sadr\u017eaju odgovara novi \u017eivotni paysage\u201c \u2013 Bernardo Bernardi i Studio za industrijsko oblikovanje<\/em><\/p>\n\n\n\n<p>19:10<br><strong>Vesna Me\u0161tri\u0107, vi\u0161a kustosica, voditeljica Zbirke Richter i Zbirke Marie Luise Betlheim<\/strong><br>Muzej suvremene umjetnosti u Zagrebu<br><em>Bauhaus kao obrazovni model: jesmo li prihvatili ovaj izazov?<\/em><\/p>\n\n\n\n<p>19:30<br><strong>izv. prof. dr. sc. Danijela Domljan, mag. dizajna<\/strong><br>Zavod za namje\u0161taj i drvo u graditeljstvu<br>Fakultet \u0161umarstva i drvne tehnologije Sveu\u010dili\u0161ta u Zagrebu<br><em>\u201ePet minuta do dvanaest: vrijeme je za odluku\u201c \u2013 ususret ponovnom bu\u0111enju suradnje Bernarda Bernardija i tvornice Tvin<\/em><\/p>\n\n\n\n<p>ZAVR\u0160NE RIJE\u010cI<\/p>\n\n\n\n<p>19:50<br><strong>Ana Majuri\u0107, prof.<\/strong><br>Pu\u010dko otvoreno u\u010dili\u0161te Zagreb<\/p>\n\n\n\n<p><strong>Uta Bernardi, industrijska dizajnerica, k\u0107erka Bernarda Bernardija<\/strong><br>Firenza<br><em>Navigare necesse est \u2013 nekoliko rije\u010di zahvale za kraj<\/em><\/p>\n\n\n\n<p>STRU\u010cNO VODSTVO<\/p>\n\n\n\n<p>20:00<br><strong>dipl. ing. arh. Ivana Hani\u010dar Buljan, stru\u010dna savjetnica i pomo\u0107nica ravnateljice<\/strong><br>Institut za povijest umjetnosti u Zagrebu<br><em>Obilazak radnih prostorija Instituta za povijest umjetnosti u Zagrebu \u2013 pisati i istra\u017eivati u ambijentu Bernardijevog mobilijara<\/em><\/p>\n\n\n\n<p><em>&#8211;<\/em><br><strong>POVEZNICA ZA PRA\u0106ENJE SKUPA PUTEM ZOOM PLATFORME:<\/strong><\/p>\n\n\n\n<p><strong><a rel=\"noreferrer noopener\" href=\"https:\/\/us02web.zoom.us\/j\/82903148036?pwd=QmJDNVpIS3MrZjlJL3U5S2JxaTdBUT09\" target=\"_blank\">https:\/\/us02web.zoom.us\/j\/82903148036?pwd=QmJDNVpIS3MrZjlJL3U5S2JxaTdBUT09<\/a><\/strong><br><\/p>\n\n\n\n<p>Meeting ID: 829 0314 8036. Passcode: 371611<\/p>\n\n\n\n<p>&#8211;<br>Skup se odr\u017eava sukladno Preporukama za sprje\u010davanje zaraze bole\u0161\u0107u COVID-19, izdanim od Hrvatskog zavoda za javno zdravstvo. Stoga je ulaz u Malu dvoranu mogu\u0107 uz predo\u010denje Covid potvrde ili va\u017ee\u0107eg negativnog testa, te obaveznog kori\u0161tenja maske. Raspored sjedenja u auditoriju bit \u0107e na propisanoj udaljenosti, zbog \u010dega je broj osoba koje skup prate u\u017eivo ograni\u010den na 40, te molimo prethodnu najavu na mail: <a href=\"mailto:kultura@pou.hr\">kultura@pou.hr<\/a> radi rezervacije mjesta. Zahvaljujemo!<\/p>\n\n\n\n<p>&#8211;<br>Skup se odr\u017eava u organizaciji Pu\u010dkog otvorenog u\u010dili\u0161ta Zagreb, Hrvatskog muzeja arhitekture HAZU i Instituta za povijest umjetnosti. Program je realiziran uz potporu Ministarstva kulture i medija RH.<\/p>\n\n\n\n<hr class=\"wp-block-separator\"\/>\n\n\n\n<p>Izvor:<\/p>\n\n\n\n<p><a href=\"https:\/\/www.ipu.hr\/article\/hr\/1158\/bernardi-100\">https:\/\/www.ipu.hr\/article\/hr\/1158\/bernardi-100<\/a><\/p>\n\n\n\n<hr class=\"wp-block-separator\"\/>\n","protected":false},"excerpt":{"rendered":"","protected":false},"author":2,"featured_media":28900,"comment_status":"open","ping_status":"open","sticky":false,"template":"","format":"standard","meta":{"_acf_changed":false,"jetpack_post_was_ever_published":false,"_jetpack_newsletter_access":"","_jetpack_dont_email_post_to_subs":false,"_jetpack_newsletter_tier_id":0,"_jetpack_memberships_contains_paywalled_content":false,"_jetpack_memberships_contains_paid_content":false,"footnotes":"","jetpack_publicize_message":"","jetpack_publicize_feature_enabled":true,"jetpack_social_post_already_shared":true,"jetpack_social_options":{"image_generator_settings":{"template":"highway","default_image_id":0,"font":"","enabled":false},"version":2}},"categories":[3,9],"tags":[],"class_list":["post-28899","post","type-post","status-publish","format-standard","has-post-thumbnail","hentry","category-novosti","category-skupovi"],"acf":{"facebook_opis":""},"jetpack_publicize_connections":[],"jetpack_featured_media_url":"https:\/\/i0.wp.com\/historiografija.hr\/wp-content\/uploads\/2021\/12\/bernardi-100.jpg?fit=442%2C252&ssl=1","jetpack_sharing_enabled":true,"jetpack-related-posts":[],"_links":{"self":[{"href":"https:\/\/historiografija.hr\/index.php?rest_route=\/wp\/v2\/posts\/28899","targetHints":{"allow":["GET"]}}],"collection":[{"href":"https:\/\/historiografija.hr\/index.php?rest_route=\/wp\/v2\/posts"}],"about":[{"href":"https:\/\/historiografija.hr\/index.php?rest_route=\/wp\/v2\/types\/post"}],"author":[{"embeddable":true,"href":"https:\/\/historiografija.hr\/index.php?rest_route=\/wp\/v2\/users\/2"}],"replies":[{"embeddable":true,"href":"https:\/\/historiografija.hr\/index.php?rest_route=%2Fwp%2Fv2%2Fcomments&post=28899"}],"version-history":[{"count":1,"href":"https:\/\/historiografija.hr\/index.php?rest_route=\/wp\/v2\/posts\/28899\/revisions"}],"predecessor-version":[{"id":28901,"href":"https:\/\/historiografija.hr\/index.php?rest_route=\/wp\/v2\/posts\/28899\/revisions\/28901"}],"wp:featuredmedia":[{"embeddable":true,"href":"https:\/\/historiografija.hr\/index.php?rest_route=\/wp\/v2\/media\/28900"}],"wp:attachment":[{"href":"https:\/\/historiografija.hr\/index.php?rest_route=%2Fwp%2Fv2%2Fmedia&parent=28899"}],"wp:term":[{"taxonomy":"category","embeddable":true,"href":"https:\/\/historiografija.hr\/index.php?rest_route=%2Fwp%2Fv2%2Fcategories&post=28899"},{"taxonomy":"post_tag","embeddable":true,"href":"https:\/\/historiografija.hr\/index.php?rest_route=%2Fwp%2Fv2%2Ftags&post=28899"}],"curies":[{"name":"wp","href":"https:\/\/api.w.org\/{rel}","templated":true}]}}