{"id":28895,"date":"2021-12-22T20:18:47","date_gmt":"2021-12-22T20:18:47","guid":{"rendered":"http:\/\/historiografija.hr\/?p=28895"},"modified":"2021-12-22T20:18:47","modified_gmt":"2021-12-22T20:18:47","slug":"natjecaj-za-dodjelu-stipendija-vlade-madarske-u-akademskoj-godini-2022-2023","status":"publish","type":"post","link":"https:\/\/historiografija.hr\/?p=28895","title":{"rendered":"Natje\u010daj za dodjelu stipendija Vlade Ma\u0111arske u akademskoj godini 2022.\/2023."},"content":{"rendered":"\n<p>Ministarstvo znanosti i obrazovanja Republike Hrvatske i Agencija za mobilnost i programe Europske unije, u suradnji s ma\u0111arskom zakladom Tempus Public Foundation, pozivaju na podno\u0161enje prijava za stipendije Vlade Ma\u0111arske u akademskoj godini 2022.\/2023.<\/p>\n\n\n\n<p>U okviru ovog poziva te hrvatsko-ma\u0111arske bilateralne suradnje, hrvatskim dr\u017eavljanima ponu\u0111ene su sljede\u0107e vrste stipendija:<br>&nbsp;<\/p>\n\n\n\n<ul class=\"wp-block-list\"><li><strong>1. stipendije za semestralni\/djelomi\u010dan studij<\/strong><\/li><\/ul>\n\n\n\n<p>Razdoblje mobilnosti: od 3 do 10 mjeseci.<\/p>\n\n\n\n<p>Stipendije su namijenjene studentima preddiplomskog (BA), diplomskog (MA) i poslijediplomskog (PhD) studija, upisanima na visoka u\u010dili\u0161ta u RH.<\/p>\n\n\n\n<p>Kandidati moraju imati zavr\u0161en minimalno jedan semestar na svome mati\u010dnome visokom u\u010dili\u0161tu.<\/p>\n\n\n\n<p>Prednost (za stipendije navedene pod 1.) imaju studenti ma\u0111arskoga jezika i knji\u017eevnosti.<\/p>\n\n\n\n<ul class=\"wp-block-list\"><li><strong>2. stipendije za kratki i dugi istra\u017eiva\u010dki boravak<\/strong><\/li><\/ul>\n\n\n\n<p>Razdoblje mobilnosti: od 3 dana do 10 mjeseci.<\/p>\n\n\n\n<p><strong>a) kratki istra\u017eiva\u010dki boravak u trajanju od 3 do 29 dana<\/strong><\/p>\n\n\n\n<p>A) <strong><u>poslijediplomski studij i istra\u017eivanje<\/u><\/strong>: za studente koji su zavr\u0161ili sveu\u010dili\u0161ni diplomski studij ili integrirani preddiplomski i diplomski sveu\u010dili\u0161ni studij te za doktorande koji \u017eele provesti istra\u017eivanje u Ma\u0111arskoj<\/p>\n\n\n\n<p>B) <strong><u>postdoktorski studij i istra\u017eivanje<\/u><\/strong>: za kandidate koji su stekli akademski stupanj doktora znanosti te \u017eele provesti istra\u017eivanje u Ma\u0111arskoj.<\/p>\n\n\n\n<p><strong>b) dugi istra\u017eiva\u010dki boravak u trajanju od 1 do 10 mjeseci<\/strong><\/p>\n\n\n\n<p>A) za studente koji su zavr\u0161ili sveu\u010dili\u0161ni diplomski studij ili integrirani preddiplomski i diplomski sveu\u010dili\u0161ni studij<\/p>\n\n\n\n<p>B) za postdoktorande koji \u017eele provesti istra\u017eivanje u Ma\u0111arskoj.<br>&nbsp;<\/p>\n\n\n\n<ul class=\"wp-block-list\"><li><strong>3. stipendije za cjelokupni poslijediplomski doktorski studij<\/strong><\/li><\/ul>\n\n\n\n<p>Razdoblje mobilnosti: do 36 mjeseci.<\/p>\n\n\n\n<p>Stipendije su namijenjene kandidatima koji su zavr\u0161ili sveu\u010dili\u0161ni diplomski studij ili integrirani preddiplomski i diplomski sveu\u010dili\u0161ni studij.<\/p>\n\n\n\n<p>Stipendije se dodjeljuju samo za studijske programe na ma\u0111arskome jeziku osim za podru\u010dje umjetnosti gdje su mogu\u0107i programi i na engleskome jeziku.<\/p>\n\n\n\n<ul class=\"wp-block-list\"><li><strong>4. stipendije za ljetne te\u010dajeve ma\u0111arskoga jezika i kulture<\/strong><\/li><\/ul>\n\n\n\n<p>Razdoblje mobilnosti: od 2 do 4 tjedna (ovisno o odabranome te\u010daju).<\/p>\n\n\n\n<p>Stipendije za ljetnu \u0161kolu pokrivaju tro\u0161ak te\u010daja, smje\u0161taja i prehrane.<\/p>\n\n\n\n<p>Prednost (za stipendije navedene pod 4.) imaju studenti ma\u0111arskoga jezika i knji\u017eevnosti.<\/p>\n\n\n\n<p>Detaljne informacije o svim navedenim stipendijama, uvjetima za prijavu te potrebnoj prijavnoj dokumentaciji dostupne su na <a href=\"https:\/\/tka.hu\/international-programmes\/4133\/information-for-applicants\" target=\"_blank\" rel=\"noreferrer noopener\">mre\u017enim stranicama<\/a> ma\u0111arske zaklade Tempus Public Foundation.<\/p>\n\n\n\n<p>Agencija za mobilnost i programe EU i Ministarstvo znanosti i obrazovanja RH izabrat \u0107e i predlo\u017eiti ma\u0111arskoj strani kandidate za stipendiju, a kona\u010dnu odluku o dobitnicama stipendije donijet \u0107e zaklada Tempus Public Foundation.<\/p>\n\n\n\n<p>Agencija za mobilnost i programe EU snosit \u0107e tro\u0161kove putovanja stipendistima koje hrvatska strana predlo\u017ei za stipendiju, odnosno kandidatima \u010dije prijave budu odobrene.<\/p>\n\n\n\n<p>Korisne informacije za pripremu prijavne dokumentacije te odgovori na \u010desto postavljena pitanja dostupni su <a href=\"https:\/\/ampeu.hr\/bilateralni-program-akademske-mobilnosti\" target=\"_blank\" rel=\"noreferrer noopener\">ovdje<\/a>.<\/p>\n\n\n\n<p>Za sve pojedinosti i dodatne informacije o pozivu zainteresirani kandidati mogu se obratiti Agenciji za mobilnost i programe EU na adresu elektroni\u010dke po\u0161te: <a href=\"mailto:bilaterala@mobilnost.hr\">bilaterala@mobilnost.hr<\/a>&nbsp;<\/p>\n\n\n\n<p>Svi zainteresirani kandidati moraju izvr\u0161iti on-line prijavu na <a href=\"https:\/\/tka.hu\/international-programmes\/4133\/information-for-applicants\" target=\"_blank\" rel=\"noreferrer noopener\">mre\u017enim stranicama<\/a> ma\u0111arske zaklade Tempus Public Foundation do:<\/p>\n\n\n\n<p><strong>1) 24. velja\u010de 2022. do 23.00 sata za semestralni\/djelomi\u010dan studij, cjelokupan studij i istra\u017eiva\u010dki boravak<\/strong><\/p>\n\n\n\n<p><strong>2) 10. o\u017eujka 2022. do 23.00 sata za ljetne te\u010dajeve<\/strong>.<\/p>\n\n\n\n<p>i u istom roku Agenciji za mobilnost i programe EU po\u0161tom dostaviti:<\/p>\n\n\n\n<ol class=\"wp-block-list\" type=\"1\"><li>jedan (1) primjerak cjelokupne odgovaraju\u0107e prijavne dokumentacije (uklju\u010duje i ma\u0111arski prijavni obrazac) na engleskome jeziku (osim dokaza o znanju ma\u0111arskoga jezika koji mo\u017ee biti i na ma\u0111arskome jeziku). Ne treba dostavljati originalne dokumente, odnosno mogu\u0107e je dostaviti i preslike;<\/li><li>ispunjen, otisnut te potpisan on-line obrazac na hrvatskome jeziku dostupan <a href=\"https:\/\/ampeu.hr\/prijava_za_stipendiju\/\" target=\"_blank\" rel=\"noreferrer noopener\">ovdje<\/a>.<\/li><\/ol>\n\n\n\n<p>Prijava za stipendiju, s cjelokupnom dokumentacijom, podnosi se u jednom (1) primjerku na adresu:<\/p>\n\n\n\n<p><strong>AGENCIJA ZA MOBILNOST I PROGRAME EUROPSKE UNIJE<\/strong><\/p>\n\n\n\n<p><strong>Frankopanska ulica 26, 10 000 Zagreb,<\/strong><\/p>\n\n\n\n<p><strong>uz naznaku &#8216;Za stipendije Ma\u0111arske&#8217;<\/strong>.<\/p>\n\n\n\n<hr class=\"wp-block-separator\"\/>\n\n\n\n<p>Izvor:<\/p>\n\n\n\n<p><a href=\"https:\/\/mzo.gov.hr\/istaknute-teme\/natjecaji-196\/natjecaj-za-dodjelu-stipendija-vlade-madjarske-u-akademskoj-godini-2022-2023\/4705\">https:\/\/mzo.gov.hr\/istaknute-teme\/natjecaji-196\/natjecaj-za-dodjelu-stipendija-vlade-madjarske-u-akademskoj-godini-2022-2023\/4705<\/a><\/p>\n\n\n\n<hr class=\"wp-block-separator\"\/>\n","protected":false},"excerpt":{"rendered":"","protected":false},"author":2,"featured_media":13032,"comment_status":"open","ping_status":"open","sticky":false,"template":"","format":"standard","meta":{"_acf_changed":false,"jetpack_post_was_ever_published":false,"_jetpack_newsletter_access":"","_jetpack_dont_email_post_to_subs":false,"_jetpack_newsletter_tier_id":0,"_jetpack_memberships_contains_paywalled_content":false,"_jetpack_memberships_contains_paid_content":false,"footnotes":"","jetpack_publicize_message":"","jetpack_publicize_feature_enabled":true,"jetpack_social_post_already_shared":true,"jetpack_social_options":{"image_generator_settings":{"template":"highway","default_image_id":0,"font":"","enabled":false},"version":2}},"categories":[3,15],"tags":[],"class_list":["post-28895","post","type-post","status-publish","format-standard","has-post-thumbnail","hentry","category-novosti","category-stipendije"],"acf":{"facebook_opis":""},"jetpack_publicize_connections":[],"jetpack_featured_media_url":"https:\/\/i0.wp.com\/historiografija.hr\/wp-content\/uploads\/2018\/12\/mzos.jpg?fit=800%2C533&ssl=1","jetpack_sharing_enabled":true,"jetpack-related-posts":[],"_links":{"self":[{"href":"https:\/\/historiografija.hr\/index.php?rest_route=\/wp\/v2\/posts\/28895","targetHints":{"allow":["GET"]}}],"collection":[{"href":"https:\/\/historiografija.hr\/index.php?rest_route=\/wp\/v2\/posts"}],"about":[{"href":"https:\/\/historiografija.hr\/index.php?rest_route=\/wp\/v2\/types\/post"}],"author":[{"embeddable":true,"href":"https:\/\/historiografija.hr\/index.php?rest_route=\/wp\/v2\/users\/2"}],"replies":[{"embeddable":true,"href":"https:\/\/historiografija.hr\/index.php?rest_route=%2Fwp%2Fv2%2Fcomments&post=28895"}],"version-history":[{"count":1,"href":"https:\/\/historiografija.hr\/index.php?rest_route=\/wp\/v2\/posts\/28895\/revisions"}],"predecessor-version":[{"id":28896,"href":"https:\/\/historiografija.hr\/index.php?rest_route=\/wp\/v2\/posts\/28895\/revisions\/28896"}],"wp:featuredmedia":[{"embeddable":true,"href":"https:\/\/historiografija.hr\/index.php?rest_route=\/wp\/v2\/media\/13032"}],"wp:attachment":[{"href":"https:\/\/historiografija.hr\/index.php?rest_route=%2Fwp%2Fv2%2Fmedia&parent=28895"}],"wp:term":[{"taxonomy":"category","embeddable":true,"href":"https:\/\/historiografija.hr\/index.php?rest_route=%2Fwp%2Fv2%2Fcategories&post=28895"},{"taxonomy":"post_tag","embeddable":true,"href":"https:\/\/historiografija.hr\/index.php?rest_route=%2Fwp%2Fv2%2Ftags&post=28895"}],"curies":[{"name":"wp","href":"https:\/\/api.w.org\/{rel}","templated":true}]}}