{"id":2888,"date":"2017-02-02T23:00:05","date_gmt":"2017-02-02T23:00:05","guid":{"rendered":"http:\/\/historiografija.hr\/?p=2888"},"modified":"2020-12-21T17:07:25","modified_gmt":"2020-12-21T17:07:25","slug":"preminuo-predrag-matvejevic","status":"publish","type":"post","link":"https:\/\/historiografija.hr\/?p=2888","title":{"rendered":"Preminuo Predrag Matvejevi\u0107"},"content":{"rendered":"<p class=\"MsoNormal\">&nbsp;<\/p>\n<p class=\"MsoNormal\">U Zagrebu je u 85. godini preminuo romanist, knji\u017eevni teoreti\u010dar, pisac i anga\u017eirani intelektualac Predrag Matvejevi\u0107 (1932-2017), autor poznatih <i style=\"mso-bidi-font-style: normal;\">Razgovora<span style=\"mso-spacerun: yes;\">&nbsp; <\/span>s Miroslavom Krle\u017eom<\/i> i napose <i style=\"mso-bidi-font-style: normal;\">Mediteranskog brevijara<\/i> te niza drugih djela pro\u017eetih povije\u0161\u0107u.<\/p>\n<p class=\"MsoNormal\">&nbsp;<\/p>\n<p class=\"MsoNormal\">&#8212;<\/p>\n<p class=\"MsoNormal\">&nbsp;<\/p>\n<p class=\"MsoNormal\"><b style=\"mso-bidi-font-weight: normal;\">Matvejevi\u0107, Predrag<\/b><\/p>\n<p class=\"MsoNormal\"><a href=\"http:\/\/www.enciklopedija.hr\/Natuknica.aspx?ID=39532\">http:\/\/www.enciklopedija.hr\/Natuknica.aspx?ID=39532<\/a><\/p>\n<p class=\"MsoNormal\">&nbsp;<\/p>\n<p class=\"MsoNormal\">&nbsp;<\/p>\n<p class=\"MsoNormal\"><b style=\"mso-bidi-font-weight: normal;\">Odlazak jednog od najprevo\u0111enijih europskih pisaca: Preminuo istaknuti intelektualac Predrag Matvejevi\u0107<\/b><\/p>\n<p class=\"MsoNormal\"><a href=\"http:\/\/www.novilist.hr\/Vijesti\/Hrvatska\/Odlazak-jednog-od-najprevodenijih-europskih-pisaca-Preminuo-istaknuti-intelektualac-Predrag-Matvejevic?meta_refresh=true\">http:\/\/www.novilist.hr\/Vijesti\/Hrvatska\/Odlazak-jednog-od-najprevodenijih-europskih-pisaca-Preminuo-istaknuti-intelektualac-Predrag-Matvejevic?meta_refresh=true<\/a><\/p>\n<p class=\"MsoNormal\">&nbsp;<\/p>\n<p class=\"MsoNormal\">&nbsp;<\/p>\n<p class=\"MsoNormal\">Katarina Luketi\u0107<\/p>\n<p class=\"MsoNormal\"><b style=\"mso-bidi-font-weight: normal;\">Po \u010demu \u0107emo pamtiti velikog Predraga Matvejevi\u0107a<\/b><\/p>\n<p class=\"MsoNormal\"><a href=\"http:\/\/www.tportal.hr\/kultura\/knjizevnost\/462566\/Po-cemu-cemo-pamtiti-velikog-Predraga-Matvejevica.html\">http:\/\/www.tportal.hr\/kultura\/knjizevnost\/462566\/Po-cemu-cemo-pamtiti-velikog-Predraga-Matvejevica.html<\/a><\/p>\n<p class=\"MsoNormal\">&nbsp;<\/p>\n<p class=\"MsoNormal\">\n<p class=\"MsoNormal\">\u017delimir Brala<\/p>\n<p class=\"MsoNormal\"><b style=\"mso-bidi-font-weight: normal;\">In memoriam Predrag Matvejevi\u0107: Odlazak anga\u017eiranog intelektualca<\/b><\/p>\n<p class=\"MsoNormal\"><a href=\"http:\/\/www.portalnovosti.com\/in-memoriam-predrag-matvejevi-odlazak-angairanog-intelektualca\">http:\/\/www.portalnovosti.com\/in-memoriam-predrag-matvejevi-odlazak-angairanog-intelektualca<\/a><\/p>\n<p class=\"MsoNormal\">&nbsp;<\/p>\n<p class=\"MsoNormal\">\n<p class=\"MsoNormal\">In memoriam: Predrag Matvejevi\u0107<\/p>\n<p class=\"MsoNormal\"><a href=\"http:\/\/www.mvinfo.hr\/\">http:\/\/www.mvinfo.hr\/<\/a><\/p>\n<p class=\"MsoNormal\">&nbsp;<\/p>\n<p class=\"MsoNormal\">&nbsp;<\/p>\n<p class=\"MsoNormal\">Mladen Ple\u0161e<\/p>\n<p class=\"MsoNormal\"><b style=\"mso-bidi-font-weight: normal;\">Umro je Predrag Matvejevi\u0107, podsje\u0107amo vas na jedan od posljednjih istupa velikog profesora<\/b><\/p>\n<p class=\"MsoNormal\"><a href=\"http:\/\/www.telegram.hr\/price\/umro-je-predrag-matvejevic-podsjecamo-vas-na-jedan-od-posljednjih-istupa-legendarnog-profesora-i-intelektualca\/\">http:\/\/www.telegram.hr\/price\/umro-je-predrag-matvejevic-podsjecamo-vas-na-jedan-od-posljednjih-istupa-legendarnog-profesora-i-intelektualca\/<\/a><\/p>\n<p class=\"MsoNormal\">&nbsp;<\/p>\n<p class=\"MsoNormal\">\n<p class=\"MsoNormal\">Inoslav Be\u0161ker<\/p>\n<p class=\"MsoNormal\"><b style=\"mso-bidi-font-weight: normal;\">ODLAZAK UTJECAJNOG VELIKANA KOJI SE NIJE POVUKAO U KULU BJELOKOSTI <\/b><\/p>\n<p class=\"MsoNormal\"><b style=\"mso-bidi-font-weight: normal;\">Napustio nas je kultni pisac &#8216;Mediteranskog brevijara&#8217;, cijenjen diljem svijeta<\/b><\/p>\n<p class=\"MsoNormal\">http:\/\/www.jutarnji.hr\/kultura\/knjizevnost\/odlazak-utjecajnog-velikana-koji-se-nije-povukao-u-kulu-bjelokosti-napustio-nas-je-kultni-pisac-mediteranskog-brevijara-cijenjen-diljem-svijeta\/5586851\/<\/p>\n<p class=\"MsoNormal\">\n<p class=\"MsoNormal\">\n<p class=\"MsoNormal\">\n<style> <!--  \/* Font Definitions *\/  @font-face \t{font-family:Calibri; \tpanose-1:2 15 5 2 2 2 4 3 2 4; \tmso-font-charset:238; \tmso-generic-font-family:swiss; \tmso-font-pitch:variable; \tmso-font-signature:-1610611985 1073750139 0 0 159 0;}  \/* Style Definitions *\/  p.MsoNormal, li.MsoNormal, div.MsoNormal \t{mso-style-unhide:no; \tmso-style-qformat:yes; \tmso-style-parent:\"\"; \tmargin-top:0cm; \tmargin-right:0cm; \tmargin-bottom:10.0pt; \tmargin-left:0cm; \tline-height:115%; \tmso-pagination:widow-orphan; \tfont-size:11.0pt; \tfont-family:\"Calibri\",\"sans-serif\"; \tmso-ascii-font-family:Calibri; \tmso-ascii-theme-font:minor-latin; \tmso-fareast-font-family:Calibri; \tmso-fareast-theme-font:minor-latin; \tmso-hansi-font-family:Calibri; \tmso-hansi-theme-font:minor-latin; \tmso-bidi-font-family:\"Times New Roman\"; \tmso-bidi-theme-font:minor-bidi; \tmso-fareast-language:EN-US;} h2 \t{mso-style-priority:9; \tmso-style-unhide:no; \tmso-style-qformat:yes; \tmso-style-link:\"Heading 2 Char\"; \tmso-margin-top-alt:auto; \tmargin-right:0cm; \tmso-margin-bottom-alt:auto; \tmargin-left:0cm; \tmso-pagination:widow-orphan; \tmso-outline-level:2; \tfont-size:18.0pt; \tfont-family:\"Times New Roman\",\"serif\"; \tmso-fareast-font-family:\"Times New Roman\";} span.Heading2Char \t{mso-style-name:\"Heading 2 Char\"; \tmso-style-priority:9; \tmso-style-unhide:no; \tmso-style-locked:yes; \tmso-style-link:\"Heading 2\"; \tmso-ansi-font-size:18.0pt; \tmso-bidi-font-size:18.0pt; \tfont-family:\"Times New Roman\",\"serif\"; \tmso-ascii-font-family:\"Times New Roman\"; \tmso-fareast-font-family:\"Times New Roman\"; \tmso-hansi-font-family:\"Times New Roman\"; \tmso-bidi-font-family:\"Times New Roman\"; \tmso-fareast-language:HR; \tfont-weight:bold;} .MsoChpDefault \t{mso-style-type:export-only; \tmso-default-props:yes; \tmso-ascii-font-family:Calibri; \tmso-ascii-theme-font:minor-latin; \tmso-fareast-font-family:Calibri; \tmso-fareast-theme-font:minor-latin; \tmso-hansi-font-family:Calibri; \tmso-hansi-theme-font:minor-latin; \tmso-bidi-font-family:\"Times New Roman\"; \tmso-bidi-theme-font:minor-bidi; \tmso-fareast-language:EN-US;} .MsoPapDefault \t{mso-style-type:export-only; \tmargin-bottom:10.0pt; \tline-height:115%;} @page Section1 \t{size:612.0pt 792.0pt; \tmargin:70.85pt 70.85pt 70.85pt 70.85pt; \tmso-header-margin:36.0pt; \tmso-footer-margin:36.0pt; \tmso-paper-source:0;} div.Section1 \t{page:Section1;} --> <\/style>\n<\/p>\n<h2><span style=\"font-size: 12pt;\">Posljednji pozdrav Predragu Matvejevi\u0107u (1932. \u2013 2017.) \/ Documenta <\/span><\/h2>\n<p class=\"MsoNormal\">https:\/\/www.documenta.hr\/hr\/posljednji-pozdrav-predragu-matvejevi%C4%87u-1932.-2017.-documenta.html<\/p>\n<p class=\"MsoNormal\">\n<p class=\"MsoNormal\">\n<p class=\"MsoNormal\"><font size=\"3\"><br \/>\n<\/font><\/p>\n<p style=\"margin: 0cm 0cm 10pt;\">Dragan Markovina o velikom idealistu, borcu i Mediterancu<\/p>\n<p class=\"MsoNormal\"><font size=\"3\"><br \/>\n<\/font><\/p>\n<p style=\"margin: 0cm 0cm 10pt;\"><b style=\"mso-bidi-font-weight: normal;\">Matvejevi\u0107 je oti\u0161ao jer svi moraju oti\u0107i, a mi \u0107emo mo\u017eda za 100 godina shvatiti koga smo izgubili<\/b><\/p>\n<p class=\"MsoNormal\"><font size=\"3\"><br \/>\n<\/font><\/p>\n<p style=\"margin: 0cm 0cm 10pt;\">http:\/\/www.telegram.hr\/kultura\/matvejevic-je-otisao-kao-sto-svi-moraju-otici-a-mi-cemo-mozda-za-100-godina-shvatiti-koga-smo-izgubili\/<\/p>\n<p class=\"MsoNormal\"><font size=\"3\"><br \/>\n<\/font><\/p>\n<p class=\"MsoNormal\"><font size=\"3\"><br \/>\n<\/font><\/p>\n<p class=\"MsoNormal\"><font size=\"3\">  <\/font><\/p>\n<p style=\"margin: 0cm 0cm 10pt;\">Nade\u017eda \u010ca\u010dinovi\u0107<\/p>\n<p class=\"MsoNormal\"><font size=\"3\">  <\/font><\/p>\n<p style=\"margin: 0cm 0cm 10pt;\"><b style=\"mso-bidi-font-weight: normal;\">Predrag Matvejevi\u0107 onakav kakav je bio<\/b><\/p>\n<p class=\"MsoNormal\"><font size=\"3\">  <\/font><\/p>\n<p style=\"margin: 0cm 0cm 10pt;\"><a href=\"https:\/\/radiogornjigrad.wordpress.com\/2017\/02\/04\/predrag-matvejevic-onakav-kakav-je-bio\/\">https:\/\/radiogornjigrad.wordpress.com\/2017\/02\/04\/predrag-matvejevic-onakav-kakav-je-bio\/<\/a><\/p>\n<p style=\"margin: 0cm 0cm 10pt;\">\n<p style=\"margin: 0cm 0cm 10pt;\"><font size=\"3\">  <\/font><\/p>\n<p style=\"margin: 0cm 0cm 0pt; line-height: normal;\"><span style=\"font-family: &quot;Times New Roman&quot;,&quot;serif&quot;; font-size: 12pt; mso-fareast-font-family: &quot;Times New Roman&quot;; mso-fareast-language: EN-GB; mso-ansi-language: EN;\" lang=\"EN\">Nenad Ivi\u0107<\/span><span style=\"font-family: &quot;Times New Roman&quot;,&quot;serif&quot;; font-size: 12pt; mso-fareast-font-family: &quot;Times New Roman&quot;; mso-fareast-language: EN-GB; mso-ansi-language: EN;\" lang=\"EN\"><br \/>\n<\/span><\/p>\n<p style=\"margin: 0cm 0cm 10pt;\"><b style=\"mso-bidi-font-weight: normal;\"><span style=\"font-family: &quot;Times New Roman&quot;,&quot;serif&quot;; font-size: 12pt; mso-fareast-font-family: &quot;Times New Roman&quot;; mso-fareast-language: EN-GB; mso-ansi-language: FR;\" lang=\"FR\">\u017divot je za njega bio sku\u010den<\/span><\/b><\/p>\n<p style=\"margin: 0cm 0cm 10pt;\"><font size=\"3\"> <\/font><span style=\"font-family: &quot;Times New Roman&quot;,&quot;serif&quot;; font-size: 12pt; mso-fareast-font-family: &quot;Times New Roman&quot;; mso-fareast-language: EN-GB; mso-ansi-language: FR;\" lang=\"FR\"><a href=\"http:\/\/www.portalnovosti.com\/zivot-je-za-njega-bio-skucen\"><font color=\"#000000\">http:\/\/www.portalnovosti.com\/zivot-je-za-njega-bio-skucen<\/font><\/a><\/span><\/p>\n<p style=\"margin: 0cm 0cm 10pt;\"><font size=\"3\">  <\/font><\/p>\n<p class=\"MsoNormal\"><font size=\"3\">  <\/font><\/p>\n","protected":false},"excerpt":{"rendered":"","protected":false},"author":1,"featured_media":0,"comment_status":"open","ping_status":"open","sticky":false,"template":"","format":"standard","meta":{"_acf_changed":false,"jetpack_post_was_ever_published":false,"_jetpack_newsletter_access":"","_jetpack_dont_email_post_to_subs":false,"_jetpack_newsletter_tier_id":0,"_jetpack_memberships_contains_paywalled_content":false,"_jetpack_memberships_contains_paid_content":false,"footnotes":"","jetpack_publicize_message":"","jetpack_publicize_feature_enabled":true,"jetpack_social_post_already_shared":false,"jetpack_social_options":{"image_generator_settings":{"template":"highway","default_image_id":0,"font":"","enabled":false},"version":2}},"categories":[3,20],"tags":[],"class_list":["post-2888","post","type-post","status-publish","format-standard","hentry","category-novosti","category-obavijesti-o-smrti-i-nekrolozi"],"acf":{"facebook_opis":""},"jetpack_publicize_connections":[],"jetpack_featured_media_url":"","jetpack_sharing_enabled":true,"jetpack-related-posts":[{"id":52148,"url":"https:\/\/historiografija.hr\/?p=52148","url_meta":{"origin":2888,"position":0},"title":"Poziv za prijavu na me\u0111unarodnu znanstvenu konferenciju \u201eGranice (ne)slobode: Zadarski krug 1966. Intelektualna opozicija u totalitarnom dru\u0161tvu\u201c","author":"Branimir Jankovi\u0107","date":"27. o\u017eujka 2026.","format":false,"excerpt":"\u00a0\u00a0\u00a0\u00a0 Povodom \u0161ezdesete obljetnice poku\u0161aja osnivanja \u010dasopisa Slobodan glas u Zadru 1966. godine, pozivamo vas na znanstvenu konferenciju posve\u0107enu istra\u017eivanju disidentstva, intelektualne opozicije i granica divergentnog mi\u0161ljenja nasuprot slu\u017ebenoj ideologiji u komunisti\u010dkoj Jugoslaviji. Ideja konferencije je analizirati konkretan fenomen zadarskog slu\u010daja razloge i okolnosti njegove pojave, ali uz otvaranje komparativnih\u2026","rel":"","context":"U &quot;Novosti&quot;","block_context":{"text":"Novosti","link":"https:\/\/historiografija.hr\/?cat=3"},"img":{"alt_text":"","src":"https:\/\/i0.wp.com\/historiografija.hr\/wp-content\/uploads\/2026\/03\/Poziv-konferencija-Zadar.jpg?fit=1200%2C509&ssl=1&resize=350%2C200","width":350,"height":200,"srcset":"https:\/\/i0.wp.com\/historiografija.hr\/wp-content\/uploads\/2026\/03\/Poziv-konferencija-Zadar.jpg?fit=1200%2C509&ssl=1&resize=350%2C200 1x, https:\/\/i0.wp.com\/historiografija.hr\/wp-content\/uploads\/2026\/03\/Poziv-konferencija-Zadar.jpg?fit=1200%2C509&ssl=1&resize=525%2C300 1.5x, https:\/\/i0.wp.com\/historiografija.hr\/wp-content\/uploads\/2026\/03\/Poziv-konferencija-Zadar.jpg?fit=1200%2C509&ssl=1&resize=700%2C400 2x, https:\/\/i0.wp.com\/historiografija.hr\/wp-content\/uploads\/2026\/03\/Poziv-konferencija-Zadar.jpg?fit=1200%2C509&ssl=1&resize=1050%2C600 3x"},"classes":[]},{"id":52613,"url":"https:\/\/historiografija.hr\/?p=52613","url_meta":{"origin":2888,"position":1},"title":"No\u0107 knjige u Hrvatskom dr\u017eavnom arhivu","author":"Branimir Jankovi\u0107","date":"22. travnja 2026.","format":false,"excerpt":"Predstavljanje knjige Rajke Bu\u0107in \u201dLije\u010denje i zbrinjavanje \u017didova u Bolnici sestara milosrdnica u Zagrebu 1941. \u2013 1945.\u201d u \u010detvrtak, 23. travnja 2026. u 13 sati u Hrvatskom dr\u017eavnom arhivu u Zagrebu. Izvor: https:\/\/www.arhiv.hr\/hr-hr\/Kulturno-prosvjetne-aktivnosti\/ArticleId\/1986\/oamid\/1633","rel":"","context":"U &quot;Novosti&quot;","block_context":{"text":"Novosti","link":"https:\/\/historiografija.hr\/?cat=3"},"img":{"alt_text":"","src":"https:\/\/i0.wp.com\/historiografija.hr\/wp-content\/uploads\/2026\/04\/noc_knjige_2026.jpg?fit=680%2C276&ssl=1&resize=350%2C200","width":350,"height":200,"srcset":"https:\/\/i0.wp.com\/historiografija.hr\/wp-content\/uploads\/2026\/04\/noc_knjige_2026.jpg?fit=680%2C276&ssl=1&resize=350%2C200 1x, https:\/\/i0.wp.com\/historiografija.hr\/wp-content\/uploads\/2026\/04\/noc_knjige_2026.jpg?fit=680%2C276&ssl=1&resize=525%2C300 1.5x"},"classes":[]},{"id":52654,"url":"https:\/\/historiografija.hr\/?p=52654","url_meta":{"origin":2888,"position":2},"title":"Gostuju\u0107e predavanje &#8211; Danijel D\u017eino \u201eKasnoanti\u010dke i ranosrednjovjekovne gra\u0111evine u Brezi: Spomenici nepotpune biografije\u201c","author":"Branimir Jankovi\u0107","date":"24. travnja 2026.","format":false,"excerpt":"Doktorski studij predmoderne povijesti poziva na predavanje \"Kasnoanti\u010dke i ranosrednjovjekovne gra\u0111evine u Brezi: Spomenici nepotpune biografije\u201d koje \u0107e odr\u017eati profesor Danijel D\u017eino sa Sveu\u010dili\u0161ta Macquarie u Sydneyu u\u00a0utorak 28. travnja 2026. u 17h u Konferencijskoj dvorani Knji\u017enice Filozofskog fakulteta u Zagrebu. Predavanje \u0107e predo\u010diti nova saznanja dobivena kroz arhivsko-dokumentarna istra\u017eivanja\u2026","rel":"","context":"U &quot;Novosti&quot;","block_context":{"text":"Novosti","link":"https:\/\/historiografija.hr\/?cat=3"},"img":{"alt_text":"","src":"https:\/\/i0.wp.com\/historiografija.hr\/wp-content\/uploads\/2026\/04\/Dzino.jpg?fit=980%2C819&ssl=1&resize=350%2C200","width":350,"height":200,"srcset":"https:\/\/i0.wp.com\/historiografija.hr\/wp-content\/uploads\/2026\/04\/Dzino.jpg?fit=980%2C819&ssl=1&resize=350%2C200 1x, https:\/\/i0.wp.com\/historiografija.hr\/wp-content\/uploads\/2026\/04\/Dzino.jpg?fit=980%2C819&ssl=1&resize=525%2C300 1.5x, https:\/\/i0.wp.com\/historiografija.hr\/wp-content\/uploads\/2026\/04\/Dzino.jpg?fit=980%2C819&ssl=1&resize=700%2C400 2x"},"classes":[]},{"id":52651,"url":"https:\/\/historiografija.hr\/?p=52651","url_meta":{"origin":2888,"position":3},"title":"Promocija knjige Emira O. Filipovi\u0107a \u201cVite\u0161tvo u srednjovjekovnoj Bosni\u201d u Sarajevu","author":"Branimir Jankovi\u0107","date":"24. travnja 2026.","format":false,"excerpt":"Knji\u017eevni korner poziva na promociju knjige Emira O. Filipovi\u0107a \u201cVite\u0161tvo u srednjovjekovnoj Bosni\u201d koja \u0107e se odr\u017eati u srijedu, 29. aprila 2026. u 18 sati u Evropskoj ku\u0107i kulture i nacionalnih manjina (Austrijska ku\u0107a) u Sarajevu. Na promociji \u0107e govoriti Mirsad Sijari\u0107, Ema Mazrak i autor, a moderirat \u0107e Nikola\u2026","rel":"","context":"U &quot;Novosti&quot;","block_context":{"text":"Novosti","link":"https:\/\/historiografija.hr\/?cat=3"},"img":{"alt_text":"","src":"https:\/\/i0.wp.com\/historiografija.hr\/wp-content\/uploads\/2026\/04\/Vitestvo.jpg?fit=1080%2C565&ssl=1&resize=350%2C200","width":350,"height":200,"srcset":"https:\/\/i0.wp.com\/historiografija.hr\/wp-content\/uploads\/2026\/04\/Vitestvo.jpg?fit=1080%2C565&ssl=1&resize=350%2C200 1x, https:\/\/i0.wp.com\/historiografija.hr\/wp-content\/uploads\/2026\/04\/Vitestvo.jpg?fit=1080%2C565&ssl=1&resize=525%2C300 1.5x, https:\/\/i0.wp.com\/historiografija.hr\/wp-content\/uploads\/2026\/04\/Vitestvo.jpg?fit=1080%2C565&ssl=1&resize=700%2C400 2x, https:\/\/i0.wp.com\/historiografija.hr\/wp-content\/uploads\/2026\/04\/Vitestvo.jpg?fit=1080%2C565&ssl=1&resize=1050%2C600 3x"},"classes":[]},{"id":52569,"url":"https:\/\/historiografija.hr\/?p=52569","url_meta":{"origin":2888,"position":4},"title":"[Predavanje] Ne \u010dekaju\u0107i inspiraciju \u2013 anga\u017eovane intelektualne, kulturalne i umetni\u010dke prakse u me\u0111uratnom periodu: teorija i praksa kriti\u010dke levice u jugoslovenskoj kulturi (YugoLab)","author":"Branimir Jankovi\u0107","date":"21. travnja 2026.","format":false,"excerpt":"U vreme agresivnog ja\u010danja globalne desnice, (pro)fa\u0161isti\u010dkih, rasisti\u010dkih i imperijalisti\u010dkih politika, dok je istovremeno globalna levica izrazito slaba, a progresivni pokreti atomizirani i fragmentisani, va\u017eno je iz savremene perspektive vratiti se revolucionarnim i emancipatorskim zbivanjima u jugoslovenskom (ali i s njima u vezi internacionalnim de\u0161avanjima), kao i dru\u0161tvenoj ulozi kulturalnih\u2026","rel":"","context":"U &quot;Novosti&quot;","block_context":{"text":"Novosti","link":"https:\/\/historiografija.hr\/?cat=3"},"img":{"alt_text":"","src":"","width":0,"height":0},"classes":[]},{"id":52547,"url":"https:\/\/historiografija.hr\/?p=52547","url_meta":{"origin":2888,"position":5},"title":"ISHA Zagreb \u2013 Filmska ve\u010der: Povratak Martina Guerrea","author":"Branimir Jankovi\u0107","date":"20. travnja 2026.","format":false,"excerpt":"Klub studenata povijesti \u2013 ISHA Zagreb poziva Vas na filmsku ve\u010der na kojoj \u0107e se prikazivati \u201ePovratak Martina Guerrea\u201c, povijesna drama iz 1982. godine s radnjom smje\u0161tenom u 16. stolje\u0107u. Radnja je utemeljena na stvarnoj povijesnoj li\u010dnosti Martina Guerrea koji se nakon mnogo godina izbivanja vra\u0107a u svoje rodno mjesto\u2026","rel":"","context":"U &quot;Filmovi i serije&quot;","block_context":{"text":"Filmovi i serije","link":"https:\/\/historiografija.hr\/?cat=13"},"img":{"alt_text":"","src":"https:\/\/i0.wp.com\/historiografija.hr\/wp-content\/uploads\/2026\/04\/M-Guerre.png?fit=702%2C1006&ssl=1&resize=350%2C200","width":350,"height":200,"srcset":"https:\/\/i0.wp.com\/historiografija.hr\/wp-content\/uploads\/2026\/04\/M-Guerre.png?fit=702%2C1006&ssl=1&resize=350%2C200 1x, https:\/\/i0.wp.com\/historiografija.hr\/wp-content\/uploads\/2026\/04\/M-Guerre.png?fit=702%2C1006&ssl=1&resize=525%2C300 1.5x, https:\/\/i0.wp.com\/historiografija.hr\/wp-content\/uploads\/2026\/04\/M-Guerre.png?fit=702%2C1006&ssl=1&resize=700%2C400 2x"},"classes":[]}],"_links":{"self":[{"href":"https:\/\/historiografija.hr\/index.php?rest_route=\/wp\/v2\/posts\/2888","targetHints":{"allow":["GET"]}}],"collection":[{"href":"https:\/\/historiografija.hr\/index.php?rest_route=\/wp\/v2\/posts"}],"about":[{"href":"https:\/\/historiografija.hr\/index.php?rest_route=\/wp\/v2\/types\/post"}],"author":[{"embeddable":true,"href":"https:\/\/historiografija.hr\/index.php?rest_route=\/wp\/v2\/users\/1"}],"replies":[{"embeddable":true,"href":"https:\/\/historiografija.hr\/index.php?rest_route=%2Fwp%2Fv2%2Fcomments&post=2888"}],"version-history":[{"count":1,"href":"https:\/\/historiografija.hr\/index.php?rest_route=\/wp\/v2\/posts\/2888\/revisions"}],"predecessor-version":[{"id":24187,"href":"https:\/\/historiografija.hr\/index.php?rest_route=\/wp\/v2\/posts\/2888\/revisions\/24187"}],"wp:attachment":[{"href":"https:\/\/historiografija.hr\/index.php?rest_route=%2Fwp%2Fv2%2Fmedia&parent=2888"}],"wp:term":[{"taxonomy":"category","embeddable":true,"href":"https:\/\/historiografija.hr\/index.php?rest_route=%2Fwp%2Fv2%2Fcategories&post=2888"},{"taxonomy":"post_tag","embeddable":true,"href":"https:\/\/historiografija.hr\/index.php?rest_route=%2Fwp%2Fv2%2Ftags&post=2888"}],"curies":[{"name":"wp","href":"https:\/\/api.w.org\/{rel}","templated":true}]}}