{"id":28862,"date":"2021-12-20T18:48:03","date_gmt":"2021-12-20T18:48:03","guid":{"rendered":"http:\/\/historiografija.hr\/?p=28862"},"modified":"2021-12-20T18:48:03","modified_gmt":"2021-12-20T18:48:03","slug":"adis-zilic-radivojevici-vlatkovici-vlastela-humske-zemlje-i-krajine","status":"publish","type":"post","link":"https:\/\/historiografija.hr\/?p=28862","title":{"rendered":"Adis Zili\u0107, \u201cRadivojevi\u0107i \u2013 Vlatkovi\u0107i. Vlastela Humske zemlje i Krajine\u201d"},"content":{"rendered":"\n<p>Institut za historiju Univerziteta u Sarajevu je objavio knjigu \u201eRadivojevi\u0107i \u2013 Vlatkovi\u0107i. Vlastela Humske zemlje i Krajine\u201c, autora Adisa Zili\u0107a.<\/p>\n\n\n\n<p>Glavna tema istra\u017eivanja dr. Zili\u0107a u ovoj knjizi jeste jedna od najzna\u010dajnijih vlasteoskih porodica iz Humske zemlje, koja pak nikada nije u\u0161la u sam vrh bosanskog stanka. No, iako nisu bili me\u0111u najmo\u0107nijim porodicama Radivojevi\u0107i\/Vlatkovi\u0107i su zahvaljuju\u0107i geostrate\u0161kom polo\u017eaju svojih posjeda \u2013 na podru\u010dju srednjovjekovne bosanske Krajine (prostor izme\u0111u Neretve i Cetine) bili izuzetno zastupljeni, ne samo u poslovima, a time i notarskim zapisima Dubrovnika i njegovih trgovaca, nego i drugih dalmatinskih centara.<\/p>\n\n\n\n<p>Pored \u010dinjenice \u0161to u glavnini teksta ove monografije dominiraju politi\u010dki doga\u0111aji, nije autor zapostavio ni druge segmente \u017eivota u kojima se osjetilo djelovanje Radivojevi\u0107a\/Vlatkovi\u0107a. Tome svjedo\u010de poglavlja o njihovom polo\u017eaju u okviru feudalne hijerarhije bosanske dr\u017eave, o urbanom \u017eivotu na njihovim posjedima, o razvijenosti privrednih aktivnosti, te o komplikovanim vjersko-kulturnim uticajima. Naro\u010dito treba naglasiti dijelove teksta koji govore o dvorskoj kancelariji ove porodice i njihovim heraldi\u010dko\u2013sfragisti\u010dkim obilje\u017ejima, kao i na kraju knjige, u obliku posebnog priloga, donesenog i dobrano a\u017euriranog rodoslova Radivojevi\u0107a-Vlatkovi\u0107a.<\/p>\n\n\n\n<p>Knjiga se mo\u017ee poru\u010diti kod Izdava\u010da na e-mail <a rel=\"noreferrer noopener\" href=\"mailto:nauka@bih.net.ba\" target=\"_blank\">nauka@bih.net.ba<\/a> ili na adresi Podgaj 6 Skenderija\/Sarajevo.<\/p>\n\n\n\n<hr class=\"wp-block-separator\"\/>\n\n\n\n<p>Izvor:<\/p>\n\n\n\n<p><a href=\"https:\/\/historiografija.ba\/article.php?id=907\">https:\/\/historiografija.ba\/article.php?id=907<\/a><\/p>\n\n\n\n<hr class=\"wp-block-separator\"\/>\n","protected":false},"excerpt":{"rendered":"","protected":false},"author":2,"featured_media":28863,"comment_status":"open","ping_status":"open","sticky":false,"template":"","format":"standard","meta":{"_acf_changed":false,"jetpack_post_was_ever_published":false,"_jetpack_newsletter_access":"","_jetpack_dont_email_post_to_subs":false,"_jetpack_newsletter_tier_id":0,"_jetpack_memberships_contains_paywalled_content":false,"_jetpack_memberships_contains_paid_content":false,"footnotes":"","jetpack_publicize_message":"","jetpack_publicize_feature_enabled":true,"jetpack_social_post_already_shared":true,"jetpack_social_options":{"image_generator_settings":{"template":"highway","default_image_id":0,"font":"","enabled":false},"version":2}},"categories":[8,3],"tags":[],"class_list":["post-28862","post","type-post","status-publish","format-standard","has-post-thumbnail","hentry","category-knjige","category-novosti"],"acf":{"facebook_opis":""},"jetpack_publicize_connections":[],"jetpack_featured_media_url":"https:\/\/i0.wp.com\/historiografija.hr\/wp-content\/uploads\/2021\/12\/Adis-Zilic.jpg?fit=555%2C521&ssl=1","jetpack_sharing_enabled":true,"jetpack-related-posts":[],"_links":{"self":[{"href":"https:\/\/historiografija.hr\/index.php?rest_route=\/wp\/v2\/posts\/28862","targetHints":{"allow":["GET"]}}],"collection":[{"href":"https:\/\/historiografija.hr\/index.php?rest_route=\/wp\/v2\/posts"}],"about":[{"href":"https:\/\/historiografija.hr\/index.php?rest_route=\/wp\/v2\/types\/post"}],"author":[{"embeddable":true,"href":"https:\/\/historiografija.hr\/index.php?rest_route=\/wp\/v2\/users\/2"}],"replies":[{"embeddable":true,"href":"https:\/\/historiografija.hr\/index.php?rest_route=%2Fwp%2Fv2%2Fcomments&post=28862"}],"version-history":[{"count":1,"href":"https:\/\/historiografija.hr\/index.php?rest_route=\/wp\/v2\/posts\/28862\/revisions"}],"predecessor-version":[{"id":28864,"href":"https:\/\/historiografija.hr\/index.php?rest_route=\/wp\/v2\/posts\/28862\/revisions\/28864"}],"wp:featuredmedia":[{"embeddable":true,"href":"https:\/\/historiografija.hr\/index.php?rest_route=\/wp\/v2\/media\/28863"}],"wp:attachment":[{"href":"https:\/\/historiografija.hr\/index.php?rest_route=%2Fwp%2Fv2%2Fmedia&parent=28862"}],"wp:term":[{"taxonomy":"category","embeddable":true,"href":"https:\/\/historiografija.hr\/index.php?rest_route=%2Fwp%2Fv2%2Fcategories&post=28862"},{"taxonomy":"post_tag","embeddable":true,"href":"https:\/\/historiografija.hr\/index.php?rest_route=%2Fwp%2Fv2%2Ftags&post=28862"}],"curies":[{"name":"wp","href":"https:\/\/api.w.org\/{rel}","templated":true}]}}