{"id":28848,"date":"2021-12-20T18:16:11","date_gmt":"2021-12-20T18:16:11","guid":{"rendered":"http:\/\/historiografija.hr\/?p=28848"},"modified":"2021-12-20T19:12:55","modified_gmt":"2021-12-20T19:12:55","slug":"zbornik-radova-adil-zulfikarpasic-i-liberalne-politicke-inicijative","status":"publish","type":"post","link":"https:\/\/historiografija.hr\/?p=28848","title":{"rendered":"Zbornik radova \u201cAdil Zulfikarpa\u0161i\u0107 i liberalne politi\u010dke inicijative\u201d"},"content":{"rendered":"\n<p>Ove godine Bo\u0161nja\u010dki institut \u2013 Fondacija Adila Zulfikarpa\u0161i\u0107a obilje\u017eava dvije zna\u010dajne godi\u0161njice: stogodi\u0161njicu ro\u0111enja Adil-bega Zulfikarpa\u0161i\u0107a (1921\u20132021) i dvije decenije rada i djelovanja Bo\u0161nja\u010dkog instituta u Sarajevu (2001\u20132021). Planirano je i organiziranje brojnih doga\u0111aja (promocija, skupova i izlo\u017ebi) kojima \u0107e se predstaviti vi\u0161edecenijski rad i nastojanja na\u0161eg vakifa, dobro\u010dinitelja, politi\u010dara, liberala i mecene Adil-bega Zulfikarpa\u0161i\u0107a u afirmaciji kulturne i nau\u010dne misli Bosne i Hercegovine.<\/p>\n\n\n\n<p>Nakon smrti Adil-bega 2008. na neki na\u010din utihnulo je kriti\u010dko promi\u0161ljanje o njegovoj ulozi na modernoj politi\u010dkoj i kulturnoj sceni. To je vrijeme bilo potrebno da se napravi odmak od deset godina, kao estuarij delte velikih rijeka, kada se bujice doga\u0111aja sagledaju iz \u0161ire perspektive, iz sada\u0161njeg vremena, \u0161to omogu\u0107ava sveobuhvatniju analizu Adil-begove uloge u bosanskohercegova\u010dkom kontekstu. Trenutno Bo\u0161nja\u010dki institut radi i na pripremi monografije o Adil-begu, koja \u0107e pru\u017eiti potpuniji prikaz njegovog \u017eivota i djelovanja u politi\u010dkom i kulturnom \u017eivotu Bosne i Hercegovine.<\/p>\n\n\n\n<p>Jedan od va\u017enih doga\u0111aja za obilje\u017eavanje godi\u0161njice je i objavljivanje zbornika radova \u201cAdil Zulfikarpa\u0161i\u0107 i liberalne politi\u010dke inicijative\u201d, koji su predstavljeni na istoimenom panelu odr\u017eanom 2018. godine u Sarajevu povodom desetogodi\u0161njice njegove smrti. Objavljivanjem zbornika Bo\u0161nja\u010dki institut \u017eeli predstaviti akademskoj i nau\u010dnoj zajednici te \u0161iroj javnosti ulogu i zna\u010daj Adil-bega Zulfikarpa\u0161i\u0107a u dru\u0161tvenim i politi\u010dkim tokovima moderne historije Bosne i Hercegovine. Sama konstelacija i odabir u\u010desnika za panel-razgovor pokazuje na\u0161 \u0161irok pristup u analizi njegovih misli i djela tokom vi\u0161edecenijskog pregala\u010dkog i temeljitog rada.<\/p>\n\n\n\n<p>Zbornik radova pru\u017ea uvid u poglede i mi\u0161ljenja politi\u010dkog djelovanja Adil-bega Zulfikarpa\u0161i\u0107a u razli\u010ditim dru\u0161tvenim tokovima u domovini odmah nakon zavr\u0161etka Drugog svjetskog rata, u emigraciji i tokom devedesetih, koje su obilje\u017eile Adil-begov povratak u zemlju i aktivnije politi\u010dko anga\u017eiranje u Bosni i Hercegovini. Mo\u017ee se re\u0107i da su upravo ova tri perioda prijelomna u \u017eivotu Adil-bega kao politi\u010dara i liberala te da je vi\u0161e od pet decenija trajao proces njegovog razvoja od mladog revolucionara, emigranta i liberala do ve\u0107 iskusnog politi\u010dara i vizionara. Njegova vizija kao politi\u010dkog lidera uvijek je bila usmjerena na stvaranje i razvijanje vi\u0161e razli\u010ditih timova: bo\u0161nja\u010dkih sa dr. Smailom Bali\u0107em i Teufikom Velagi\u0107em te jugoslovenskih kroz Demokratsku alternativu s Desimirom To\u0161i\u0107em, Brankom Pe\u0161eljom, Ljubom Sircem i Vanetom Ivanovi\u0107em, koji su prenosili duh liberalne Evrope na ove prostore i radili za dobrobit svih naroda u Bosni i Hercegovini i biv\u0161oj Jugoslaviji.<\/p>\n\n\n\n<p>Objavljivanjem ovog zbornika radova cilj nam je potaknuti nova pitanja i dijaloge u analizi Adil-begovog doprinosa bosanskohercegova\u010dkom politi\u010dkom i kulturnom kontekstu modernog vremena. Vjerujemo da je ovo nova prekretnica, koja \u0107e biti podsticaj za istra\u017eivanja kako u Bosni i Hercegovini tako i u svijetu.<\/p>\n\n\n\n<p>Prof. dr. Faris Gavrankapetanovi\u0107<\/p>\n\n\n\n<p>Direktor Bo\u0161nja\u010dkog instituta \u2013 Fondacije Adila Zulfikarpa\u0161i\u0107a<\/p>\n\n\n\n<hr class=\"wp-block-separator\"\/>\n\n\n\n<p><strong>Preuzmite PDF \/ izvor:<\/strong><\/p>\n\n\n\n<figure class=\"wp-block-embed-wordpress wp-block-embed is-type-wp-embed is-provider-bosnjacki-institut\"><div class=\"wp-block-embed__wrapper\">\n<blockquote class=\"wp-embedded-content\" data-secret=\"Cjy4uoXaWj\"><a href=\"https:\/\/bosnjackiinstitut.ba\/knjiga\/adil-zulfikarpasic-i-liberalne-politicke-inicijative-zbornik-radova\">Adil Zulfikarpa\u0161i\u0107 i liberalne politi\u010dke inicijative : zbornik radova<\/a><\/blockquote><iframe loading=\"lazy\" class=\"wp-embedded-content\" sandbox=\"allow-scripts\" security=\"restricted\" style=\"position: absolute; clip: rect(1px, 1px, 1px, 1px);\" title=\"&#8220;Adil Zulfikarpa\u0161i\u0107 i liberalne politi\u010dke inicijative : zbornik radova&#8221; &#8212; Bo\u0161nja\u010dki institut\" src=\"https:\/\/bosnjackiinstitut.ba\/knjiga\/adil-zulfikarpasic-i-liberalne-politicke-inicijative-zbornik-radova\/embed#?secret=Cjy4uoXaWj\" data-secret=\"Cjy4uoXaWj\" width=\"600\" height=\"338\" frameborder=\"0\" marginwidth=\"0\" marginheight=\"0\" scrolling=\"no\"><\/iframe>\n<\/div><\/figure>\n\n\n\n<hr class=\"wp-block-separator\"\/>\n","protected":false},"excerpt":{"rendered":"","protected":false},"author":2,"featured_media":28849,"comment_status":"open","ping_status":"open","sticky":false,"template":"","format":"standard","meta":{"_acf_changed":false,"jetpack_post_was_ever_published":false,"_jetpack_newsletter_access":"","_jetpack_dont_email_post_to_subs":false,"_jetpack_newsletter_tier_id":0,"_jetpack_memberships_contains_paywalled_content":false,"_jetpack_memberships_contains_paid_content":false,"footnotes":"","jetpack_publicize_message":"","jetpack_publicize_feature_enabled":true,"jetpack_social_post_already_shared":true,"jetpack_social_options":{"image_generator_settings":{"template":"highway","default_image_id":0,"font":"","enabled":false},"version":2}},"categories":[19,8,3],"tags":[],"class_list":["post-28848","post","type-post","status-publish","format-standard","has-post-thumbnail","hentry","category-e-knjige","category-knjige","category-novosti"],"acf":{"facebook_opis":""},"jetpack_publicize_connections":[],"jetpack_featured_media_url":"https:\/\/i0.wp.com\/historiografija.hr\/wp-content\/uploads\/2021\/12\/Zbornik.jpg?fit=695%2C1024&ssl=1","jetpack_sharing_enabled":true,"jetpack-related-posts":[],"_links":{"self":[{"href":"https:\/\/historiografija.hr\/index.php?rest_route=\/wp\/v2\/posts\/28848","targetHints":{"allow":["GET"]}}],"collection":[{"href":"https:\/\/historiografija.hr\/index.php?rest_route=\/wp\/v2\/posts"}],"about":[{"href":"https:\/\/historiografija.hr\/index.php?rest_route=\/wp\/v2\/types\/post"}],"author":[{"embeddable":true,"href":"https:\/\/historiografija.hr\/index.php?rest_route=\/wp\/v2\/users\/2"}],"replies":[{"embeddable":true,"href":"https:\/\/historiografija.hr\/index.php?rest_route=%2Fwp%2Fv2%2Fcomments&post=28848"}],"version-history":[{"count":1,"href":"https:\/\/historiografija.hr\/index.php?rest_route=\/wp\/v2\/posts\/28848\/revisions"}],"predecessor-version":[{"id":28850,"href":"https:\/\/historiografija.hr\/index.php?rest_route=\/wp\/v2\/posts\/28848\/revisions\/28850"}],"wp:featuredmedia":[{"embeddable":true,"href":"https:\/\/historiografija.hr\/index.php?rest_route=\/wp\/v2\/media\/28849"}],"wp:attachment":[{"href":"https:\/\/historiografija.hr\/index.php?rest_route=%2Fwp%2Fv2%2Fmedia&parent=28848"}],"wp:term":[{"taxonomy":"category","embeddable":true,"href":"https:\/\/historiografija.hr\/index.php?rest_route=%2Fwp%2Fv2%2Fcategories&post=28848"},{"taxonomy":"post_tag","embeddable":true,"href":"https:\/\/historiografija.hr\/index.php?rest_route=%2Fwp%2Fv2%2Ftags&post=28848"}],"curies":[{"name":"wp","href":"https:\/\/api.w.org\/{rel}","templated":true}]}}