{"id":28839,"date":"2021-12-17T19:35:03","date_gmt":"2021-12-17T19:35:03","guid":{"rendered":"http:\/\/historiografija.hr\/?p=28839"},"modified":"2021-12-17T19:37:44","modified_gmt":"2021-12-17T19:37:44","slug":"boundaries-and-borders-in-the-post-yugoslav-space-a-european-experience","status":"publish","type":"post","link":"https:\/\/historiografija.hr\/?p=28839","title":{"rendered":"Boundaries and Borders in the Post-Yugoslav Space: A European Experience"},"content":{"rendered":"\n<p><strong>Granice na postjugoslovenskom prostoru<\/strong><\/p>\n\n\n\n<p>Izdava\u010dka ku\u0107a <em>de Gruyter<\/em> iz Oldenburga je objavila knjigu \u201eBoundaries and Borders in the Post-Yugoslav Space. A European Experience\u201c, koju su uredili Nenad Stefanov i Sr\u0111an Radovi\u0107. Rije\u010d je o zborniku radova u kojem pi\u0161u Milivoj Be\u0161lin, Dana Dolghin, Marko Zajc, Peter Mik\u0161a, Matija Zorn, Vedran Duan\u010di\u0107, Sr\u0111an Radovi\u0107, Petar Todorov, Kaja \u0160irok, Tatjana Sekuli\u0107, Katharina Tyran, Stefan Detchev i Ru\u017ea Fotiadis.<\/p>\n\n\n\n<hr class=\"wp-block-separator\"\/>\n\n\n\n<p>Izvor i dodatne informacije:<\/p>\n\n\n\n<p><a href=\"https:\/\/historiografija.ba\/article.php?id=878\">https:\/\/historiografija.ba\/article.php?id=878<\/a><\/p>\n\n\n\n<hr class=\"wp-block-separator\"\/>\n\n\n\n<p><strong>Boundaries and Borders in the Post-Yugoslav Space<\/strong><\/p>\n\n\n\n<p>The disintegration of Yugoslavia, accompanied by the emergence of new borders, is paradigmatically highlighting the relevance of borders in processes of societal change, crisis and conflict. This is even more the case, if we consider the violent practices that evolved out of populist discourse of ethnically homogenous bounded space in this process that happened in the wars in Yugoslavia in the 1990ies.<\/p>\n\n\n\n<p>Exploring the boundaries of Yugoslavia is not just relevant in the context of Balkan area studies, but the sketched phenomena acquire much wider importance, and can be helpful in order to better understand the dynamics of b\/ordering societal space, that are so characteristic for our present situation.<\/p>\n\n\n\n<hr class=\"wp-block-separator\"\/>\n\n\n\n<p><strong>Nenad Stefanov<\/strong>, Humboldt Univesity of Berlin; <strong>Srdjan Radovi\u0107<\/strong>, Serbian Academy of Sciences and Arts<\/p>\n\n\n\n<hr class=\"wp-block-separator\"\/>\n\n\n\n<p><strong>Contents:<\/strong><\/p>\n\n\n\n<p><a href=\"https:\/\/www.degruyter.com\/document\/doi\/10.1515\/9783110712766\/html\">https:\/\/www.degruyter.com\/document\/doi\/10.1515\/9783110712766\/html<\/a><\/p>\n\n\n\n<hr class=\"wp-block-separator\"\/>\n","protected":false},"excerpt":{"rendered":"","protected":false},"author":2,"featured_media":28840,"comment_status":"open","ping_status":"open","sticky":false,"template":"","format":"standard","meta":{"_acf_changed":false,"jetpack_post_was_ever_published":false,"_jetpack_newsletter_access":"","_jetpack_dont_email_post_to_subs":false,"_jetpack_newsletter_tier_id":0,"_jetpack_memberships_contains_paywalled_content":false,"_jetpack_memberships_contains_paid_content":false,"footnotes":"","jetpack_publicize_message":"","jetpack_publicize_feature_enabled":true,"jetpack_social_post_already_shared":true,"jetpack_social_options":{"image_generator_settings":{"template":"highway","default_image_id":0,"font":"","enabled":false},"version":2}},"categories":[8,3],"tags":[],"class_list":["post-28839","post","type-post","status-publish","format-standard","has-post-thumbnail","hentry","category-knjige","category-novosti"],"acf":{"facebook_opis":""},"jetpack_publicize_connections":[],"jetpack_featured_media_url":"https:\/\/i0.wp.com\/historiografija.hr\/wp-content\/uploads\/2021\/12\/Borders.jpg?fit=450%2C664&ssl=1","jetpack_sharing_enabled":true,"jetpack-related-posts":[],"_links":{"self":[{"href":"https:\/\/historiografija.hr\/index.php?rest_route=\/wp\/v2\/posts\/28839","targetHints":{"allow":["GET"]}}],"collection":[{"href":"https:\/\/historiografija.hr\/index.php?rest_route=\/wp\/v2\/posts"}],"about":[{"href":"https:\/\/historiografija.hr\/index.php?rest_route=\/wp\/v2\/types\/post"}],"author":[{"embeddable":true,"href":"https:\/\/historiografija.hr\/index.php?rest_route=\/wp\/v2\/users\/2"}],"replies":[{"embeddable":true,"href":"https:\/\/historiografija.hr\/index.php?rest_route=%2Fwp%2Fv2%2Fcomments&post=28839"}],"version-history":[{"count":4,"href":"https:\/\/historiografija.hr\/index.php?rest_route=\/wp\/v2\/posts\/28839\/revisions"}],"predecessor-version":[{"id":28844,"href":"https:\/\/historiografija.hr\/index.php?rest_route=\/wp\/v2\/posts\/28839\/revisions\/28844"}],"wp:featuredmedia":[{"embeddable":true,"href":"https:\/\/historiografija.hr\/index.php?rest_route=\/wp\/v2\/media\/28840"}],"wp:attachment":[{"href":"https:\/\/historiografija.hr\/index.php?rest_route=%2Fwp%2Fv2%2Fmedia&parent=28839"}],"wp:term":[{"taxonomy":"category","embeddable":true,"href":"https:\/\/historiografija.hr\/index.php?rest_route=%2Fwp%2Fv2%2Fcategories&post=28839"},{"taxonomy":"post_tag","embeddable":true,"href":"https:\/\/historiografija.hr\/index.php?rest_route=%2Fwp%2Fv2%2Ftags&post=28839"}],"curies":[{"name":"wp","href":"https:\/\/api.w.org\/{rel}","templated":true}]}}