{"id":28826,"date":"2021-12-17T19:05:40","date_gmt":"2021-12-17T19:05:40","guid":{"rendered":"http:\/\/historiografija.hr\/?p=28826"},"modified":"2021-12-17T19:06:51","modified_gmt":"2021-12-17T19:06:51","slug":"inkluzivno-sjecanje-preporuke-za-komemoriranje-civilnih-zrtava-rata-za-predstavnike-lokalne-i-podrucne-samouprave-u-republici-hrvatskoj","status":"publish","type":"post","link":"https:\/\/historiografija.hr\/?p=28826","title":{"rendered":"Inkluzivno sje\u0107anje: Preporuke za komemoriranje civilnih \u017ertava rata za predstavnike lokalne i podru\u010dne samouprave u Republici Hrvatskoj"},"content":{"rendered":"\n<p>U izdanju Inicijative mladih za ljudska prava u Zagrebu u listopadu 2021. godine objavljena je publikacija &#8220;Inkluzivno sje\u0107anje: Preporuke za komemoriranje civilnih \u017ertava rata za predstavnike lokalne i podru\u010dne samouprave u Republici Hrvatskoj&#8221;, \u010dija je urednica Branka Vierda. Publikacija je dostupna i u pdf-obliku.<\/p>\n\n\n\n<hr class=\"wp-block-separator\"\/>\n\n\n\n<p><a href=\"http:\/\/yihr.hr\/hr\/publikacije\/\">http:\/\/yihr.hr\/hr\/publikacije\/<\/a><\/p>\n\n\n\n<hr class=\"wp-block-separator\"\/>\n\n\n\n<p><a href=\"http:\/\/yihr.hr\/wp-content\/uploads\/2021\/12\/Inkluzivno-sje%C4%87anje-Preporuke.pdf\">Publikacija<\/a><\/p>\n\n\n\n<hr class=\"wp-block-separator\"\/>\n\n\n\n<p><\/p>\n","protected":false},"excerpt":{"rendered":"","protected":false},"author":2,"featured_media":28827,"comment_status":"open","ping_status":"open","sticky":false,"template":"","format":"standard","meta":{"_acf_changed":false,"jetpack_post_was_ever_published":false,"_jetpack_newsletter_access":"","_jetpack_dont_email_post_to_subs":false,"_jetpack_newsletter_tier_id":0,"_jetpack_memberships_contains_paywalled_content":false,"_jetpack_memberships_contains_paid_content":false,"footnotes":"","jetpack_publicize_message":"","jetpack_publicize_feature_enabled":true,"jetpack_social_post_already_shared":true,"jetpack_social_options":{"image_generator_settings":{"template":"highway","default_image_id":0,"font":"","enabled":false},"version":2}},"categories":[19,3],"tags":[],"class_list":["post-28826","post","type-post","status-publish","format-standard","has-post-thumbnail","hentry","category-e-knjige","category-novosti"],"acf":{"facebook_opis":""},"jetpack_publicize_connections":[],"jetpack_featured_media_url":"https:\/\/i0.wp.com\/historiografija.hr\/wp-content\/uploads\/2021\/12\/yihr-logo.jpg?fit=540%2C395&ssl=1","jetpack_sharing_enabled":true,"jetpack-related-posts":[],"_links":{"self":[{"href":"https:\/\/historiografija.hr\/index.php?rest_route=\/wp\/v2\/posts\/28826","targetHints":{"allow":["GET"]}}],"collection":[{"href":"https:\/\/historiografija.hr\/index.php?rest_route=\/wp\/v2\/posts"}],"about":[{"href":"https:\/\/historiografija.hr\/index.php?rest_route=\/wp\/v2\/types\/post"}],"author":[{"embeddable":true,"href":"https:\/\/historiografija.hr\/index.php?rest_route=\/wp\/v2\/users\/2"}],"replies":[{"embeddable":true,"href":"https:\/\/historiografija.hr\/index.php?rest_route=%2Fwp%2Fv2%2Fcomments&post=28826"}],"version-history":[{"count":2,"href":"https:\/\/historiografija.hr\/index.php?rest_route=\/wp\/v2\/posts\/28826\/revisions"}],"predecessor-version":[{"id":28829,"href":"https:\/\/historiografija.hr\/index.php?rest_route=\/wp\/v2\/posts\/28826\/revisions\/28829"}],"wp:featuredmedia":[{"embeddable":true,"href":"https:\/\/historiografija.hr\/index.php?rest_route=\/wp\/v2\/media\/28827"}],"wp:attachment":[{"href":"https:\/\/historiografija.hr\/index.php?rest_route=%2Fwp%2Fv2%2Fmedia&parent=28826"}],"wp:term":[{"taxonomy":"category","embeddable":true,"href":"https:\/\/historiografija.hr\/index.php?rest_route=%2Fwp%2Fv2%2Fcategories&post=28826"},{"taxonomy":"post_tag","embeddable":true,"href":"https:\/\/historiografija.hr\/index.php?rest_route=%2Fwp%2Fv2%2Ftags&post=28826"}],"curies":[{"name":"wp","href":"https:\/\/api.w.org\/{rel}","templated":true}]}}