{"id":28820,"date":"2021-12-16T23:05:34","date_gmt":"2021-12-16T23:05:34","guid":{"rendered":"http:\/\/historiografija.hr\/?p=28820"},"modified":"2021-12-21T18:02:25","modified_gmt":"2021-12-21T18:02:25","slug":"xiv-forum-za-tranzicionu-pravdu-postjugoslovenskim-zemljama-prekinuto-pomirenje-kojim-putem-nastaviti","status":"publish","type":"post","link":"https:\/\/historiografija.hr\/?p=28820","title":{"rendered":"XIV Forum za tranzicionu pravdu u postjugoslovenskim zemljama: Prekinuto pomirenje \u2013 kojim putem nastaviti?"},"content":{"rendered":"\n<p>U Beogradu \u0107e u petak 17. i subotu 18. decembra biti odr\u017ean XIV Forum za tranzicionu pravdu u postjugoslovenskim zemljama.<\/p>\n\n\n\n<hr class=\"wp-block-separator\"\/>\n\n\n\n<p><strong>XIV Forum za tranzicionu pravdu u postjugoslovenskim zemljama<\/strong>&nbsp;<\/p>\n\n\n\n<p><strong>Prekinuto pomirenje \u2013 kojim putem nastaviti?<\/strong>&nbsp;<\/p>\n\n\n\n<p><strong>17. i 18.12.2021.<\/strong><\/p>\n\n\n\n<p>&nbsp;<strong>Dnevni red&nbsp;<\/strong>&nbsp;<\/p>\n\n\n\n<p><strong>17.12.2021.<\/strong>&nbsp;<\/p>\n\n\n\n<p><strong>9.15 Otvaranje Foruma:&nbsp;<\/strong>&nbsp;<\/p>\n\n\n\n<p>Nata\u0161a Kandi\u0107, REKOM mre\u017ea pomirenja&nbsp;<\/p>\n\n\n\n<p><strong>9.30 \u2013 11.00 I panel<\/strong>&nbsp;<\/p>\n\n\n\n<p><strong>Iz ugla aktivista za ljudska prava i o njima<\/strong>&nbsp;<\/p>\n\n\n\n<p><strong>Moderator: <\/strong>Vesna Ter\u0161eli\u010d, Documenta&nbsp;<\/p>\n\n\n\n<p><strong>Panelisti:<\/strong>&nbsp;<\/p>\n\n\n\n<p>Branka Vierda, Inicijativa mladih za ljudska prava u Hrvatskoj&nbsp;<\/p>\n\n\n\n<p>Daliborka Uljarevi\u0107, Centar za gra\u0111ansko obrazovanje&nbsp;<\/p>\n\n\n\n<p>Bekim Blakaj, Fond za humanitarno pravo Kosovo&nbsp;<\/p>\n\n\n\n<p>Edvin Kanka \u0106udi\u0107, Udru\u017eenje za dru\u0161tvene istra\u017eivanja i komunikaciju (UDIK)<\/p>\n\n\n\n<p>Ivan \u0110uri\u0107, Inicijativa mladih za ljudska prava u Srbiji&nbsp;<\/p>\n\n\n\n<p>dr Sanja Vico, Londonska \u0161kola ekonomskih i politi\u010dkih nauka (LSE)&nbsp;<\/p>\n\n\n\n<p><strong>11.30 -13.15 II panel<\/strong>&nbsp;<\/p>\n\n\n\n<p><strong>Iz ugla akademske zajednice<\/strong>&nbsp;<\/p>\n\n\n\n<p><strong>Moderator:&nbsp; <\/strong>prof. dr Milena Dragi\u0107evi\u0107 \u0160e\u0161i\u0107,&nbsp; Fakultet dramskih umetnosti u Beogradu&nbsp;<\/p>\n\n\n\n<p><strong>Panelisti:<\/strong>&nbsp;<\/p>\n\n\n\n<p>prof. dr Zarije Seizovi\u0107, Fakultet politi\u010dkih nauka u Sarajevu&nbsp;&nbsp;&nbsp;<\/p>\n\n\n\n<p>dr Ana Milo\u0161evi\u0107, postdoktorantkinja, KU Leuven&nbsp;<\/p>\n\n\n\n<p>dr Branimir Jankovi\u0107, Filozofski fakultet u Zagrebu&nbsp;<\/p>\n\n\n\n<p>prof. dr Aidan Hehir, Univerzitet Vestminster (online)&nbsp;<\/p>\n\n\n\n<p><strong>14.15 \u2013 15.45 III panel<\/strong>&nbsp;<\/p>\n\n\n\n<p><strong>Iz ugla akademske zajednice<\/strong>&nbsp;<\/p>\n\n\n\n<p><strong>Moderator: <\/strong>prof. dr Zarije Seizovi\u0107, Fakultet politi\u010dkih nauka u Sarajevu&nbsp;&nbsp;&nbsp;<\/p>\n\n\n\n<p><strong>Panelisti:<\/strong>&nbsp;<\/p>\n\n\n\n<p>dr Ivan \u010colovi\u0107, \u201eBiblioteka XX vek\u201c&nbsp;<\/p>\n\n\n\n<p>prof. dr Neboj\u0161a Petrovi\u0107, Filozofski fakultet u Beogradu&nbsp;&nbsp;<\/p>\n\n\n\n<p>Kristina Vugdelija, asistentica\/doktorantkinja, Filozofski fakultet u Zagrebu&nbsp;<\/p>\n\n\n\n<p>prof. dr Eric Gordy, Univerzitetski koled\u017e u Londonu&nbsp;&nbsp;<\/p>\n\n\n\n<p><strong>18. 12. 2021.<\/strong><\/p>\n\n\n\n<p><strong>9.30 -11.00 I panel<\/strong>&nbsp;<\/p>\n\n\n\n<p><strong>Iz ugla porodica \u017ertava i branitelja<\/strong>&nbsp;<\/p>\n\n\n\n<p><strong>Moderator: <\/strong>Nata\u0161a Kandi\u0107&nbsp;<\/p>\n\n\n\n<p><strong>Panelisti:&nbsp;<\/strong>&nbsp;<\/p>\n\n\n\n<p>Midheta Kaloper Oruli, Udru\u017eenje \u017ertava rata Fo\u010da 92-95&nbsp;<\/p>\n\n\n\n<p>Fred Mati\u0107, ministar branitelja 2011-2016, poslanik u EP&nbsp;<\/p>\n\n\n\n<p>Besnik Beqaj, pravnik&nbsp;<\/p>\n\n\n\n<p>Marica \u0160eatovi\u0107, Udru\u017eenje \u201eProtiv zaborava\u201c&nbsp;<\/p>\n\n\n\n<p>Marinko \u0110uri\u0107, Udru\u017eenje kosmetskih stradalnika&nbsp;<\/p>\n\n\n\n<p><strong>11.30 \u2013 13.00 II panel<\/strong>&nbsp;<\/p>\n\n\n\n<p><strong>Iz ugla umetnika i pisaca<\/strong>&nbsp;<\/p>\n\n\n\n<p><strong>Modertor: <\/strong>Sa\u0161a Ili\u0107, pisac&nbsp;<\/p>\n\n\n\n<p><strong>Panelisti:<\/strong>&nbsp;<\/p>\n\n\n\n<p>Ivana Bodro\u017ei\u0107, knji\u017eevnica<\/p>\n\n\n\n<p>Stevan Filipovi\u0107, reditelj&nbsp;<\/p>\n\n\n\n<p>prof. dr Svetlana Slap\u0161ak, knji\u017eevnica (oniline)&nbsp;<\/p>\n\n\n\n<p>Jeton Neziraj, dramaturg&nbsp;<\/p>\n\n\n\n<p>Andro Martinovi\u0107, reditelj&nbsp;<\/p>\n\n\n\n<p><strong>14.15 \u2013 16.15 III panel<\/strong>&nbsp;<\/p>\n\n\n\n<p><strong>Iz ugla politi\u010dara:<\/strong>&nbsp;<\/p>\n\n\n\n<p><strong>Moderator: Adriatik Kelmendi, novinar&nbsp;<\/strong>&nbsp;<\/p>\n\n\n\n<p><strong>Panelisti:<\/strong>&nbsp;<\/p>\n\n\n\n<p>prof. dr. Ivo Josipovi\u0107, predsednik Republike Hrvatske 2010-2015<\/p>\n\n\n\n<p>dr Vesna Pe\u0161i\u0107, narodna poslanica 2007-2010, liderka gra\u0111anskih protesta 1996\/97 &nbsp;<\/p>\n\n\n\n<p>Ranko Krivokapi\u0107, predsednik Skup\u0161tine Crne Gore 2003-2016&nbsp;<\/p>\n\n\n\n<p>Vjosa Dobruna, ambasadorka Kosova u Holandiji 2013-2018&nbsp;<\/p>\n\n\n\n<p>Shaip Kamberi, poslanik u Narodnoj skup\u0161tini Srbije&nbsp;<\/p>\n\n\n\n<p>Bal\u0161a Bo\u017eovi\u0107, poslanik u Narodnoj Skup\u0161tini Srbije 2012-2016&nbsp;<\/p>\n\n\n\n<p><strong>16.15 -16.30 Rezime&nbsp;&nbsp;<\/strong>&nbsp;<\/p>\n\n\n\n<p><strong>Link za registraciju i pra\u0107enje:&nbsp;<\/strong><\/p>\n\n\n\n<p><a href=\"https:\/\/us02web.zoom.us\/webinar\/register\/WN_FAtwMO1eTNiIhpmVqzDrbQ\">https:\/\/us02web.zoom.us\/webinar\/register\/WN_FAtwMO1eTNiIhpmVqzDrbQ<\/a><\/p>\n\n\n\n<hr class=\"wp-block-separator\"\/>\n\n\n\n<p>Izvori:<\/p>\n\n\n\n<figure class=\"wp-block-embed-wordpress wp-block-embed is-type-wp-embed is-provider-rekom-komra-recom\"><div class=\"wp-block-embed__wrapper\">\n<blockquote class=\"wp-embedded-content\" data-secret=\"MErxBwmW4J\"><a href=\"https:\/\/www.recom.link\/bhsc\/xiv-forum-za-tranzicionu-pravdu-postjugoslovenskim-zemljama-prekinuto-pomirenje-kojim-putem-nastaviti\/\">XIV Forum za tranzicionu pravdu postjugoslovenskim zemljama: Prekinuto pomirenje \u2013 kojim putem nastaviti?<\/a><\/blockquote><iframe loading=\"lazy\" class=\"wp-embedded-content\" sandbox=\"allow-scripts\" security=\"restricted\" style=\"position: absolute; clip: rect(1px, 1px, 1px, 1px);\" title=\"&#8220;XIV Forum za tranzicionu pravdu postjugoslovenskim zemljama: Prekinuto pomirenje \u2013 kojim putem nastaviti?&#8221; &#8212; REKOM ~ KOMRA ~ RECOM\" src=\"https:\/\/www.recom.link\/bhsc\/xiv-forum-za-tranzicionu-pravdu-postjugoslovenskim-zemljama-prekinuto-pomirenje-kojim-putem-nastaviti\/embed\/#?secret=MErxBwmW4J\" data-secret=\"MErxBwmW4J\" width=\"600\" height=\"338\" frameborder=\"0\" marginwidth=\"0\" marginheight=\"0\" scrolling=\"no\"><\/iframe>\n<\/div><\/figure>\n\n\n\n<figure class=\"wp-block-embed-wordpress wp-block-embed is-type-wp-embed is-provider-documenta\"><div class=\"wp-block-embed__wrapper\">\n<blockquote class=\"wp-embedded-content\" data-secret=\"1j4YPe2q2f\"><a href=\"https:\/\/documenta.hr\/novosti\/pocinje-xiv-forum-za-tranzicijsku-pravdu\/\">Po\u010dinje XIV Forum za tranzicijsku pravdu<\/a><\/blockquote><iframe loading=\"lazy\" class=\"wp-embedded-content\" sandbox=\"allow-scripts\" security=\"restricted\" style=\"position: absolute; clip: rect(1px, 1px, 1px, 1px);\" title=\"&#8220;Po\u010dinje XIV Forum za tranzicijsku pravdu&#8221; &#8212; Documenta\" src=\"https:\/\/documenta.hr\/novosti\/pocinje-xiv-forum-za-tranzicijsku-pravdu\/embed\/#?secret=1j4YPe2q2f\" data-secret=\"1j4YPe2q2f\" width=\"600\" height=\"338\" frameborder=\"0\" marginwidth=\"0\" marginheight=\"0\" scrolling=\"no\"><\/iframe>\n<\/div><\/figure>\n\n\n\n<hr class=\"wp-block-separator\"\/>\n\n\n\n<p>Iz medija:<\/p>\n\n\n\n<p><a href=\"https:\/\/www.jutarnji.hr\/vijesti\/hrvatska\/zazivanje-rata-negiranje-genocida-murali-ratnim-zlocincima-stasala-je-nova-generacija-spremna-za-sukob-15135115\">https:\/\/www.jutarnji.hr\/vijesti\/hrvatska\/zazivanje-rata-negiranje-genocida-murali-ratnim-zlocincima-stasala-je-nova-generacija-spremna-za-sukob-15135115<\/a><\/p>\n\n\n\n<figure class=\"wp-block-embed-wordpress wp-block-embed is-type-wp-embed is-provider-autonomija\"><div class=\"wp-block-embed__wrapper\">\n<blockquote class=\"wp-embedded-content\" data-secret=\"42yZp8s8SK\"><a href=\"https:\/\/www.autonomija.info\/zrtva-iz-foce-da-prekinemo-pakao-na-balkanu.html\">\u017drtva iz Fo\u010de: Da prekinemo pakao na Balkanu<\/a><\/blockquote><iframe loading=\"lazy\" class=\"wp-embedded-content\" sandbox=\"allow-scripts\" security=\"restricted\" style=\"position: absolute; clip: rect(1px, 1px, 1px, 1px);\" title=\"&#132;\u017drtva iz Fo\u010de: Da prekinemo pakao na Balkanu&#147; &#8212; Autonomija\" src=\"https:\/\/www.autonomija.info\/zrtva-iz-foce-da-prekinemo-pakao-na-balkanu.html\/embed#?secret=42yZp8s8SK\" data-secret=\"42yZp8s8SK\" width=\"600\" height=\"338\" frameborder=\"0\" marginwidth=\"0\" marginheight=\"0\" scrolling=\"no\"><\/iframe>\n<\/div><\/figure>\n\n\n\n<hr class=\"wp-block-separator\"\/>\n","protected":false},"excerpt":{"rendered":"","protected":false},"author":2,"featured_media":28821,"comment_status":"open","ping_status":"open","sticky":false,"template":"","format":"standard","meta":{"_acf_changed":false,"jetpack_post_was_ever_published":false,"_jetpack_newsletter_access":"","_jetpack_dont_email_post_to_subs":false,"_jetpack_newsletter_tier_id":0,"_jetpack_memberships_contains_paywalled_content":false,"_jetpack_memberships_contains_paid_content":false,"footnotes":"","jetpack_publicize_message":"","jetpack_publicize_feature_enabled":true,"jetpack_social_post_already_shared":true,"jetpack_social_options":{"image_generator_settings":{"template":"highway","default_image_id":0,"font":"","enabled":false},"version":2}},"categories":[3,9],"tags":[],"class_list":["post-28820","post","type-post","status-publish","format-standard","has-post-thumbnail","hentry","category-novosti","category-skupovi"],"acf":{"facebook_opis":""},"jetpack_publicize_connections":[],"jetpack_featured_media_url":"https:\/\/i0.wp.com\/historiografija.hr\/wp-content\/uploads\/2021\/12\/grafika-XIV-Forum.jpg?fit=1024%2C576&ssl=1","jetpack_sharing_enabled":true,"jetpack-related-posts":[],"_links":{"self":[{"href":"https:\/\/historiografija.hr\/index.php?rest_route=\/wp\/v2\/posts\/28820","targetHints":{"allow":["GET"]}}],"collection":[{"href":"https:\/\/historiografija.hr\/index.php?rest_route=\/wp\/v2\/posts"}],"about":[{"href":"https:\/\/historiografija.hr\/index.php?rest_route=\/wp\/v2\/types\/post"}],"author":[{"embeddable":true,"href":"https:\/\/historiografija.hr\/index.php?rest_route=\/wp\/v2\/users\/2"}],"replies":[{"embeddable":true,"href":"https:\/\/historiografija.hr\/index.php?rest_route=%2Fwp%2Fv2%2Fcomments&post=28820"}],"version-history":[{"count":4,"href":"https:\/\/historiografija.hr\/index.php?rest_route=\/wp\/v2\/posts\/28820\/revisions"}],"predecessor-version":[{"id":28892,"href":"https:\/\/historiografija.hr\/index.php?rest_route=\/wp\/v2\/posts\/28820\/revisions\/28892"}],"wp:featuredmedia":[{"embeddable":true,"href":"https:\/\/historiografija.hr\/index.php?rest_route=\/wp\/v2\/media\/28821"}],"wp:attachment":[{"href":"https:\/\/historiografija.hr\/index.php?rest_route=%2Fwp%2Fv2%2Fmedia&parent=28820"}],"wp:term":[{"taxonomy":"category","embeddable":true,"href":"https:\/\/historiografija.hr\/index.php?rest_route=%2Fwp%2Fv2%2Fcategories&post=28820"},{"taxonomy":"post_tag","embeddable":true,"href":"https:\/\/historiografija.hr\/index.php?rest_route=%2Fwp%2Fv2%2Ftags&post=28820"}],"curies":[{"name":"wp","href":"https:\/\/api.w.org\/{rel}","templated":true}]}}