{"id":28758,"date":"2021-12-14T13:03:40","date_gmt":"2021-12-14T13:03:40","guid":{"rendered":"http:\/\/historiografija.hr\/?p=28758"},"modified":"2021-12-14T13:03:40","modified_gmt":"2021-12-14T13:03:40","slug":"predstavljanje-virtualne-izlozbe-maritimna-kultura-zadarskog-kraja-u-proslosti-sadasnjosti-i-buducnosti","status":"publish","type":"post","link":"https:\/\/historiografija.hr\/?p=28758","title":{"rendered":"Predstavljanje virtualne izlo\u017ebe \u201cMaritimna kultura zadarskog kraja u pro\u0161losti, sada\u0161njosti i budu\u0107nosti\u201d"},"content":{"rendered":"\n<p>Zavod za povijesne znanosti Hrvatske akademije znanosti i umjetnosti u Zadru i Upravni odjel za pomorsko dobro, more i promet Zadarske \u017eupanije organiziraju predstavljanje virtualne izlo\u017ebe <em>Maritimna kultura zadarskog kraja u pro\u0161losti, sada\u0161njosti i budu\u0107nosti<\/em> koje \u0107e se odr\u017eati u petak 17. prosinca 2021. s po\u010detkom u 11 sati u velikoj vije\u0107nici Doma \u017eupanije u Zadru, Bo\u017eidara Petranovi\u0107a 8. Izlo\u017ebu \u0107e predstaviti izv.prof.dr.sc. Tado Or\u0161oli\u0107, Kre\u0161imir La\u0161tro, doc.dr.sc. Luka Grbi\u0107 i dr.sc. Ljiljana Peri\u010din.<\/p>\n\n\n\n<hr class=\"wp-block-separator\"\/>\n\n\n\n<p>Izvor:<\/p>\n\n\n\n<figure class=\"wp-block-embed-wordpress wp-block-embed is-type-wp-embed is-provider-hazu\"><div class=\"wp-block-embed__wrapper\">\n<blockquote class=\"wp-embedded-content\" data-secret=\"NwDsK4J4Zi\"><a href=\"https:\/\/www.info.hazu.hr\/events\/predstavljanje-virtualne-izlozbe-maritimna-kultura-zadarskog-kraja-u-proslosti-sadasnjosti-i-buducnosti\/\">Predstavljanje virtualne izlo\u017ebe Maritimna kultura zadarskog kraja u pro\u0161losti, sada\u0161njosti i budu\u0107nosti<\/a><\/blockquote><iframe loading=\"lazy\" class=\"wp-embedded-content\" sandbox=\"allow-scripts\" security=\"restricted\" style=\"position: absolute; clip: rect(1px, 1px, 1px, 1px);\" title=\"&#8220;Predstavljanje virtualne izlo\u017ebe Maritimna kultura zadarskog kraja u pro\u0161losti, sada\u0161njosti i budu\u0107nosti&#8221; &#8212; HAZU\" src=\"https:\/\/www.info.hazu.hr\/events\/predstavljanje-virtualne-izlozbe-maritimna-kultura-zadarskog-kraja-u-proslosti-sadasnjosti-i-buducnosti\/embed\/#?secret=NwDsK4J4Zi\" data-secret=\"NwDsK4J4Zi\" width=\"600\" height=\"338\" frameborder=\"0\" marginwidth=\"0\" marginheight=\"0\" scrolling=\"no\"><\/iframe>\n<\/div><\/figure>\n\n\n\n<hr class=\"wp-block-separator\"\/>\n","protected":false},"excerpt":{"rendered":"","protected":false},"author":2,"featured_media":28759,"comment_status":"open","ping_status":"open","sticky":false,"template":"","format":"standard","meta":{"_acf_changed":false,"jetpack_post_was_ever_published":false,"_jetpack_newsletter_access":"","_jetpack_dont_email_post_to_subs":false,"_jetpack_newsletter_tier_id":0,"_jetpack_memberships_contains_paywalled_content":false,"_jetpack_memberships_contains_paid_content":false,"footnotes":"","jetpack_publicize_message":"","jetpack_publicize_feature_enabled":true,"jetpack_social_post_already_shared":true,"jetpack_social_options":{"image_generator_settings":{"template":"highway","default_image_id":0,"font":"","enabled":false},"version":2}},"categories":[10,3],"tags":[],"class_list":["post-28758","post","type-post","status-publish","format-standard","has-post-thumbnail","hentry","category-izlozbe","category-novosti"],"acf":{"facebook_opis":""},"jetpack_publicize_connections":[],"jetpack_featured_media_url":"https:\/\/i0.wp.com\/historiografija.hr\/wp-content\/uploads\/2021\/12\/ZD-maritimna.jpg?fit=830%2C412&ssl=1","jetpack_sharing_enabled":true,"jetpack-related-posts":[],"_links":{"self":[{"href":"https:\/\/historiografija.hr\/index.php?rest_route=\/wp\/v2\/posts\/28758","targetHints":{"allow":["GET"]}}],"collection":[{"href":"https:\/\/historiografija.hr\/index.php?rest_route=\/wp\/v2\/posts"}],"about":[{"href":"https:\/\/historiografija.hr\/index.php?rest_route=\/wp\/v2\/types\/post"}],"author":[{"embeddable":true,"href":"https:\/\/historiografija.hr\/index.php?rest_route=\/wp\/v2\/users\/2"}],"replies":[{"embeddable":true,"href":"https:\/\/historiografija.hr\/index.php?rest_route=%2Fwp%2Fv2%2Fcomments&post=28758"}],"version-history":[{"count":1,"href":"https:\/\/historiografija.hr\/index.php?rest_route=\/wp\/v2\/posts\/28758\/revisions"}],"predecessor-version":[{"id":28760,"href":"https:\/\/historiografija.hr\/index.php?rest_route=\/wp\/v2\/posts\/28758\/revisions\/28760"}],"wp:featuredmedia":[{"embeddable":true,"href":"https:\/\/historiografija.hr\/index.php?rest_route=\/wp\/v2\/media\/28759"}],"wp:attachment":[{"href":"https:\/\/historiografija.hr\/index.php?rest_route=%2Fwp%2Fv2%2Fmedia&parent=28758"}],"wp:term":[{"taxonomy":"category","embeddable":true,"href":"https:\/\/historiografija.hr\/index.php?rest_route=%2Fwp%2Fv2%2Fcategories&post=28758"},{"taxonomy":"post_tag","embeddable":true,"href":"https:\/\/historiografija.hr\/index.php?rest_route=%2Fwp%2Fv2%2Ftags&post=28758"}],"curies":[{"name":"wp","href":"https:\/\/api.w.org\/{rel}","templated":true}]}}