{"id":28733,"date":"2021-12-13T15:40:22","date_gmt":"2021-12-13T15:40:22","guid":{"rendered":"http:\/\/historiografija.hr\/?p=28733"},"modified":"2021-12-13T15:42:56","modified_gmt":"2021-12-13T15:42:56","slug":"medunarodna-konferencija-jasenovac-past-and-present-history-and-memory-of-institutionalised-destruction","status":"publish","type":"post","link":"https:\/\/historiografija.hr\/?p=28733","title":{"rendered":"Me\u0111unarodna konferencija &#8220;Jasenovac Past and Present: History and Memory of Institutionalised Destruction&#8221;"},"content":{"rendered":"\n<p>Podsje\u0107amo na vi\u0161estruko najavljivanu me\u0111unarodnu konferenciju <em>Jasenovac Past and Present: History and Memory of Institutionalised Destruction<\/em> (&#8220;Jasenovac: pro\u0161lost i sada\u0161njost &#8211; povijest i sje\u0107anje na institucionalno uni\u0161tenje&#8221;<em>) koja \u0107e se\u00a0<\/em>odr\u017eati od 15. do 17. prosinca 2021. u online obliku.<\/p>\n\n\n\n<hr class=\"wp-block-separator\"\/>\n\n\n\n<p>Konferencija \u0107e okupiti mno\u0161tvo me\u0111unarodnih stru\u010dnjaka koji istra\u017euju \u200b\u200bpovijest i sje\u0107anje na koncentracijski logor Jasenovac metodom kriti\u010dke analize slo\u017eene mre\u017ee koja povezuje pro\u0161lost i sada\u0161njost. Znanstvenici \u0107e preispitivati dugogodi\u0161nje povijesne kontroverze i predstaviti nova istra\u017eivanja, ali i doprinijeti boljem razumijevanju mijenjanja kulture pam\u0107enja tijekom godina.<\/p>\n\n\n\n<p>Povezuju\u0107i lokalnu povijest i sje\u0107anje sa \u0161irim europskim trendovima, konferencija \u0107e otvoriti put intenziviranju istra\u017eiva\u010dke suradnje preko nacionalnih granica te istodobno pomo\u0107i \u0161irenju svijesti o logoru Jasenovac kao jednome od va\u017enijih mjesta holokausta te time pomo\u0107i suzbijanju iskrivljavanja \u010dinjenica i manipulacija koje i dalje optere\u0107uju javnu raspravu i percepcije o logoru.<\/p>\n\n\n\n<p><a href=\"http:\/\/www.jusp-jasenovac.hr\/Uploads\/61\/5019\/5027\/9712\/jasenovac-conference-programme-final-version-7.pdf\">Program konferencije<\/a><\/p>\n\n\n\n<p>Izvor: <a href=\"http:\/\/www.jusp-jasenovac.hr\/Default.aspx?sid=9712\">http:\/\/www.jusp-jasenovac.hr\/Default.aspx?sid=9712<\/a><\/p>\n\n\n\n<p>&#8212;<\/p>\n\n\n\n<p><strong>Jasenovac Past and Present: History and Memory of Institutionalised Destruction<\/strong><\/p>\n\n\n\n<p>Jasenovac Conference Programme<\/p>\n\n\n\n<p><strong>Note: Registration closes on the 14th of December at 12:00!<\/strong><\/p>\n\n\n\n<figure class=\"wp-block-embed is-type-link is-provider-jasenovac-past-and-present\"><div class=\"wp-block-embed__wrapper\">\n<a href=\"https:\/\/jasenovac-past-and-present.org\/\">WELCOME<\/a>\n<\/div><\/figure>\n\n\n\n<p>&#8212;<\/p>\n\n\n\n<h4 class=\"wp-block-heading\">Konferencija o koncentracionom logoru Jasenovcu<\/h4>\n\n\n\n<p>Hugo Valentin Centre sa Univerziteta Uppsala u saradnji sa M\u00e9morial de la Shoah u Parizu, Topographie des Terrors u Berlinu, Odjeljenjem za istoriju Univerziteta u Beogradu, Odsjekom za povijest Filozofskoga fakulteta Sveu\u010dili\u0161ta u Zagrebu i Memorijalnim centrom Jasenovac organziraju konferenciju &#8220;Jasenovac Past and Present: History and Memory of Institutionalised Destruction&#8221;. Konferencija \u0107e se odr\u017eavati od 15. do 17. decembra 2021, u online formatu. Registracija se treba obaviti do 14. decembra do 12:00 sati na ovom <a rel=\"noreferrer noopener\" href=\"https:\/\/reg.akademikonferens.se\/Jasenovac2021\" target=\"_blank\">linku<\/a>.<\/p>\n\n\n\n<p>Izvor: <a href=\"https:\/\/historiografija.ba\/article.php?id=892\">https:\/\/historiografija.ba\/article.php?id=892<\/a><\/p>\n\n\n\n<hr class=\"wp-block-separator\"\/>\n\n\n\n<figure class=\"wp-block-embed-wordpress wp-block-embed is-type-wp-embed is-provider-historiografija-hr\"><div class=\"wp-block-embed__wrapper\">\n<blockquote class=\"wp-embedded-content\" data-secret=\"8hWzd0IsH3\"><a href=\"https:\/\/historiografija.hr\/?p=28269\">International Consortium Organizes Conference on the Jasenovac camp<\/a><\/blockquote><iframe loading=\"lazy\" class=\"wp-embedded-content\" sandbox=\"allow-scripts\" security=\"restricted\" style=\"position: absolute; clip: rect(1px, 1px, 1px, 1px);\" title=\"&#8220;International Consortium Organizes Conference on the Jasenovac camp&#8221; &#8212; Historiografija.hr\" src=\"https:\/\/historiografija.hr\/?p=28269&#038;embed=true#?secret=8hWzd0IsH3\" data-secret=\"8hWzd0IsH3\" width=\"600\" height=\"338\" frameborder=\"0\" marginwidth=\"0\" marginheight=\"0\" scrolling=\"no\"><\/iframe>\n<\/div><\/figure>\n\n\n\n<hr class=\"wp-block-separator\"\/>\n","protected":false},"excerpt":{"rendered":"","protected":false},"author":2,"featured_media":28734,"comment_status":"open","ping_status":"open","sticky":false,"template":"","format":"standard","meta":{"_acf_changed":false,"jetpack_post_was_ever_published":false,"_jetpack_newsletter_access":"","_jetpack_dont_email_post_to_subs":false,"_jetpack_newsletter_tier_id":0,"_jetpack_memberships_contains_paywalled_content":false,"_jetpack_memberships_contains_paid_content":false,"footnotes":"","jetpack_publicize_message":"","jetpack_publicize_feature_enabled":true,"jetpack_social_post_already_shared":true,"jetpack_social_options":{"image_generator_settings":{"template":"highway","default_image_id":0,"font":"","enabled":false},"version":2}},"categories":[3,9],"tags":[],"class_list":["post-28733","post","type-post","status-publish","format-standard","has-post-thumbnail","hentry","category-novosti","category-skupovi"],"acf":{"facebook_opis":""},"jetpack_publicize_connections":[],"jetpack_featured_media_url":"https:\/\/i0.wp.com\/historiografija.hr\/wp-content\/uploads\/2021\/12\/Jasenovac-2021-scaled.jpg?fit=2560%2C912&ssl=1","jetpack_sharing_enabled":true,"jetpack-related-posts":[],"_links":{"self":[{"href":"https:\/\/historiografija.hr\/index.php?rest_route=\/wp\/v2\/posts\/28733","targetHints":{"allow":["GET"]}}],"collection":[{"href":"https:\/\/historiografija.hr\/index.php?rest_route=\/wp\/v2\/posts"}],"about":[{"href":"https:\/\/historiografija.hr\/index.php?rest_route=\/wp\/v2\/types\/post"}],"author":[{"embeddable":true,"href":"https:\/\/historiografija.hr\/index.php?rest_route=\/wp\/v2\/users\/2"}],"replies":[{"embeddable":true,"href":"https:\/\/historiografija.hr\/index.php?rest_route=%2Fwp%2Fv2%2Fcomments&post=28733"}],"version-history":[{"count":4,"href":"https:\/\/historiografija.hr\/index.php?rest_route=\/wp\/v2\/posts\/28733\/revisions"}],"predecessor-version":[{"id":28738,"href":"https:\/\/historiografija.hr\/index.php?rest_route=\/wp\/v2\/posts\/28733\/revisions\/28738"}],"wp:featuredmedia":[{"embeddable":true,"href":"https:\/\/historiografija.hr\/index.php?rest_route=\/wp\/v2\/media\/28734"}],"wp:attachment":[{"href":"https:\/\/historiografija.hr\/index.php?rest_route=%2Fwp%2Fv2%2Fmedia&parent=28733"}],"wp:term":[{"taxonomy":"category","embeddable":true,"href":"https:\/\/historiografija.hr\/index.php?rest_route=%2Fwp%2Fv2%2Fcategories&post=28733"},{"taxonomy":"post_tag","embeddable":true,"href":"https:\/\/historiografija.hr\/index.php?rest_route=%2Fwp%2Fv2%2Ftags&post=28733"}],"curies":[{"name":"wp","href":"https:\/\/api.w.org\/{rel}","templated":true}]}}