{"id":28731,"date":"2021-12-13T15:27:06","date_gmt":"2021-12-13T15:27:06","guid":{"rendered":"http:\/\/historiografija.hr\/?p=28731"},"modified":"2021-12-13T15:27:20","modified_gmt":"2021-12-13T15:27:20","slug":"international-conference-non-german-camps-during-the-holocaust-period","status":"publish","type":"post","link":"https:\/\/historiografija.hr\/?p=28731","title":{"rendered":"International Conference \u201cNon-German Camps during the Holocaust Period\u201d"},"content":{"rendered":"\n<p>U organizaciji Yad Vashema \u2013 svjetskog centra za sje\u0107anje na holokaust odr\u017eana je online od 6. do 9. prosinca 2021. me\u0111unarodna konferencija o nenjema\u010dkim logorima \u201cNon-German Camps during the Holocaust Period\u201d, na kojoj je bilo nekoliko izlaganja o hrvatskoj, bosanskohercegova\u010dkoj, srpskoj i jugoslavenskoj povijesti.<\/p>\n\n\n\n<p>&#8212;<\/p>\n\n\n\n<p>One of the major symbols of the Nazi era and its genocidal policy against the Jewish people is the camp of Auschwitz. Yet during the years 1933-1945 Nazi Germany developed an enormous network of camps for various purposes and of different size and form throughout Europe \u2013 for detention, punition, forced labor, transition, extermination etc.&nbsp; Yet, camps were also established and run by local authorities in occupied countries and by Nazi Germany\u2019s allies and satellites, some established already before the war.<\/p>\n\n\n\n<p>The 2021 biennial Yad Vashem International Scholars\u2019s Conference will be dedicated to the topic of the non-German camps, in order to deepen our understanding of the local dynamics and factors that influenced the persecution of Jews both as a separate group and as part of a broader range of persecuted groups in camps in different countries.<\/p>\n\n\n\n<p><strong>Program:<\/strong><\/p>\n\n\n\n<p><a href=\"https:\/\/www.yadvashem.org\/research\/events-of-the-international-institute\/non-german-camps-during-the-holocaust-period.html\">https:\/\/www.yadvashem.org\/research\/events-of-the-international-institute\/non-german-camps-during-the-holocaust-period.html<\/a><\/p>\n\n\n\n<hr class=\"wp-block-separator\"\/>\n","protected":false},"excerpt":{"rendered":"","protected":false},"author":2,"featured_media":28730,"comment_status":"open","ping_status":"open","sticky":false,"template":"","format":"standard","meta":{"_acf_changed":false,"jetpack_post_was_ever_published":false,"_jetpack_newsletter_access":"","_jetpack_dont_email_post_to_subs":false,"_jetpack_newsletter_tier_id":0,"_jetpack_memberships_contains_paywalled_content":false,"_jetpack_memberships_contains_paid_content":false,"footnotes":"","jetpack_publicize_message":"","jetpack_publicize_feature_enabled":true,"jetpack_social_post_already_shared":true,"jetpack_social_options":{"image_generator_settings":{"template":"highway","default_image_id":0,"font":"","enabled":false},"version":2}},"categories":[3,9],"tags":[],"class_list":["post-28731","post","type-post","status-publish","format-standard","has-post-thumbnail","hentry","category-novosti","category-skupovi"],"acf":{"facebook_opis":""},"jetpack_publicize_connections":[],"jetpack_featured_media_url":"https:\/\/i0.wp.com\/historiografija.hr\/wp-content\/uploads\/2021\/12\/Yad_Vashem_Logo.png?fit=1200%2C784&ssl=1","jetpack_sharing_enabled":true,"jetpack-related-posts":[],"_links":{"self":[{"href":"https:\/\/historiografija.hr\/index.php?rest_route=\/wp\/v2\/posts\/28731","targetHints":{"allow":["GET"]}}],"collection":[{"href":"https:\/\/historiografija.hr\/index.php?rest_route=\/wp\/v2\/posts"}],"about":[{"href":"https:\/\/historiografija.hr\/index.php?rest_route=\/wp\/v2\/types\/post"}],"author":[{"embeddable":true,"href":"https:\/\/historiografija.hr\/index.php?rest_route=\/wp\/v2\/users\/2"}],"replies":[{"embeddable":true,"href":"https:\/\/historiografija.hr\/index.php?rest_route=%2Fwp%2Fv2%2Fcomments&post=28731"}],"version-history":[{"count":1,"href":"https:\/\/historiografija.hr\/index.php?rest_route=\/wp\/v2\/posts\/28731\/revisions"}],"predecessor-version":[{"id":28732,"href":"https:\/\/historiografija.hr\/index.php?rest_route=\/wp\/v2\/posts\/28731\/revisions\/28732"}],"wp:featuredmedia":[{"embeddable":true,"href":"https:\/\/historiografija.hr\/index.php?rest_route=\/wp\/v2\/media\/28730"}],"wp:attachment":[{"href":"https:\/\/historiografija.hr\/index.php?rest_route=%2Fwp%2Fv2%2Fmedia&parent=28731"}],"wp:term":[{"taxonomy":"category","embeddable":true,"href":"https:\/\/historiografija.hr\/index.php?rest_route=%2Fwp%2Fv2%2Fcategories&post=28731"},{"taxonomy":"post_tag","embeddable":true,"href":"https:\/\/historiografija.hr\/index.php?rest_route=%2Fwp%2Fv2%2Ftags&post=28731"}],"curies":[{"name":"wp","href":"https:\/\/api.w.org\/{rel}","templated":true}]}}