{"id":28710,"date":"2021-12-10T21:43:50","date_gmt":"2021-12-10T21:43:50","guid":{"rendered":"http:\/\/historiografija.hr\/?p=28710"},"modified":"2021-12-10T21:43:50","modified_gmt":"2021-12-10T21:43:50","slug":"izlozba-135-godina-zbirke-za-povijest","status":"publish","type":"post","link":"https:\/\/historiografija.hr\/?p=28710","title":{"rendered":"Izlo\u017eba \u201c135 godina Zbirke za povijest\u201d"},"content":{"rendered":"\n<p>Otvaranje izlo\u017ebe o 135 godina Zbirke za povijest odr\u017eat \u0107e se u srijedu 15. prosinca 2021. godine u auli Knji\u017enice Filozofskog fakulteta u 12:30.<\/p>\n\n\n\n<p>Zbirka za povijest Knji\u017enice Filozofskog fakulteta u Zagrebu najstarija je knji\u017eni\u010dna zbirka na Filozofskom fakultetu te pod pokroviteljstvom Odsjeka za povijest 2021. slavi 135 godina od odluke o osnivanju seminarskih knji\u017enica.<\/p>\n\n\n\n<hr class=\"wp-block-separator\"\/>\n\n\n\n<p>Izvor:<\/p>\n\n\n\n<p><a href=\"https:\/\/www.facebook.com\/events\/1458368331226777\">https:\/\/www.facebook.com\/events\/1458368331226777<\/a><\/p>\n\n\n\n<p><a href=\"https:\/\/www.facebook.com\/drugi.kat.sna\">https:\/\/www.facebook.com\/drugi.kat.sna<\/a><\/p>\n\n\n\n<hr class=\"wp-block-separator\"\/>\n","protected":false},"excerpt":{"rendered":"","protected":false},"author":2,"featured_media":28711,"comment_status":"open","ping_status":"open","sticky":false,"template":"","format":"standard","meta":{"_acf_changed":false,"jetpack_post_was_ever_published":false,"_jetpack_newsletter_access":"","_jetpack_dont_email_post_to_subs":false,"_jetpack_newsletter_tier_id":0,"_jetpack_memberships_contains_paywalled_content":false,"_jetpack_memberships_contains_paid_content":false,"footnotes":"","jetpack_publicize_message":"","jetpack_publicize_feature_enabled":true,"jetpack_social_post_already_shared":true,"jetpack_social_options":{"image_generator_settings":{"template":"highway","default_image_id":0,"font":"","enabled":false},"version":2}},"categories":[10,3],"tags":[],"class_list":["post-28710","post","type-post","status-publish","format-standard","has-post-thumbnail","hentry","category-izlozbe","category-novosti"],"acf":{"facebook_opis":""},"jetpack_publicize_connections":[],"jetpack_featured_media_url":"https:\/\/i0.wp.com\/historiografija.hr\/wp-content\/uploads\/2021\/12\/Zbirka-Pozivnica-135.jpg?fit=842%2C596&ssl=1","jetpack_sharing_enabled":true,"jetpack-related-posts":[],"_links":{"self":[{"href":"https:\/\/historiografija.hr\/index.php?rest_route=\/wp\/v2\/posts\/28710","targetHints":{"allow":["GET"]}}],"collection":[{"href":"https:\/\/historiografija.hr\/index.php?rest_route=\/wp\/v2\/posts"}],"about":[{"href":"https:\/\/historiografija.hr\/index.php?rest_route=\/wp\/v2\/types\/post"}],"author":[{"embeddable":true,"href":"https:\/\/historiografija.hr\/index.php?rest_route=\/wp\/v2\/users\/2"}],"replies":[{"embeddable":true,"href":"https:\/\/historiografija.hr\/index.php?rest_route=%2Fwp%2Fv2%2Fcomments&post=28710"}],"version-history":[{"count":1,"href":"https:\/\/historiografija.hr\/index.php?rest_route=\/wp\/v2\/posts\/28710\/revisions"}],"predecessor-version":[{"id":28712,"href":"https:\/\/historiografija.hr\/index.php?rest_route=\/wp\/v2\/posts\/28710\/revisions\/28712"}],"wp:featuredmedia":[{"embeddable":true,"href":"https:\/\/historiografija.hr\/index.php?rest_route=\/wp\/v2\/media\/28711"}],"wp:attachment":[{"href":"https:\/\/historiografija.hr\/index.php?rest_route=%2Fwp%2Fv2%2Fmedia&parent=28710"}],"wp:term":[{"taxonomy":"category","embeddable":true,"href":"https:\/\/historiografija.hr\/index.php?rest_route=%2Fwp%2Fv2%2Fcategories&post=28710"},{"taxonomy":"post_tag","embeddable":true,"href":"https:\/\/historiografija.hr\/index.php?rest_route=%2Fwp%2Fv2%2Ftags&post=28710"}],"curies":[{"name":"wp","href":"https:\/\/api.w.org\/{rel}","templated":true}]}}