{"id":28703,"date":"2021-12-10T21:28:21","date_gmt":"2021-12-10T21:28:21","guid":{"rendered":"http:\/\/historiografija.hr\/?p=28703"},"modified":"2021-12-10T21:28:21","modified_gmt":"2021-12-10T21:28:21","slug":"poziv-za-prijavu-na-znanstveni-skup-sibenik-i-sibenski-kraj-u-razdoblju-hrvatskog-narodnog-preporoda","status":"publish","type":"post","link":"https:\/\/historiografija.hr\/?p=28703","title":{"rendered":"Poziv za prijavu na znanstveni skup \u201c\u0160ibenik i \u0161ibenski kraj u razdoblju hrvatskog narodnog preporoda\u201d"},"content":{"rendered":"\n<p>Povodom 150. obljetnice pobjede Narodne stranke na op\u0107inskim izborima u \u0160ibeniku Dr\u017eavni arhiv u \u0160ibeniku, Hrvatski institut za povijest, Odjel za povijest Sveu\u010dili\u0161ta u Zadru, Odsjek za povijest Filozofskog fakulteta u Splitu i Muzej grada \u0160ibenika pripremaju znanstveni skup radnog naslova \u0160ibenik i \u0161ibenski kraj u razdoblju hrvatskog narodnog preporoda koji \u0107e biti odr\u017ean u \u0160ibeniku 24. \u2013 25. studenog 2022. godine.<\/p>\n\n\n\n<p>Cilj skupa je predstavljanje recentnih istra\u017eivanja o politi\u010dkim, dru\u0161tvenim, gospodarskim i kulturnim zbivanjima u razdoblju prihva\u0107anja i ja\u010danja procesa hrvatske nacionalne integracije u \u0160ibeniku i Dalmaciji nakon uspostave ustavnog stanja 1860. i pobjede Narodne stranke na izborima za Dalmatinski sabor 1870. godine.<\/p>\n\n\n\n<p>Prijave naslova izlaganja, uz sa\u017eetak do 400 rije\u010di, primaju se isklju\u010divo elektroni\u010dkom po\u0161tom na adresu&nbsp;<a href=\"mailto:skup150@dasi.hr\">skup150@dasi.hr<\/a>&nbsp;do 1. o\u017eujka 2022. godine.<\/p>\n\n\n\n<p>Vi\u0161e informacija pratite na\u00a0 linku:\u00a0<a href=\"https:\/\/www.dasi.hr\/znanstveni-skup-sibenik-i-sibenski-kraj-u-razdoblju-hrvatskog-narodnog-preporoda\/\">Znanstveni skup \u0160ibenik i \u0161ibenski kraj u razdoblju hrvatskog narodnog preporoda | Dr\u017eavni arhiv u \u0160ibeniku (dasi.hr)<\/a><\/p>\n\n\n\n<hr class=\"wp-block-separator\"\/>\n\n\n\n<p>Izvor:<\/p>\n\n\n\n<p><a href=\"https:\/\/www.isp.hr\/znanstveni-skup-sibenik-i-sibenski-kraj-u-razdoblju-hrvatskog-narodnog-preporoda-24-25-studenog-2022-godine\/\">https:\/\/www.isp.hr\/znanstveni-skup-sibenik-i-sibenski-kraj-u-razdoblju-hrvatskog-narodnog-preporoda-24-25-studenog-2022-godine\/<\/a><\/p>\n\n\n\n<hr class=\"wp-block-separator\"\/>\n","protected":false},"excerpt":{"rendered":"","protected":false},"author":2,"featured_media":28704,"comment_status":"open","ping_status":"open","sticky":false,"template":"","format":"standard","meta":{"_acf_changed":false,"jetpack_post_was_ever_published":false,"_jetpack_newsletter_access":"","_jetpack_dont_email_post_to_subs":false,"_jetpack_newsletter_tier_id":0,"_jetpack_memberships_contains_paywalled_content":false,"_jetpack_memberships_contains_paid_content":false,"footnotes":"","jetpack_publicize_message":"","jetpack_publicize_feature_enabled":true,"jetpack_social_post_already_shared":true,"jetpack_social_options":{"image_generator_settings":{"template":"highway","default_image_id":0,"font":"","enabled":false},"version":2}},"categories":[3,9],"tags":[],"class_list":["post-28703","post","type-post","status-publish","format-standard","has-post-thumbnail","hentry","category-novosti","category-skupovi"],"acf":{"facebook_opis":""},"jetpack_publicize_connections":[],"jetpack_featured_media_url":"https:\/\/i0.wp.com\/historiografija.hr\/wp-content\/uploads\/2021\/12\/DaS.jpg?fit=911%2C348&ssl=1","jetpack_sharing_enabled":true,"jetpack-related-posts":[],"_links":{"self":[{"href":"https:\/\/historiografija.hr\/index.php?rest_route=\/wp\/v2\/posts\/28703","targetHints":{"allow":["GET"]}}],"collection":[{"href":"https:\/\/historiografija.hr\/index.php?rest_route=\/wp\/v2\/posts"}],"about":[{"href":"https:\/\/historiografija.hr\/index.php?rest_route=\/wp\/v2\/types\/post"}],"author":[{"embeddable":true,"href":"https:\/\/historiografija.hr\/index.php?rest_route=\/wp\/v2\/users\/2"}],"replies":[{"embeddable":true,"href":"https:\/\/historiografija.hr\/index.php?rest_route=%2Fwp%2Fv2%2Fcomments&post=28703"}],"version-history":[{"count":1,"href":"https:\/\/historiografija.hr\/index.php?rest_route=\/wp\/v2\/posts\/28703\/revisions"}],"predecessor-version":[{"id":28705,"href":"https:\/\/historiografija.hr\/index.php?rest_route=\/wp\/v2\/posts\/28703\/revisions\/28705"}],"wp:featuredmedia":[{"embeddable":true,"href":"https:\/\/historiografija.hr\/index.php?rest_route=\/wp\/v2\/media\/28704"}],"wp:attachment":[{"href":"https:\/\/historiografija.hr\/index.php?rest_route=%2Fwp%2Fv2%2Fmedia&parent=28703"}],"wp:term":[{"taxonomy":"category","embeddable":true,"href":"https:\/\/historiografija.hr\/index.php?rest_route=%2Fwp%2Fv2%2Fcategories&post=28703"},{"taxonomy":"post_tag","embeddable":true,"href":"https:\/\/historiografija.hr\/index.php?rest_route=%2Fwp%2Fv2%2Ftags&post=28703"}],"curies":[{"name":"wp","href":"https:\/\/api.w.org\/{rel}","templated":true}]}}