{"id":28674,"date":"2021-12-09T16:13:01","date_gmt":"2021-12-09T16:13:01","guid":{"rendered":"http:\/\/historiografija.hr\/?p=28674"},"modified":"2022-07-15T14:20:45","modified_gmt":"2022-07-15T14:20:45","slug":"povijesni-prilozi-br-60-2021-tematski-blok-epidemije-na-hrvatskom-prostoru-tijekom-povijesti-1","status":"publish","type":"post","link":"https:\/\/historiografija.hr\/?p=28674","title":{"rendered":"\u201cPovijesni prilozi\u201d (br. 60-2021) \u2013 tematski blok &#8220;Epidemije na hrvatskom prostoru tijekom povijesti&#8221; (1)"},"content":{"rendered":"\n<p>U \u010dasopisu \u201cPovijesni prilozi\u201d (br. 60-2021) objavljen je prvi tematski blok &#8220;Epidemije na hrvatskom prostoru tijekom povijesti&#8221;, dostupan na portalu hrvatskih znanstvenih i stru\u010dnih \u010dasopisa Hr\u010dak.<\/p>\n\n\n\n<hr class=\"wp-block-separator\"\/>\n\n\n\n<p><strong>Sadr\u017eaj<\/strong><\/p>\n\n\n\n<hr class=\"wp-block-separator\"\/>\n\n\n\n<p>Tematski blok &#8220;Epidemije na hrvatskom prostoru tijekom povijesti&#8221;<\/p>\n\n\n\n<p><strong>Zrinka Pe\u0161orda Vardi\u0107<\/strong><\/p>\n\n\n\n<p>Uvodnik<\/p>\n\n\n\n<hr class=\"wp-block-separator\"\/>\n\n\n\n<p>Anti-Epidemic Measures in Dubrovnik: Economy\u2019s Response to the Challenge Posed by the Black Death<\/p>\n\n\n\n<p>Dubrova\u010dke protuepidemijske mjere: gospodarski odgovor na izazov kuge<\/p>\n\n\n\n<p><strong>Rina Kralj-Brassard<\/strong><\/p>\n\n\n\n<hr class=\"wp-block-separator\"\/>\n\n\n\n<p>Epidemije kuge i zdravstvena kultura u \u0160ibeniku u kasnom srednjem vijeku<\/p>\n\n\n\n<p>The Plague Epidemics and the Sanitation Culture in \u0160ibenik during the Late Middle Ages<\/p>\n\n\n\n<p><strong>Zoran Ladi\u0107<\/strong><\/p>\n\n\n\n<hr class=\"wp-block-separator\"\/>\n\n\n\n<p>Epidemije kuge u Banskoj Hrvatskoj i Slavoniji krajem 17. i po\u010detkom 18. stolje\u0107a kao povod za po\u010detak organiziranja javnozdravstvenoga sustava<\/p>\n\n\n\n<p>Plague Epidemics in Banal Croatia and Slavonia at the End of the 17th and the Beginning of the 18th Century: The Beginnings of Organizing the Public Health System<\/p>\n\n\n\n<p><strong>Robert Skenderovi\u0107<\/strong><\/p>\n\n\n\n<hr class=\"wp-block-separator\"\/>\n\n\n\n<p>Da cholera morbus \u2013 epidemije kolere i protuepidemijske mjere u Dalmaciji 30-ih i 40-ih godina 19. stolje\u0107a<\/p>\n\n\n\n<p>Da cholera morbus \u2013 Cholera Epidemics and Anti-Epidemic Measures in Dalmatia during the 1830s and 1840s<\/p>\n\n\n\n<p><strong>Maja Katu\u0161i\u0107, Kristina Puljizevi\u0107<\/strong><\/p>\n\n\n\n<hr class=\"wp-block-separator\"\/>\n\n\n\n<p>Vi\u0161e o navedenim \u010dlancima kao i cjelokupnom broju na sljede\u0107oj poveznici:<\/p>\n\n\n\n<p><a href=\"https:\/\/hrcak.srce.hr\/broj\/20671\">https:\/\/hrcak.srce.hr\/broj\/20671<\/a><\/p>\n\n\n\n<hr class=\"wp-block-separator\"\/>\n","protected":false},"excerpt":{"rendered":"","protected":false},"author":2,"featured_media":28675,"comment_status":"open","ping_status":"open","sticky":false,"template":"","format":"standard","meta":{"_acf_changed":false,"jetpack_post_was_ever_published":false,"_jetpack_newsletter_access":"","_jetpack_dont_email_post_to_subs":false,"_jetpack_newsletter_tier_id":0,"_jetpack_memberships_contains_paywalled_content":false,"_jetpack_memberships_contains_paid_content":false,"footnotes":"","jetpack_publicize_message":"","jetpack_publicize_feature_enabled":true,"jetpack_social_post_already_shared":true,"jetpack_social_options":{"image_generator_settings":{"template":"highway","default_image_id":0,"font":"","enabled":false},"version":2}},"categories":[21,3],"tags":[],"class_list":["post-28674","post","type-post","status-publish","format-standard","has-post-thumbnail","hentry","category-casopisi","category-novosti"],"acf":{"facebook_opis":""},"jetpack_publicize_connections":[],"jetpack_featured_media_url":"https:\/\/i0.wp.com\/historiografija.hr\/wp-content\/uploads\/2021\/12\/PP.jpg?fit=150%2C173&ssl=1","jetpack_sharing_enabled":true,"jetpack-related-posts":[],"_links":{"self":[{"href":"https:\/\/historiografija.hr\/index.php?rest_route=\/wp\/v2\/posts\/28674","targetHints":{"allow":["GET"]}}],"collection":[{"href":"https:\/\/historiografija.hr\/index.php?rest_route=\/wp\/v2\/posts"}],"about":[{"href":"https:\/\/historiografija.hr\/index.php?rest_route=\/wp\/v2\/types\/post"}],"author":[{"embeddable":true,"href":"https:\/\/historiografija.hr\/index.php?rest_route=\/wp\/v2\/users\/2"}],"replies":[{"embeddable":true,"href":"https:\/\/historiografija.hr\/index.php?rest_route=%2Fwp%2Fv2%2Fcomments&post=28674"}],"version-history":[{"count":2,"href":"https:\/\/historiografija.hr\/index.php?rest_route=\/wp\/v2\/posts\/28674\/revisions"}],"predecessor-version":[{"id":28677,"href":"https:\/\/historiografija.hr\/index.php?rest_route=\/wp\/v2\/posts\/28674\/revisions\/28677"}],"wp:featuredmedia":[{"embeddable":true,"href":"https:\/\/historiografija.hr\/index.php?rest_route=\/wp\/v2\/media\/28675"}],"wp:attachment":[{"href":"https:\/\/historiografija.hr\/index.php?rest_route=%2Fwp%2Fv2%2Fmedia&parent=28674"}],"wp:term":[{"taxonomy":"category","embeddable":true,"href":"https:\/\/historiografija.hr\/index.php?rest_route=%2Fwp%2Fv2%2Fcategories&post=28674"},{"taxonomy":"post_tag","embeddable":true,"href":"https:\/\/historiografija.hr\/index.php?rest_route=%2Fwp%2Fv2%2Ftags&post=28674"}],"curies":[{"name":"wp","href":"https:\/\/api.w.org\/{rel}","templated":true}]}}