{"id":28672,"date":"2021-12-09T15:57:24","date_gmt":"2021-12-09T15:57:24","guid":{"rendered":"http:\/\/historiografija.hr\/?p=28672"},"modified":"2021-12-09T15:57:24","modified_gmt":"2021-12-09T15:57:24","slug":"knjizevne-obrade-hrvatske-povijesti-epizoda-o-hrvatskom-banu-u-rucku-u-dvorcu-gyule-illyesa","status":"publish","type":"post","link":"https:\/\/historiografija.hr\/?p=28672","title":{"rendered":"&#8220;Knji\u017eevne obrade hrvatske povijesti&#8221;: epizoda o hrvatskom banu u \u201cRu\u010dku u dvorcu\u201d Gyule Illy\u00e9sa"},"content":{"rendered":"\n<p>\u201cMoram braniti Tedija. Tedi je znao izuzetno puno; bavio se ozbiljnim stvarima. Hvatsko povijesno ustavno pravo \u2013 jedno od najzamr\u0161enijih europskih ustavnih prava \u2013 malo pravnika poznaje bolje od njega. Prou\u010davao ga je godinama, \u010dak i nakon \u0161to je Hrvatska ve\u0107 davno postala sastavni dio Jugoslavije, a plan da postane hrvatski ban, kako mu je majka odredila po ro\u0111enju, odavno propao, ako ga nije iz tog razloga i za\u010dela jer je djevoja\u010dki bila Erd\u0151dy, a oni su svi veliki hrvatski nacionalisti.<\/p>\n\n\n\n<p>\u2013 A za\u0161to siroti Tedi nije postao ban?<\/p>\n\n\n\n<p>\u2013 \u010cista demagogija! Njegov je protivnik u posljednjem trenutku progovorio hrvatski \u2013 u Zagrebu! \u010citao je s papira, ali su hrvatski biskupi i banderijalisti briznuli u pla\u010d!\u201d<\/p>\n\n\n\n<hr class=\"wp-block-separator\"\/>\n\n\n\n<p>Gyula Illy\u00e9s, <em>Ru\u010dak u dvorcu<\/em>, s ma\u0111arskoga prevela Kristina Peternai Andri\u0107, Zagreb 2021, str. 114.<\/p>\n\n\n\n<hr class=\"wp-block-separator\"\/>\n\n\n\n<figure class=\"wp-block-embed-wordpress wp-block-embed is-type-wp-embed is-provider-historiografija-hr\"><div class=\"wp-block-embed__wrapper\">\n<blockquote class=\"wp-embedded-content\" data-secret=\"YvBJALebyl\"><a href=\"https:\/\/historiografija.hr\/?p=28098\">Gyula Illy\u00e9s, \u201cRU\u010cAK U DVORCU\u201d (S ma\u0111arskoga prevela Kristina Peternai Andri\u0107)<\/a><\/blockquote><iframe loading=\"lazy\" class=\"wp-embedded-content\" sandbox=\"allow-scripts\" security=\"restricted\" style=\"position: absolute; clip: rect(1px, 1px, 1px, 1px);\" title=\"&#8220;Gyula Illy\u00e9s, \u201cRU\u010cAK U DVORCU\u201d (S ma\u0111arskoga prevela Kristina Peternai Andri\u0107)&#8221; &#8212; Historiografija.hr\" src=\"https:\/\/historiografija.hr\/?p=28098&#038;embed=true#?secret=YvBJALebyl\" data-secret=\"YvBJALebyl\" width=\"600\" height=\"338\" frameborder=\"0\" marginwidth=\"0\" marginheight=\"0\" scrolling=\"no\"><\/iframe>\n<\/div><\/figure>\n","protected":false},"excerpt":{"rendered":"","protected":false},"author":2,"featured_media":28099,"comment_status":"open","ping_status":"open","sticky":false,"template":"","format":"standard","meta":{"_acf_changed":false,"jetpack_post_was_ever_published":false,"_jetpack_newsletter_access":"","_jetpack_dont_email_post_to_subs":false,"_jetpack_newsletter_tier_id":0,"_jetpack_memberships_contains_paywalled_content":false,"_jetpack_memberships_contains_paid_content":false,"footnotes":"","jetpack_publicize_message":"","jetpack_publicize_feature_enabled":true,"jetpack_social_post_already_shared":true,"jetpack_social_options":{"image_generator_settings":{"template":"highway","default_image_id":0,"font":"","enabled":false},"version":2}},"categories":[3,11],"tags":[],"class_list":["post-28672","post","type-post","status-publish","format-standard","has-post-thumbnail","hentry","category-novosti","category-rubrike"],"acf":{"facebook_opis":""},"jetpack_publicize_connections":[],"jetpack_featured_media_url":"https:\/\/i0.wp.com\/historiografija.hr\/wp-content\/uploads\/2021\/11\/Illyes.jpg?fit=500%2C793&ssl=1","jetpack_sharing_enabled":true,"jetpack-related-posts":[],"_links":{"self":[{"href":"https:\/\/historiografija.hr\/index.php?rest_route=\/wp\/v2\/posts\/28672","targetHints":{"allow":["GET"]}}],"collection":[{"href":"https:\/\/historiografija.hr\/index.php?rest_route=\/wp\/v2\/posts"}],"about":[{"href":"https:\/\/historiografija.hr\/index.php?rest_route=\/wp\/v2\/types\/post"}],"author":[{"embeddable":true,"href":"https:\/\/historiografija.hr\/index.php?rest_route=\/wp\/v2\/users\/2"}],"replies":[{"embeddable":true,"href":"https:\/\/historiografija.hr\/index.php?rest_route=%2Fwp%2Fv2%2Fcomments&post=28672"}],"version-history":[{"count":1,"href":"https:\/\/historiografija.hr\/index.php?rest_route=\/wp\/v2\/posts\/28672\/revisions"}],"predecessor-version":[{"id":28673,"href":"https:\/\/historiografija.hr\/index.php?rest_route=\/wp\/v2\/posts\/28672\/revisions\/28673"}],"wp:featuredmedia":[{"embeddable":true,"href":"https:\/\/historiografija.hr\/index.php?rest_route=\/wp\/v2\/media\/28099"}],"wp:attachment":[{"href":"https:\/\/historiografija.hr\/index.php?rest_route=%2Fwp%2Fv2%2Fmedia&parent=28672"}],"wp:term":[{"taxonomy":"category","embeddable":true,"href":"https:\/\/historiografija.hr\/index.php?rest_route=%2Fwp%2Fv2%2Fcategories&post=28672"},{"taxonomy":"post_tag","embeddable":true,"href":"https:\/\/historiografija.hr\/index.php?rest_route=%2Fwp%2Fv2%2Ftags&post=28672"}],"curies":[{"name":"wp","href":"https:\/\/api.w.org\/{rel}","templated":true}]}}