{"id":28669,"date":"2021-12-09T15:28:11","date_gmt":"2021-12-09T15:28:11","guid":{"rendered":"http:\/\/historiografija.hr\/?p=28669"},"modified":"2021-12-09T15:28:11","modified_gmt":"2021-12-09T15:28:11","slug":"ivo-pilar-juznoslavensko-pitanje-i-svjetski-rat","status":"publish","type":"post","link":"https:\/\/historiografija.hr\/?p=28669","title":{"rendered":"Ivo Pilar, \u201cJu\u017enoslavensko pitanje i svjetski rat\u201d"},"content":{"rendered":"\n<p>Dr. Ivo Pilar (1874. \u2013 1933.) bez ikakve dvojbe najlucidnije je pero hrvatske politi\u010dke publicistike prve polovine dvadesetoga stolje\u0107a. Pod pseudonimom L. v. S\u00fcdland objavio je u Be\u010du ratne 1918. godine djelo <em>Die s\u00fcdslawische Frage und der Weltkrieg: \u00dcbersichtliche Darstellung des Gesamt-Problems\/Ju\u017enoslavensko pitanje i svjetski rat: Pregledan prikaz cjelokupnoga problema. <\/em>Knjiga je sintetski prikaz politi\u010dke i vjersko-kulturne povijesti Hrvata, ali i drugih susjednih naroda \u2013 Grka\/Bizantinaca, Vlaha, Romana\/Talijana, Turaka, Ma\u0111ara, Nijemaca i Srba \u2013 s naglaskom na geopoliti\u010dke, vjerske, sociolo\u0161ko-antropolo\u0161ke i etnopsiholo\u0161ke \u010dimbenike koji presudno odre\u0111uju hrvatsko-srpski spor i razgoli\u0107uju rusko-srpski imperijalizam u srednjoeuropskom i imaginarnom balkanskom prostoru. Iako je knjiga napisana jo\u0161 za postojanja Austro-Ugarske Monarhije njezine ideje daleko nadilaze monarhijski okvir daju\u0107i mu nov sadr\u017eaj i dublji smisao.<br>Pilarova je geopoliti\u010dka vizija obuhva\u0107ala zemlje i narode na uspravnici od Baltika i Jadrana do Crnoga mora s ciljem njihova organiziranja u \u201ebedem protiv prodora ekspanzionisti\u010dki pohlepnoga Orijenta\u201c (\u201eTre\u0107i Rim\u201c). Zbog minucioznih politi\u010dkih, etni\u010dkih, religijskih i nacionalnih ra\u0161\u010dlambi i geopoliti\u010dkih uvida koje je iznio u knjizi, Pilar je desetlje\u0107ima pre\u0161u\u0107ivan i neargumentirano napadan od politi\u010dko-ideolo\u0161kih protivnika koji su nastupali s pozicija \u201esvesrpstva\u201c i jugoslavenstva. Unato\u010d svemu, \u010dinjenice su stale na njegovu stranu jer \u201eimaju to neugodno svojstvo, da postoje i dalje bez obzira na to, da li ih se priznaje ili ne.\u201c (Pilar)<br>Pilarovo djelo <em>Ju\u017enoslavensko pitanje i svjetski rat<\/em> do\u017eivjelo je dosad dva zagreba\u010dka prijevoda (1943.\/44. i 2018.) i dva ponovljena izdanja objavljena u Vara\u017edinu (1990.) i Vinkovcima (2017.).<br>Novi prijevod i ujedno prvo kriti\u010dko izdanje ovoga kapitalnoga geopoliti\u010dkoga djela, koje je ostalo aktualno i stotinu godina nakon pojavljivanja u knji\u017earskim izlozima, objavljuje se u suradnji Instituta dru\u0161tvenih znanosti Ivo Pilar iz Zagreba i \u0160kolske knjige.<\/p>\n\n\n\n<hr class=\"wp-block-separator\"\/>\n\n\n\n<p>Izdava\u010d: \u0160kolska knjiga<\/p>\n\n\n\n<p>Broj stranica: 656<\/p>\n\n\n\n<p>Godina izdanja: 2021<\/p>\n\n\n\n<hr class=\"wp-block-separator\"\/>\n\n\n\n<p>Izvor:<\/p>\n\n\n\n<p><a href=\"https:\/\/shop.skolskaknjiga.hr\/juznoslavensko-pitanje-i-svjetski-rat.html\">https:\/\/shop.skolskaknjiga.hr\/juznoslavensko-pitanje-i-svjetski-rat.html<\/a><\/p>\n\n\n\n<hr class=\"wp-block-separator\"\/>\n","protected":false},"excerpt":{"rendered":"","protected":false},"author":2,"featured_media":28670,"comment_status":"open","ping_status":"open","sticky":false,"template":"","format":"standard","meta":{"_acf_changed":false,"jetpack_post_was_ever_published":false,"_jetpack_newsletter_access":"","_jetpack_dont_email_post_to_subs":false,"_jetpack_newsletter_tier_id":0,"_jetpack_memberships_contains_paywalled_content":false,"_jetpack_memberships_contains_paid_content":false,"footnotes":"","jetpack_publicize_message":"","jetpack_publicize_feature_enabled":true,"jetpack_social_post_already_shared":true,"jetpack_social_options":{"image_generator_settings":{"template":"highway","default_image_id":0,"font":"","enabled":false},"version":2}},"categories":[8,3],"tags":[],"class_list":["post-28669","post","type-post","status-publish","format-standard","has-post-thumbnail","hentry","category-knjige","category-novosti"],"acf":{"facebook_opis":""},"jetpack_publicize_connections":[],"jetpack_featured_media_url":"https:\/\/i0.wp.com\/historiografija.hr\/wp-content\/uploads\/2021\/12\/Pilar.jpg?fit=685%2C1000&ssl=1","jetpack_sharing_enabled":true,"jetpack-related-posts":[],"_links":{"self":[{"href":"https:\/\/historiografija.hr\/index.php?rest_route=\/wp\/v2\/posts\/28669","targetHints":{"allow":["GET"]}}],"collection":[{"href":"https:\/\/historiografija.hr\/index.php?rest_route=\/wp\/v2\/posts"}],"about":[{"href":"https:\/\/historiografija.hr\/index.php?rest_route=\/wp\/v2\/types\/post"}],"author":[{"embeddable":true,"href":"https:\/\/historiografija.hr\/index.php?rest_route=\/wp\/v2\/users\/2"}],"replies":[{"embeddable":true,"href":"https:\/\/historiografija.hr\/index.php?rest_route=%2Fwp%2Fv2%2Fcomments&post=28669"}],"version-history":[{"count":1,"href":"https:\/\/historiografija.hr\/index.php?rest_route=\/wp\/v2\/posts\/28669\/revisions"}],"predecessor-version":[{"id":28671,"href":"https:\/\/historiografija.hr\/index.php?rest_route=\/wp\/v2\/posts\/28669\/revisions\/28671"}],"wp:featuredmedia":[{"embeddable":true,"href":"https:\/\/historiografija.hr\/index.php?rest_route=\/wp\/v2\/media\/28670"}],"wp:attachment":[{"href":"https:\/\/historiografija.hr\/index.php?rest_route=%2Fwp%2Fv2%2Fmedia&parent=28669"}],"wp:term":[{"taxonomy":"category","embeddable":true,"href":"https:\/\/historiografija.hr\/index.php?rest_route=%2Fwp%2Fv2%2Fcategories&post=28669"},{"taxonomy":"post_tag","embeddable":true,"href":"https:\/\/historiografija.hr\/index.php?rest_route=%2Fwp%2Fv2%2Ftags&post=28669"}],"curies":[{"name":"wp","href":"https:\/\/api.w.org\/{rel}","templated":true}]}}