{"id":28659,"date":"2021-12-08T10:42:20","date_gmt":"2021-12-08T10:42:20","guid":{"rendered":"http:\/\/historiografija.hr\/?p=28659"},"modified":"2022-07-15T13:21:18","modified_gmt":"2022-07-15T13:21:18","slug":"tragovi-casopis-za-srpske-i-hrvatske-teme-br-2-2021","status":"publish","type":"post","link":"https:\/\/historiografija.hr\/?p=28659","title":{"rendered":"\u201cTragovi: \u010dasopis za srpske i hrvatske teme\u201d (br. 2-2021)"},"content":{"rendered":"\n<p>Novi broj \u201cTragova: \u010dasopisa za srpske i hrvatske teme\u201d (god. 4, br. 2, 2021) dostupan je na portalu hrvatskih znanstvenih i stru\u010dnih \u010dasopisa Hr\u010dak. Op\u0161irnije u nastavku.<\/p>\n\n\n\n<hr class=\"wp-block-separator\"\/>\n\n\n\n<p><a href=\"https:\/\/hrcak.srce.hr\/tragovi\">https:\/\/hrcak.srce.hr\/tragovi<\/a><\/p>\n\n\n\n<hr class=\"wp-block-separator\"\/>\n\n\n\n<p>SADR\u017dAJ<\/p>\n\n\n\n<hr class=\"wp-block-separator\"\/>\n\n\n\n<p><strong>\u010clanci<\/strong><\/p>\n\n\n\n<hr class=\"wp-block-separator\"\/>\n\n\n\n<p>Kosta Nikoli\u0107<\/p>\n\n\n\n<p>Od &#8220;Ljeta&#8221; do &#8220;Oluje&#8221;. Uvod u pad Republike Srpske Krajine 1995. godine<\/p>\n\n\n\n<hr class=\"wp-block-separator\"\/>\n\n\n\n<p>Nikola Vukobratovi\u0107<\/p>\n\n\n\n<p>&#8220;Srbe treba na neki na\u010din zastra\u0161iti&#8221;. Miniranje civilnih objekata na podru\u010dju Bjelovara 1991. &#8211; 1995. <\/p>\n\n\n\n<hr class=\"wp-block-separator\"\/>\n\n\n\n<p>Dragan Popovi\u0107<\/p>\n\n\n\n<p>Vreli dalmatinski srpanj 1989.<\/p>\n\n\n\n<hr class=\"wp-block-separator\"\/>\n\n\n\n<p>Tihomir Pono\u0161<\/p>\n\n\n\n<p>&nbsp;Kako smo se normalizirali &#8211; 25 godina od Sporazuma o normalizaciji odnosa izme\u0111u Republike Hrvatske i Savezne Republike Jugoslavije<\/p>\n\n\n\n<hr class=\"wp-block-separator\"\/>\n\n\n\n<p>Milan Krsti\u0107<\/p>\n\n\n\n<p>Me\u0111usobna izvinjenja Srbije i Hrvatske: uzroci i efekti izvinjenja i razlozi njihovog ograni\u010denog uticaja<\/p>\n\n\n\n<hr class=\"wp-block-separator\"\/>\n\n\n\n<p>&nbsp;&nbsp;&nbsp;&nbsp;&nbsp;&nbsp;&nbsp;&nbsp;<\/p>\n\n\n\n<p><strong>Esej &nbsp;&nbsp;&nbsp;&nbsp;&nbsp;&nbsp; &nbsp;<\/strong><\/p>\n\n\n\n<hr class=\"wp-block-separator\"\/>\n\n\n\n<p>Bora \u0106osi\u0107<\/p>\n\n\n\n<p>Filosofski kabare<\/p>\n\n\n\n<hr class=\"wp-block-separator\"\/>\n\n\n\n<p><strong>In memoriam, Nekrolog, Obituarij<\/strong><\/p>\n\n\n\n<hr class=\"wp-block-separator\"\/>\n\n\n\n<p>Dejan Jovi\u0107<\/p>\n\n\n\n<p>Dara Janekovi\u0107 (1924. &#8211; 2021.)<\/p>\n\n\n\n<hr class=\"wp-block-separator\"\/>\n\n\n\n<p><strong>Recenzije<\/strong><\/p>\n\n\n\n<hr class=\"wp-block-separator\"\/>\n\n\n\n<p>Ana Lasica<\/p>\n\n\n\n<p>Tamara \u0110ermanovi\u0107: Put u moju nepostoje\u0107u zemlju<\/p>\n\n\n\n<hr class=\"wp-block-separator\"\/>\n\n\n\n<p>Dejan Jovi\u0107<\/p>\n\n\n\n<p>Todor Kulji\u0107: Manifest se\u0107anja levice: kontrase\u0107anje potla\u010denih i zaboravljenih<\/p>\n\n\n\n<hr class=\"wp-block-separator\"\/>\n\n\n\n<p>Vesna Kosti\u0107<\/p>\n\n\n\n<p>Vinko Tadi\u0107: Sat povijesti i \u010das (h)istorije. Izbor tekstova (2014. &#8211; 2019.)<\/p>\n\n\n\n<hr class=\"wp-block-separator\"\/>\n\n\n\n<p><strong>Op\u0161irnije:<\/strong><\/p>\n\n\n\n<p><a href=\"https:\/\/www.portalnovosti.com\/izisao-novi-broj-casopisa-tragovi\">https:\/\/www.portalnovosti.com\/izisao-novi-broj-casopisa-tragovi<\/a><\/p>\n\n\n\n<hr class=\"wp-block-separator\"\/>\n\n\n\n<p><strong>Odjeci:<\/strong><\/p>\n\n\n\n<p><a href=\"https:\/\/historiografija.ba\/article.php?id=858\">https:\/\/historiografija.ba\/article.php?id=858<\/a><\/p>\n\n\n\n<hr class=\"wp-block-separator\"\/>\n","protected":false},"excerpt":{"rendered":"","protected":false},"author":2,"featured_media":28660,"comment_status":"open","ping_status":"open","sticky":false,"template":"","format":"standard","meta":{"_acf_changed":false,"jetpack_post_was_ever_published":false,"_jetpack_newsletter_access":"","_jetpack_dont_email_post_to_subs":false,"_jetpack_newsletter_tier_id":0,"_jetpack_memberships_contains_paywalled_content":false,"_jetpack_memberships_contains_paid_content":false,"footnotes":"","jetpack_publicize_message":"","jetpack_publicize_feature_enabled":true,"jetpack_social_post_already_shared":true,"jetpack_social_options":{"image_generator_settings":{"template":"highway","default_image_id":0,"font":"","enabled":false},"version":2}},"categories":[21,3],"tags":[],"class_list":["post-28659","post","type-post","status-publish","format-standard","has-post-thumbnail","hentry","category-casopisi","category-novosti"],"acf":{"facebook_opis":""},"jetpack_publicize_connections":[],"jetpack_featured_media_url":"https:\/\/i0.wp.com\/historiografija.hr\/wp-content\/uploads\/2021\/12\/tragovi.jpg?fit=1200%2C750&ssl=1","jetpack_sharing_enabled":true,"jetpack-related-posts":[],"_links":{"self":[{"href":"https:\/\/historiografija.hr\/index.php?rest_route=\/wp\/v2\/posts\/28659","targetHints":{"allow":["GET"]}}],"collection":[{"href":"https:\/\/historiografija.hr\/index.php?rest_route=\/wp\/v2\/posts"}],"about":[{"href":"https:\/\/historiografija.hr\/index.php?rest_route=\/wp\/v2\/types\/post"}],"author":[{"embeddable":true,"href":"https:\/\/historiografija.hr\/index.php?rest_route=\/wp\/v2\/users\/2"}],"replies":[{"embeddable":true,"href":"https:\/\/historiografija.hr\/index.php?rest_route=%2Fwp%2Fv2%2Fcomments&post=28659"}],"version-history":[{"count":4,"href":"https:\/\/historiografija.hr\/index.php?rest_route=\/wp\/v2\/posts\/28659\/revisions"}],"predecessor-version":[{"id":32100,"href":"https:\/\/historiografija.hr\/index.php?rest_route=\/wp\/v2\/posts\/28659\/revisions\/32100"}],"wp:featuredmedia":[{"embeddable":true,"href":"https:\/\/historiografija.hr\/index.php?rest_route=\/wp\/v2\/media\/28660"}],"wp:attachment":[{"href":"https:\/\/historiografija.hr\/index.php?rest_route=%2Fwp%2Fv2%2Fmedia&parent=28659"}],"wp:term":[{"taxonomy":"category","embeddable":true,"href":"https:\/\/historiografija.hr\/index.php?rest_route=%2Fwp%2Fv2%2Fcategories&post=28659"},{"taxonomy":"post_tag","embeddable":true,"href":"https:\/\/historiografija.hr\/index.php?rest_route=%2Fwp%2Fv2%2Ftags&post=28659"}],"curies":[{"name":"wp","href":"https:\/\/api.w.org\/{rel}","templated":true}]}}