{"id":28656,"date":"2021-12-08T10:29:34","date_gmt":"2021-12-08T10:29:34","guid":{"rendered":"http:\/\/historiografija.hr\/?p=28656"},"modified":"2021-12-08T10:29:41","modified_gmt":"2021-12-08T10:29:41","slug":"digitalna-arhivska-kolekcija-srebrenica-u-javnom-diskursu-srbije","status":"publish","type":"post","link":"https:\/\/historiografija.hr\/?p=28656","title":{"rendered":"Digitalna arhivska kolekcija \u2013 \u201eSrebrenica u javnom diskursu Srbije\u201c"},"content":{"rendered":"\n<p>Fond za humanitarno pravo predstavlja drugu digitalnu arhivsku kolekciju \u201eSrebrenica u javnom diskursu Srbije\u201d.<\/p>\n\n\n\n<p>Cilj digitalne kolekcije je da prika\u017ee glavne odlike zvani\u010dne politike se\u0107anja na Srebrenicu u Srbiji, kroz pregled najupe\u010datljivijih narativa o Srebrenici \u2013 od 1995. godine do danas. Kolekcija sadr\u017ei preko stotinu ise\u010daka iz \u0161tampe i drugih medija, a akcenat je na izjavama nosilaca politi\u010dkih funkcija koji dominantno usmeravaju javni diskurs i oblikuju javno mnjenje.<\/p>\n\n\n\n<p>Od jula 1995. godine, odnos dr\u017eavnih funkcionera i institucija Srbije prema Srebrenici pro\u0161ao je kroz vi\u0161e faza \u010dija je zajedni\u010dka crta poricanje. Poricanje zlo\u010dina, broja \u017ertava, genocida i odgovornosti dr\u017eave, relativizacija zlo\u010dina i veli\u010danje ratnih zlo\u010dinaca \u2013 smenjuju se i prepli\u0107u tokom poslednjih 26 godina. Do danas, nijedan nosilac izvr\u0161ne vlasti u Srbiji nije priznao genocid u Srebrenici, a zvani\u010dne komemoracije \u017ertava ne postoje.<\/p>\n\n\n\n<p>Digitalna arhivska kolekcija \u201eSrebrenica u javnom diskursu Srbije\u201d dostupna je na slede\u0107em <a rel=\"noreferrer noopener\" href=\"https:\/\/bit.ly\/dak-sreb\" target=\"_blank\">linku<\/a>.<\/p>\n\n\n\n<hr class=\"wp-block-separator\"\/>\n\n\n\n<p>Izvor:<\/p>\n\n\n\n<figure class=\"wp-block-embed-wordpress wp-block-embed is-type-wp-embed is-provider-fond-za-humanitarno-pravo-humanitarian-law-center-fondi-per-te-drejten-humanitare\"><div class=\"wp-block-embed__wrapper\">\n<blockquote class=\"wp-embedded-content\" data-secret=\"Ag9DwKOoMy\"><a href=\"http:\/\/www.hlc-rdc.org\/?p=38217\">Digitalna arhivska kolekcija \u2013 \u201eSrebrenica u javnom diskursu Srbije\u201c<\/a><\/blockquote><iframe loading=\"lazy\" class=\"wp-embedded-content\" sandbox=\"allow-scripts\" security=\"restricted\" style=\"position: absolute; clip: rect(1px, 1px, 1px, 1px);\" title=\"Embedded WordPress Post\" src=\"http:\/\/www.hlc-rdc.org\/?p=38217&#038;embed=true#?secret=Ag9DwKOoMy\" data-secret=\"Ag9DwKOoMy\" width=\"600\" height=\"338\" frameborder=\"0\" marginwidth=\"0\" marginheight=\"0\" scrolling=\"no\"><\/iframe>\n<\/div><\/figure>\n\n\n\n<hr class=\"wp-block-separator\"\/>\n","protected":false},"excerpt":{"rendered":"","protected":false},"author":2,"featured_media":28657,"comment_status":"open","ping_status":"open","sticky":false,"template":"","format":"standard","meta":{"_acf_changed":false,"jetpack_post_was_ever_published":false,"_jetpack_newsletter_access":"","_jetpack_dont_email_post_to_subs":false,"_jetpack_newsletter_tier_id":0,"_jetpack_memberships_contains_paywalled_content":false,"_jetpack_memberships_contains_paid_content":false,"footnotes":"","jetpack_publicize_message":"","jetpack_publicize_feature_enabled":true,"jetpack_social_post_already_shared":true,"jetpack_social_options":{"image_generator_settings":{"template":"highway","default_image_id":0,"font":"","enabled":false},"version":2}},"categories":[19,3],"tags":[],"class_list":["post-28656","post","type-post","status-publish","format-standard","has-post-thumbnail","hentry","category-e-knjige","category-novosti"],"acf":{"facebook_opis":""},"jetpack_publicize_connections":[],"jetpack_featured_media_url":"https:\/\/i0.wp.com\/historiografija.hr\/wp-content\/uploads\/2021\/12\/DAK-Srebrenica-sr.jpg?fit=200%2C200&ssl=1","jetpack_sharing_enabled":true,"jetpack-related-posts":[],"_links":{"self":[{"href":"https:\/\/historiografija.hr\/index.php?rest_route=\/wp\/v2\/posts\/28656","targetHints":{"allow":["GET"]}}],"collection":[{"href":"https:\/\/historiografija.hr\/index.php?rest_route=\/wp\/v2\/posts"}],"about":[{"href":"https:\/\/historiografija.hr\/index.php?rest_route=\/wp\/v2\/types\/post"}],"author":[{"embeddable":true,"href":"https:\/\/historiografija.hr\/index.php?rest_route=\/wp\/v2\/users\/2"}],"replies":[{"embeddable":true,"href":"https:\/\/historiografija.hr\/index.php?rest_route=%2Fwp%2Fv2%2Fcomments&post=28656"}],"version-history":[{"count":1,"href":"https:\/\/historiografija.hr\/index.php?rest_route=\/wp\/v2\/posts\/28656\/revisions"}],"predecessor-version":[{"id":28658,"href":"https:\/\/historiografija.hr\/index.php?rest_route=\/wp\/v2\/posts\/28656\/revisions\/28658"}],"wp:featuredmedia":[{"embeddable":true,"href":"https:\/\/historiografija.hr\/index.php?rest_route=\/wp\/v2\/media\/28657"}],"wp:attachment":[{"href":"https:\/\/historiografija.hr\/index.php?rest_route=%2Fwp%2Fv2%2Fmedia&parent=28656"}],"wp:term":[{"taxonomy":"category","embeddable":true,"href":"https:\/\/historiografija.hr\/index.php?rest_route=%2Fwp%2Fv2%2Fcategories&post=28656"},{"taxonomy":"post_tag","embeddable":true,"href":"https:\/\/historiografija.hr\/index.php?rest_route=%2Fwp%2Fv2%2Ftags&post=28656"}],"curies":[{"name":"wp","href":"https:\/\/api.w.org\/{rel}","templated":true}]}}