{"id":28650,"date":"2021-12-08T10:07:28","date_gmt":"2021-12-08T10:07:28","guid":{"rendered":"http:\/\/historiografija.hr\/?p=28650"},"modified":"2021-12-08T10:07:28","modified_gmt":"2021-12-08T10:07:28","slug":"poziv-za-sudjelovanje-vlaho-bukovac-umjetnik-i-njegovo-djelo","status":"publish","type":"post","link":"https:\/\/historiografija.hr\/?p=28650","title":{"rendered":"Poziv za sudjelovanje \u201cVlaho Bukovac \u2013 umjetnik i njegovo djelo\u201d"},"content":{"rendered":"\n<p>Institut za povijest umjetnosti i Galerija Klovi\u0107evi dvori u Zagrebu organiziraju me\u0111unarodni znanstveno-stru\u010dni skup u povodu 100. godi\u0161njice smrti slikara Vlahe Bukovca (Cavtat, 4. srpnja 1855. \u2013 Prag, 23. travnja 1922.), na kojem \u0107e se u svjetlu novih istra\u017eivanja protuma\u010diti Bukov\u010dev polo\u017eaj i zna\u010daj za hrvatsku i europsku umjetni\u010dku ba\u0161tinu.<\/p>\n\n\n\n<p>&gt;&gt;&gt; <strong><a href=\"https:\/\/www.ipu.hr\/content\/info\/IPU_GKD_Vlaho-Bukovac_CFP_2022.pdf\">POZIV<\/a> &lt;&lt;&lt;<\/strong><\/p>\n\n\n\n<p>Nastavljaju\u0107i se na iscrpno poznavanje slikareva \u017eivotopisa i djela koje je u svom znanstvenom radu obradila dr. sc. Vera Kru\u017ei\u0107-Uchytil i objavila u monografiji 2005. godine, smatramo da je sazrelo vrijeme za nove pristupe u kriti\u010dkom i teorijskom promi\u0161ljanju i tuma\u010denju Bukov\u010deva bogata i raznovrsna opusa. Kao umjetnik koji je sna\u017eno obilje\u017eio svoje vrijeme u traganju za modernim pristupom slikarstvu i afirmaciji umjetnika u dru\u0161tvu, Vlaho Bukovac nerijetko nosi epitet jednog od najzna\u010dajnijih hrvatskih umjetnika, \u010dije djelo treba biti predmetom kontinuiranog povijesnoumjetni\u010dkog zanimanja i rada.<\/p>\n\n\n\n<p>Okvirne tematske cjeline skupa:<\/p>\n\n\n\n<ul class=\"wp-block-list\"><li>Bukov\u010deva <em>fortuna critica<\/em> u hrvatskoj povijesti umjetnosti<\/li><li>Vlaho Bukovac i njegovo doba \u2013 europski umjetnici na prijelomu stolje\u0107a<\/li><li>Temeljna istra\u017eivanja djela Vlahe Bukovca i <em>catalogue raisonn\u00e9<\/em><\/li><li>Vlaho Bukovac i hrvatski modernisti\u010dki pokret<\/li><li>Pluralizam stilova rane moderne u djelu Vlahe Bukovca<\/li><li>Bukov\u010devo djelo kroz prizmu nacionalnog identiteta u umjetnosti<\/li><li>Naru\u010ditelji, kolekcionari i provenijencija Bukov\u010devih djela<\/li><li>Novi prilozi za \u017eivotopis i opus<\/li><li>Bukovac prema ostalim hrvatskim umjetnicima<\/li><li>Restauratorski i konzervatorski zahvati na Bukov\u010devim djelima u javnom i privatnom vlasni\u0161tvu<\/li><\/ul>\n\n\n\n<p>Skup \u0107e se odr\u017eati u Galeriji Klovi\u0107evi dvori u travnju 2022. godine. Za sudjelovanje na konferenciji nije predvi\u0111ena kotizacija.<\/p>\n\n\n\n<p>Organizatori nisu u mogu\u0107nosti pokriti putne tro\u0161kove i tro\u0161kove smje\u0161taja. Slu\u017ebeni jezici konferencije su hrvatski i engleski.<\/p>\n\n\n\n<p>Duljina izlaganja je 20 minuta. Izlaganja \u0107e biti podijeljena u tematske sesije, a svaka \u0107e sesija biti zaklju\u010dena raspravom.<\/p>\n\n\n\n<p>Planirana je objava radova s konferencije u recenziranom zborniku. O na\u010dinu predaje tekstova sudionici \u0107e biti obavije\u0161teni nakon prihva\u0107anja izlaganja.<\/p>\n\n\n\n<p>Prijave (naslov, sa\u017eetak od 250 rije\u010di i kratki CV) molimo poslati <strong>do 1. prosinca 2021. <\/strong>na e-adresu <strong>acuric@ipu.hr<\/strong>. O prihva\u0107anju izlaganja sudionici \u0107e biti obavje\u0161teni do 20. prosinca 2021.<\/p>\n\n\n\n<p>Organizacijski odbor:<\/p>\n\n\n\n<p>dr. sc. Irena Kra\u0161evac (Institut za povijest umjetnosti)<br>dr. sc. Petar Prelog (Institut za povijest umjetnosti)<br>dr. sc. Petra Vugrinec (Galerija Klovi\u0107evi dvori)<br>Ana \u0106uri\u0107 (Institut za povijest umjetnosti)<br>Ana Fistani\u0107 (Galerija Klovi\u0107evi dvori)<\/p>\n\n\n\n<p>&#8211;<br>Naslovna fotografija:<br>Vlaho Bukovac slika sve\u010dani zastor Zemaljskog kazali\u0161ta u Zagrebu, 1895.<\/p>\n\n\n\n<hr class=\"wp-block-separator\"\/>\n\n\n\n<p>Izvor:<\/p>\n\n\n\n<p><a href=\"https:\/\/www.ipu.hr\/article\/hr\/1110\/vlaho-bukovac-umjetnik-i-njegovo-djelo\">https:\/\/www.ipu.hr\/article\/hr\/1110\/vlaho-bukovac-umjetnik-i-njegovo-djelo<\/a><\/p>\n\n\n\n<hr class=\"wp-block-separator\"\/>\n","protected":false},"excerpt":{"rendered":"","protected":false},"author":2,"featured_media":28651,"comment_status":"open","ping_status":"open","sticky":false,"template":"","format":"standard","meta":{"_acf_changed":false,"jetpack_post_was_ever_published":false,"_jetpack_newsletter_access":"","_jetpack_dont_email_post_to_subs":false,"_jetpack_newsletter_tier_id":0,"_jetpack_memberships_contains_paywalled_content":false,"_jetpack_memberships_contains_paid_content":false,"footnotes":"","jetpack_publicize_message":"","jetpack_publicize_feature_enabled":true,"jetpack_social_post_already_shared":true,"jetpack_social_options":{"image_generator_settings":{"template":"highway","default_image_id":0,"font":"","enabled":false},"version":2}},"categories":[3,9],"tags":[],"class_list":["post-28650","post","type-post","status-publish","format-standard","has-post-thumbnail","hentry","category-novosti","category-skupovi"],"acf":{"facebook_opis":""},"jetpack_publicize_connections":[],"jetpack_featured_media_url":"https:\/\/i0.wp.com\/historiografija.hr\/wp-content\/uploads\/2021\/12\/ipu-gkd-vlaho-bukovac.jpg?fit=900%2C562&ssl=1","jetpack_sharing_enabled":true,"jetpack-related-posts":[],"_links":{"self":[{"href":"https:\/\/historiografija.hr\/index.php?rest_route=\/wp\/v2\/posts\/28650","targetHints":{"allow":["GET"]}}],"collection":[{"href":"https:\/\/historiografija.hr\/index.php?rest_route=\/wp\/v2\/posts"}],"about":[{"href":"https:\/\/historiografija.hr\/index.php?rest_route=\/wp\/v2\/types\/post"}],"author":[{"embeddable":true,"href":"https:\/\/historiografija.hr\/index.php?rest_route=\/wp\/v2\/users\/2"}],"replies":[{"embeddable":true,"href":"https:\/\/historiografija.hr\/index.php?rest_route=%2Fwp%2Fv2%2Fcomments&post=28650"}],"version-history":[{"count":1,"href":"https:\/\/historiografija.hr\/index.php?rest_route=\/wp\/v2\/posts\/28650\/revisions"}],"predecessor-version":[{"id":28652,"href":"https:\/\/historiografija.hr\/index.php?rest_route=\/wp\/v2\/posts\/28650\/revisions\/28652"}],"wp:featuredmedia":[{"embeddable":true,"href":"https:\/\/historiografija.hr\/index.php?rest_route=\/wp\/v2\/media\/28651"}],"wp:attachment":[{"href":"https:\/\/historiografija.hr\/index.php?rest_route=%2Fwp%2Fv2%2Fmedia&parent=28650"}],"wp:term":[{"taxonomy":"category","embeddable":true,"href":"https:\/\/historiografija.hr\/index.php?rest_route=%2Fwp%2Fv2%2Fcategories&post=28650"},{"taxonomy":"post_tag","embeddable":true,"href":"https:\/\/historiografija.hr\/index.php?rest_route=%2Fwp%2Fv2%2Ftags&post=28650"}],"curies":[{"name":"wp","href":"https:\/\/api.w.org\/{rel}","templated":true}]}}