{"id":2865,"date":"2017-01-26T23:00:05","date_gmt":"2017-01-26T23:00:05","guid":{"rendered":"http:\/\/historiografija.hr\/?p=2865"},"modified":"2017-01-26T23:00:05","modified_gmt":"2017-01-26T23:00:05","slug":"ilija-jakovljevic-konclogor-na-savi","status":"publish","type":"post","link":"https:\/\/historiografija.hr\/?p=2865","title":{"rendered":"Ilija Jakovljevi\u0107, Konclogor na Savi"},"content":{"rendered":"<p class=\"MsoNormal\"><span style=\"mso-ansi-language:HR\">&nbsp;<\/span><\/p>\n<p class=\"MsoNormal\"><span style=\"mso-ansi-language:HR\">Povodom Me\u0111unarodnog dana sje\u0107anja na \u017ertve holokausta koji se obilje\u017eava 27. sije\u010dnja potrebno je govoriti i o holokaustu u Hrvatskoj stoga osim na historiografska djela o tome upu\u0107ujemo i na sugestivno svjedo\u010danstvo Ilije Jakovljevi\u0107a <b style=\"mso-bidi-font-weight: normal\"><i style=\"mso-bidi-font-style:normal\">Konclogor na Savi<\/i><\/b>.<\/span><\/p>\n<p class=\"MsoNormal\"><span style=\"mso-ansi-language:HR\">&nbsp;<\/span><\/p>\n<p class=\"MsoNormal\"><span style=\"mso-ansi-language:HR\">&#8212;<\/span><\/p>\n<p class=\"MsoNormal\"><span style=\"mso-ansi-language:HR\">&nbsp;<\/span><\/p>\n<p class=\"MsoNormal\"><b style=\"mso-bidi-font-weight:normal\"><i style=\"mso-bidi-font-style: normal\"><span style=\"mso-ansi-language:HR\">Konclogor na Savi<\/span><\/i><\/b><\/p>\n<p class=\"MsoNormal\"><span style=\"mso-ansi-language:HR\">Ilija Jakovljevi\u0107<\/span><\/p>\n<p class=\"MsoNormal\"><span style=\"mso-ansi-language:HR\">&nbsp;<\/span><\/p>\n<p class=\"MsoNormal\"><span style=\"mso-ansi-language:HR\">Izdava\u010d: Konzor<\/span><\/p>\n<p class=\"MsoNormal\"><span style=\"mso-ansi-language:HR\">Zagreb<\/span><\/p>\n<p class=\"MsoNormal\"><span style=\"mso-ansi-language:HR\">Godina izdanja: 1999<\/span><\/p>\n<p class=\"MsoNormal\"><span style=\"mso-ansi-language:HR\">&nbsp;<\/span><\/p>\n<p class=\"MsoNormal\"><span style=\"mso-ansi-language:HR\">Broj stranica: 344<\/span><\/p>\n<p class=\"MsoNormal\"><span style=\"mso-ansi-language:HR\">&nbsp;<\/span><\/p>\n<p class=\"MsoNormal\"><span style=\"mso-ansi-language:HR\">&nbsp;<\/span><\/p>\n<p class=\"MsoNormal\"><span style=\"mso-ansi-language:HR\">Svjedo\u010danstvo o usta\u0161kom logoru Stara Gradi\u0161ka u koji je knji\u017eevnik Ilija Jakovljevi\u0107 kao prista\u0161a HSS-a odveden 1941.godine.<\/span><\/p>\n<p class=\"MsoNormal\"><span style=\"mso-ansi-language:HR\">&nbsp;<\/span><\/p>\n<p class=\"MsoNormal\"><span style=\"mso-ansi-language:HR\">Jedna od najboljih knjiga objavljenih u zadnjih deset godina. <br \/><\/span><\/p>\n<p class=\"MsoNormal\"><span style=\"mso-ansi-language:HR\"><br \/><\/span><\/p>\n<p class=\"MsoNormal\"><span style=\"mso-ansi-language:HR\">&#8212;<\/span><\/p>\n<p class=\"MsoNormal\">            <\/p>\n<style> <!--  \/* Font Definitions *\/  @font-face \t{font-family:Calibri; \tpanose-1:2 15 5 2 2 2 4 3 2 4; \tmso-font-charset:238; \tmso-generic-font-family:swiss; \tmso-font-pitch:variable; \tmso-font-signature:-1610611985 1073750139 0 0 159 0;}  \/* Style Definitions *\/  p.MsoNormal, li.MsoNormal, div.MsoNormal \t{mso-style-unhide:no; \tmso-style-qformat:yes; \tmso-style-parent:\"\"; \tmargin-top:0cm; \tmargin-right:0cm; \tmargin-bottom:10.0pt; \tmargin-left:0cm; \tline-height:115%; \tmso-pagination:widow-orphan; \tfont-size:11.0pt; \tfont-family:\"Calibri\",\"sans-serif\"; \tmso-ascii-font-family:Calibri; \tmso-ascii-theme-font:minor-latin; \tmso-fareast-font-family:Calibri; \tmso-fareast-theme-font:minor-latin; \tmso-hansi-font-family:Calibri; \tmso-hansi-theme-font:minor-latin; \tmso-bidi-font-family:\"Times New Roman\"; \tmso-bidi-theme-font:minor-bidi; \tmso-ansi-language:EN-GB; \tmso-fareast-language:EN-US;} .MsoChpDefault \t{mso-style-type:export-only; \tmso-default-props:yes; \tmso-ascii-font-family:Calibri; \tmso-ascii-theme-font:minor-latin; \tmso-fareast-font-family:Calibri; \tmso-fareast-theme-font:minor-latin; \tmso-hansi-font-family:Calibri; \tmso-hansi-theme-font:minor-latin; \tmso-bidi-font-family:\"Times New Roman\"; \tmso-bidi-theme-font:minor-bidi; \tmso-ansi-language:EN-GB; \tmso-fareast-language:EN-US;} .MsoPapDefault \t{mso-style-type:export-only; \tmargin-bottom:10.0pt; \tline-height:115%;} @page Section1 \t{size:612.0pt 792.0pt; \tmargin:70.85pt 70.85pt 70.85pt 70.85pt; \tmso-header-margin:36.0pt; \tmso-footer-margin:36.0pt; \tmso-paper-source:0;} div.Section1 \t{page:Section1;} --> <\/style>\n<\/p>\n<p class=\"MsoNormal\" style=\"mso-margin-top-alt:auto;mso-margin-bottom-alt:auto; line-height:normal\" align=\"justify\"><span style=\"font-size:12.0pt;font-family:&quot;Times New Roman&quot;,&quot;serif&quot;; mso-fareast-font-family:&quot;Times New Roman&quot;;mso-ansi-language:HR;mso-fareast-language: HR\">\u201eOtkri\u0107e rukopisa Ilije Jakovljevi\u0107a o zato\u010deni\u0161tvu&nbsp; u usta\u0161kom logoru u Staroj Gradi\u0161ki 1941. i 1942. godine moralo bi biti jedan od najva\u017enijih doga\u0111aja suvremene hrvatske knji\u017eevnosti. Ni ta knji\u017eevnost, ni op\u0107enito hrvatska gra\u0111anska \u201cslika o sebi\u201d, poslije ove knjige ne mo\u017ee ostati ista. Jakovljevi\u0107 svojom sudbinom i svojim tekstom-testamentom \u2013 pedeset godina nakon svoje smrti \u2013 dramati\u010dno u tu knji\u017eevnost unosi nova mjerila i postavlja pred op\u0107u recepciju nove zahtjeve \u2013 moralne, intelektualne, politi\u010dke.\u201c<\/span><\/p>\n<p class=\"MsoNormal\" style=\"mso-margin-top-alt:auto;mso-margin-bottom-alt:auto; line-height:normal\" align=\"justify\"><span style=\"font-size:12.0pt;font-family:&quot;Times New Roman&quot;,&quot;serif&quot;; mso-fareast-font-family:&quot;Times New Roman&quot;;mso-ansi-language:HR;mso-fareast-language: HR\">&nbsp;<\/span><\/p>\n<p class=\"MsoNormal\" style=\"mso-margin-top-alt:auto;mso-margin-bottom-alt:auto; line-height:normal\" align=\"justify\"><i style=\"mso-bidi-font-style:normal\"><span style=\"font-size:12.0pt;font-family:&quot;Times New Roman&quot;,&quot;serif&quot;;mso-fareast-font-family: &quot;Times New Roman&quot;;mso-ansi-language:HR;mso-fareast-language:HR\">Ivan Lovrenovi\u0107<\/span><\/i><\/p>\n<p class=\"MsoNormal\" style=\"mso-margin-top-alt:auto;mso-margin-bottom-alt:auto; line-height:normal\" align=\"justify\"><span style=\"font-size:12.0pt;font-family:&quot;Times New Roman&quot;,&quot;serif&quot;; mso-fareast-font-family:&quot;Times New Roman&quot;;mso-ansi-language:HR;mso-fareast-language: HR\">&nbsp;<\/span><\/p>\n<p class=\"MsoNormal\" align=\"justify\"><span style=\"mso-ansi-language:HR\">http:\/\/ivanlovrenovic.com\/2012\/02\/ilija-jakovljevic-u-zemlji-grobova\/<\/span><\/p>\n<p class=\"MsoNormal\"><span style=\"mso-ansi-language:HR\"><br \/><\/span><\/p>\n<p class=\"MsoNormal\"><span style=\"mso-ansi-language:HR\"><br \/><\/span><\/p>\n<p class=\"MsoNormal\"><span style=\"mso-ansi-language:HR\"><br \/><\/span><\/p>\n<p class=\"MsoNormal\"><span style=\"mso-ansi-language:HR\"><br \/><\/span><\/p>\n","protected":false},"excerpt":{"rendered":"","protected":false},"author":1,"featured_media":0,"comment_status":"open","ping_status":"open","sticky":false,"template":"","format":"standard","meta":{"_acf_changed":false,"jetpack_post_was_ever_published":false,"_jetpack_newsletter_access":"","_jetpack_dont_email_post_to_subs":false,"_jetpack_newsletter_tier_id":0,"_jetpack_memberships_contains_paywalled_content":false,"_jetpack_memberships_contains_paid_content":false,"footnotes":"","jetpack_publicize_message":"","jetpack_publicize_feature_enabled":true,"jetpack_social_post_already_shared":false,"jetpack_social_options":{"image_generator_settings":{"template":"highway","default_image_id":0,"font":"","enabled":false},"version":2}},"categories":[3],"tags":[],"class_list":["post-2865","post","type-post","status-publish","format-standard","hentry","category-novosti"],"acf":{"facebook_opis":""},"jetpack_publicize_connections":[],"jetpack_featured_media_url":"","jetpack_sharing_enabled":true,"jetpack-related-posts":[],"_links":{"self":[{"href":"https:\/\/historiografija.hr\/index.php?rest_route=\/wp\/v2\/posts\/2865","targetHints":{"allow":["GET"]}}],"collection":[{"href":"https:\/\/historiografija.hr\/index.php?rest_route=\/wp\/v2\/posts"}],"about":[{"href":"https:\/\/historiografija.hr\/index.php?rest_route=\/wp\/v2\/types\/post"}],"author":[{"embeddable":true,"href":"https:\/\/historiografija.hr\/index.php?rest_route=\/wp\/v2\/users\/1"}],"replies":[{"embeddable":true,"href":"https:\/\/historiografija.hr\/index.php?rest_route=%2Fwp%2Fv2%2Fcomments&post=2865"}],"version-history":[{"count":0,"href":"https:\/\/historiografija.hr\/index.php?rest_route=\/wp\/v2\/posts\/2865\/revisions"}],"wp:attachment":[{"href":"https:\/\/historiografija.hr\/index.php?rest_route=%2Fwp%2Fv2%2Fmedia&parent=2865"}],"wp:term":[{"taxonomy":"category","embeddable":true,"href":"https:\/\/historiografija.hr\/index.php?rest_route=%2Fwp%2Fv2%2Fcategories&post=2865"},{"taxonomy":"post_tag","embeddable":true,"href":"https:\/\/historiografija.hr\/index.php?rest_route=%2Fwp%2Fv2%2Ftags&post=2865"}],"curies":[{"name":"wp","href":"https:\/\/api.w.org\/{rel}","templated":true}]}}