{"id":28647,"date":"2021-12-08T10:03:17","date_gmt":"2021-12-08T10:03:17","guid":{"rendered":"http:\/\/historiografija.hr\/?p=28647"},"modified":"2021-12-08T10:03:17","modified_gmt":"2021-12-08T10:03:17","slug":"medunarodna-konferencija-otkrivanje-dalmacije-vii","status":"publish","type":"post","link":"https:\/\/historiografija.hr\/?p=28647","title":{"rendered":"Me\u0111unarodna konferencija \u201cOtkrivanje Dalmacije VII\u201d"},"content":{"rendered":"\n<p><strong>Pri\u010de o putovanjima: Grand tour, putnici, itinerari, putopisi<\/strong><\/p>\n\n\n\n<p>Konferencija \u0107e biti organizirana prema hibridnom modelu, u kojemu \u0107e dio predava\u010da, kao i publika biti povezani putem platforme Zoom, dok \u0107e pak dio sudionika biti zajedno u Splitu. Ujedno je sedma konferencija godi\u0161njeg programa Otkrivanje Dalmacije, tjedna znanstvenih i stru\u010dnih doga\u0111anja, koji se provodi u organizaciji Centra Cvito Fiskovi\u0107 u Splitu.<\/p>\n\n\n\n<p><strong>Pozivamo vas da se pridru\u017eite konferenciji putem platforme Zoom:<\/strong><\/p>\n\n\n\n<p><a href=\"https:\/\/us02web.zoom.us\/j\/82258429504?pwd=WjB1eUN6anN0ZVdqcDZDVTlna0NYdz09\">https:\/\/us02web.zoom.us\/j\/82258429504?pwd=WjB1eUN6anN0ZVdqcDZDVTlna0NYdz09<\/a><\/p>\n\n\n\n<hr class=\"wp-block-separator\"\/>\n\n\n\n<p><strong>PROGRAM<\/strong><\/p>\n\n\n\n<p><strong>Srijeda, 8. prosinca<\/strong><\/p>\n\n\n\n<p><strong>Centar Cvito Fiskovi\u0107<\/strong><br>18.00 \u2013 20.00<br>Prijam<\/p>\n\n\n\n<p><strong>\u010cetvrtak, 9. prosinca<\/strong><\/p>\n\n\n\n<p>9.30 \u2013 10.00<br>Uvod<\/p>\n\n\n\n<p><strong>1. sesija, moderator Mirko Sardeli\u0107<\/strong><\/p>\n\n\n\n<p>10.00 \u2013 10.20<br><em>Dealing with Bandits in Early Modern Travelogues: Mobility and Brigandage on the Land Routes in the Adriatic and Black Sea Regions<\/em><br>Alexandr Osipian<\/p>\n\n\n\n<p>10.20 \u2013 10.40<br><em>The Urban Form of Dubrovnik as Seen by Pilgrims and Travellers<\/em><br>Vedran Stojanovi\u0107<\/p>\n\n\n\n<p>10.40 \u2013 11.00<br><em>Pieter Coecke van Aelst on the Dubrovnik Caravan Route<\/em><br>David Kabalin<\/p>\n\n\n\n<p>11.00 \u2013 11.40<br>Rasprava &#8211; stanka za kavu<\/p>\n\n\n\n<p>11.40 \u2013 12.00<br><em>Pierre Lescalopier\u2019s Diary (1574) from the Biblioth\u00e8que Universitaire Historique de M\u00e9decine<\/em><br>Helena Belamari\u0107<\/p>\n\n\n\n<p>12.00 \u2013 12.20<br><em>Fra Paul Pelizzer and Dalmatia in the 17th Century<\/em><br>Ivan Alduk<\/p>\n\n\n\n<p>12.20 \u2013 12.40<br><em>Discovering Wallachia Through the Eyes of Foreign Travellers in the 17th Century<\/em><br>Daniela Calciu<\/p>\n\n\n\n<p>12.40 \u2013 14.00<br>Rasprava &#8211; stanka<\/p>\n\n\n\n<p><strong>2. sesija, moderator Colin Thom<\/strong><\/p>\n\n\n\n<p>14.00 \u2013 14.20<br><em>Sir John Soane\u2019s Lecture Drawings: A Virtual Grand Tour<\/em><br>Frances Sands<\/p>\n\n\n\n<p>14.20 \u2013 14.40<br><em>Souvenirs d\u2019un Voyage en Dalmatie (1811?): Travel, Ethnography and Empire in the Early Nineteenth-Century Adriatic<\/em><br>David McCallam<\/p>\n\n\n\n<p>14.40 \u2013 15.00<br>Rasprava<\/p>\n\n\n\n<p>15.00 \u2013 15.20<br><em>The Amphitheater of Dyrrachium \u2013 A Landmark on the Route From Rome to Byzantium<\/em><br>Dominik Lengyel and Catherine Toulouse<\/p>\n\n\n\n<p>15.20 \u2013 15.40<br><em>Rome and Pompeii \u2014 Two Main Grand Tour Sites in the Collection of the Department of Prints and Drawings of the CASA<\/em><br>Ana Petkovi\u0107 Basleti\u0107<\/p>\n\n\n\n<p>15.40 \u2013 16.00<br><em>The Works of Adam, Cl\u00e9risseau, and Cassas in a Photographer&#8217;s Research: Deconstructing Nenad Gattin\u2019s Portrait of Diocletian\u2019s Palace<\/em><br>Ana \u0160verko<\/p>\n\n\n\n<p>16.00 \u2013 16.20<br>Rasprava<\/p>\n\n\n\n<p><strong>Petak, 10. prosinca<\/strong><\/p>\n\n\n\n<p><strong>3. sesija, moderatorica Ana \u0160verko<\/strong><\/p>\n\n\n\n<p>10.00 \u2013 10.20<br><em>British Travellers in Dalmatia During the 19th Century: Themes and Perspectives<\/em><br>Mateo Bratani\u0107<\/p>\n\n\n\n<p>10.20 \u2013 10.40<br><em>Journeys across Land and Sea: Mediterranean Itineraries Described in the Arabic Travel Literature of the Nineteenth and Early Twenty Centuries<\/em><br>Joanna Musiatewicz<\/p>\n\n\n\n<p>10.40 \u2013 11.00<br><em>The Balkan Letters by Erno Foerk. A Travelogue Mapping the Architectural Trajectories of Ottoman Heritage<\/em><br>Eszter Baldav\u00e1ri and Boris Dundovi\u0107<\/p>\n\n\n\n<p>11.00 \u2013 11.40<br>Rasprava &#8211; stanka za kavu<\/p>\n\n\n\n<p><strong>4. sesija, moderatorica Elke Katharina Wittich<\/strong><\/p>\n\n\n\n<p>11.40 \u2013 12.00<br><em>Travels or Expeditions? Bureaucratic Journeys in Early Habsburg Dalmatia<\/em><br>Konrad Clewing<\/p>\n\n\n\n<p>12.00 \u2013 12.20<br><em>Presenting Dalmatia: Emperor Francis Joseph I\u2019s Travels Through Dalmatia in 1875<\/em><br>Sanja \u017daja Vrbica<\/p>\n\n\n\n<p>12.20 \u2013 12.40<br><em>A Photographic Album with a Description of His Majesty Emperor and King Francis Joseph I&#8217;s Tour Through Dalmatia in 1875<\/em><br>Ante Orlovi\u0107<\/p>\n\n\n\n<p>12.40 \u2013 13.10<br>Rasprava<\/p>\n\n\n\n<p><strong>Javno predavanje<\/strong><br>13.10 \u2013 14.00<br><em>Defining Borderlines of Power and Impact &#8211; Maps of the Former Habsburg Empire with a Focus on Dalmatia After 1918<\/em><br>Elke Katharina Wittich<\/p>\n\n\n\n<p>16.00<br>Obilazak Dioklecijanove pala\u010de<\/p>\n\n\n\n<p><strong>Subota, 11. prosinca<\/strong><\/p>\n\n\n\n<p><strong>5. sesija, moderatorica Katrina O&#8217;Loughlin<\/strong><\/p>\n\n\n\n<p>10.00 \u2013 10.20<br>&#8220;It was difficult for me to part with Split\u2026&#8221; <em>Iso Kr\u0161njavi&#8217;s journey to Dalmatia in 1900<\/em><br>Irena Kra\u0161evac<\/p>\n\n\n\n<p>10.20 \u2013 10.40<br><em>Ivan Me\u0161trovi\u0107 and his reflections from his travels in the Middle East<\/em><br>Dalibor Pran\u010devi\u0107 and Barbara Vujanovi\u0107<\/p>\n\n\n\n<p>10.40 \u2013 11.00<br><em>To Narrate, Animate, Turn into Text \u2013Photographs of Refugees in El Shatt from the Croatian State Archives<\/em><br>Sandra Kri\u017ei\u0107 Roban<\/p>\n\n\n\n<p>11.00 \u2013 11.40<br>Rasprava<\/p>\n\n\n\n<p>11.40 \u2013 14.00<br>Posjet Galeriji Me\u0161trovi\u0107<\/p>\n\n\n\n<p><strong>Javno predavanje, Centar Cvito Fiskovi\u0107<\/strong><br>18.00 \u2013 19.30<br><em>Unboxing Gattin<\/em><br>Irena \u0160imi\u0107 and Ana \u0160verko<\/p>\n\n\n\n<p>19.30 \u2013 20.30<br>Zavr\u0161na sve\u010danost<\/p>\n\n\n\n<p>Ovogodi\u0161nji program obogatit \u0107e dva javna predavanja. Elke Katharina Wittich \u0107e predstaviti svoje istra\u017eivanje mapa Habsbur\u0161ke monarhije s fokusom na Dalmaciju nakon 1918. u povijesnom, gospodarskom i politi\u010dkom kontekstu, dok \u0107e Irena \u0160imi\u0107 i Ana \u0160verko predstaviti dosada\u0161nji rad na uspostavi digitalnog arhiva fotografa Nenada Gattina.<br><br>Detaljni program sa sa\u017eecima izlaganja potra\u017eite <a href=\"https:\/\/www.ipu.hr\/content\/info\/DD-VII_knjizica-sazetaka.pdf\">ovdje<\/a>.<\/p>\n\n\n\n<hr class=\"wp-block-separator\"\/>\n\n\n\n<p>Izvor:<\/p>\n\n\n\n<p><a href=\"https:\/\/www.ipu.hr\/article\/hr\/1153\/otkrivanje-dalmacije-vii\">https:\/\/www.ipu.hr\/article\/hr\/1153\/otkrivanje-dalmacije-vii<\/a><\/p>\n\n\n\n<hr class=\"wp-block-separator\"\/>\n","protected":false},"excerpt":{"rendered":"","protected":false},"author":2,"featured_media":28648,"comment_status":"open","ping_status":"open","sticky":false,"template":"","format":"standard","meta":{"_acf_changed":false,"jetpack_post_was_ever_published":false,"_jetpack_newsletter_access":"","_jetpack_dont_email_post_to_subs":false,"_jetpack_newsletter_tier_id":0,"_jetpack_memberships_contains_paywalled_content":false,"_jetpack_memberships_contains_paid_content":false,"footnotes":"","jetpack_publicize_message":"","jetpack_publicize_feature_enabled":true,"jetpack_social_post_already_shared":true,"jetpack_social_options":{"image_generator_settings":{"template":"highway","default_image_id":0,"font":"","enabled":false},"version":2}},"categories":[3,9],"tags":[],"class_list":["post-28647","post","type-post","status-publish","format-standard","has-post-thumbnail","hentry","category-novosti","category-skupovi"],"acf":{"facebook_opis":""},"jetpack_publicize_connections":[],"jetpack_featured_media_url":"https:\/\/i0.wp.com\/historiografija.hr\/wp-content\/uploads\/2021\/12\/Otkrivanje-Dalmacije.jpg?fit=2048%2C1365&ssl=1","jetpack_sharing_enabled":true,"jetpack-related-posts":[],"_links":{"self":[{"href":"https:\/\/historiografija.hr\/index.php?rest_route=\/wp\/v2\/posts\/28647","targetHints":{"allow":["GET"]}}],"collection":[{"href":"https:\/\/historiografija.hr\/index.php?rest_route=\/wp\/v2\/posts"}],"about":[{"href":"https:\/\/historiografija.hr\/index.php?rest_route=\/wp\/v2\/types\/post"}],"author":[{"embeddable":true,"href":"https:\/\/historiografija.hr\/index.php?rest_route=\/wp\/v2\/users\/2"}],"replies":[{"embeddable":true,"href":"https:\/\/historiografija.hr\/index.php?rest_route=%2Fwp%2Fv2%2Fcomments&post=28647"}],"version-history":[{"count":1,"href":"https:\/\/historiografija.hr\/index.php?rest_route=\/wp\/v2\/posts\/28647\/revisions"}],"predecessor-version":[{"id":28649,"href":"https:\/\/historiografija.hr\/index.php?rest_route=\/wp\/v2\/posts\/28647\/revisions\/28649"}],"wp:featuredmedia":[{"embeddable":true,"href":"https:\/\/historiografija.hr\/index.php?rest_route=\/wp\/v2\/media\/28648"}],"wp:attachment":[{"href":"https:\/\/historiografija.hr\/index.php?rest_route=%2Fwp%2Fv2%2Fmedia&parent=28647"}],"wp:term":[{"taxonomy":"category","embeddable":true,"href":"https:\/\/historiografija.hr\/index.php?rest_route=%2Fwp%2Fv2%2Fcategories&post=28647"},{"taxonomy":"post_tag","embeddable":true,"href":"https:\/\/historiografija.hr\/index.php?rest_route=%2Fwp%2Fv2%2Ftags&post=28647"}],"curies":[{"name":"wp","href":"https:\/\/api.w.org\/{rel}","templated":true}]}}