{"id":28645,"date":"2021-12-08T09:56:13","date_gmt":"2021-12-08T09:56:13","guid":{"rendered":"http:\/\/historiografija.hr\/?p=28645"},"modified":"2021-12-08T09:56:13","modified_gmt":"2021-12-08T09:56:13","slug":"call-for-papers-international-conference-art-history-and-discourse-on-the-centre-and-periphery-%e2%80%92-an-homage-to-ljubo-karaman-1886%e2%80%921971","status":"publish","type":"post","link":"https:\/\/historiografija.hr\/?p=28645","title":{"rendered":"Call for Papers \u2013 International Conference \u201cArt history and discourse on the centre and periphery \u2012 An homage to Ljubo Karaman (1886\u20121971)\u201d"},"content":{"rendered":"\n<p>Zagreb, 19\u201321 May 2022<\/p>\n\n\n\n<p>Host: Croatian Society of Art Historians<br><br>Since its founding in 1956, the Croatian Society of Art Historians has brought art historians together to promote the importance of our profession through a variety of events and publishing projects. Over the past eight years, we have undertaken a project entitled Croatian Art Historians, which we believe will have an important impact on domestic and international dialogue.<br>This international conference encourages academics and scholars to meet and exchange ideas and views in a forum that will stimulate respectful dialogue by bringing together European and international university scholars to share ideas and research on the dualistic centre-periphery paradigm in terms of art history based on work by Ljubo Karaman.<\/p>\n\n\n\n<p>Ljubo Karaman (1886\u20121971) was a Croatian art historian. Karaman\u2019s theoretical and practical work strongly marked the formative period of art history and conservation in Croatia between the two world wars and in the immediate postwar period. His most important contribution to the general history of art lies in his theoretical considerations of the notion of the periphery, the true historical basis of which is the artistic heritage of the Croatian regions. Karaman combined the theoretical results of his research experience in the study of national heritage in his book&nbsp;<em>O djelovanju doma\u0107e sredine u umjetnosti hrvatskih krajeva<\/em>&nbsp;(<em>\u00dcber die Einwirkung des einheimischen Milieus auf die Entwicklung der Kunst in den kroatischen L\u00e4ndern<\/em>, Zagreb: Croatian Society of Art Historians, 1963). Karaman\u2019s study was an internationally acclaimed contribution to thought on one of the key issues in contemporary art history and cultural history. This issue is still relevant today, as confirmed by the numerous international conferences, research networks, and projects that focus on it. Contemporary critical thought is trending towards the complete deconstruction and overcoming of ideologically manipulated dualism in the valorization of cultural production in the \u2018periphery\u2019. Such manipulation perpetuates the paradigms of the relationship between power and influence, which are dictated from the very centres in which they were created. The conference in Zagreb will contribute to a critical reflection on the origins, application, and challenges of the dualistic paradigm, primarily in art history between the Adriatic and Central Europe, which was the focus of Karaman\u2019s work.<\/p>\n\n\n\n<p>Ljubo Karaman was educated at the Vienna School of Art History at the beginning of the 20th century; his approach to historical art phenomena was essentially determined by the cosmopolitanism of the Vienna School and its affirmative attitude towards art in the \u2018provinces\u2019 (or peripheries). Another important element is his dialectical attitude towards the ideas of early 20th-century Austrian, Italian, Croatian, and Yugoslav art historians. Likewise, as a conservator, Karaman was delimited by the norms of the Austro-Hungarian Monarchy (k. k. Central Commission f\u00fcr Erforschung und Erhaltung der Baudenkmale), which was marked by the concepts and methodology of the new conservation movement in central Europe. In the field of conservation in the 20th century, Karaman was responsible for connecting European centres and the Croatian periphery.<br>Karaman&#8217;s conservation work took place during a period of great changes and challenges, not only in the field of cultural heritage protection, but also in the field of politics. After the Italian occupation of Dalmatia in 1941, Karaman moved from Split to Zagreb, where he accepted the position of director of the State Conservation Institute during the Independent State of Croatia. He remained in this position in the new, socialist Yugoslavia until 1950, when he retired. His active and critical role in three different political, economic, and ideological structures still encourages reflection on the possibilities and achievements of art historians, conservators, museologists, and experts in related disciplines in the scientific interpretation of heritage and the protection of monuments, in \u2018primitive\u2019, local parochialist, or nationally ideologised environments, i.e. under totalitarian regimes and social systems. This simultaneously begs the issue of the freedom of art historians\/conservators and the conscientious, professional, and impartial performance of their duties.<br>Conference participants should focus on one of the following issues in their presentations:<br>\u2012 critical reflection on the emergence, application, and challenges of the dualistic centre-periphery paradigm,<br>\u2012 the centre-periphery paradigm in the field of conservation and monument protection,<br>\u2012 the Vienna School of Art History and interpretation of the art of the periphery (provinces) during the monarchy and after its disintegration,<br>\u2012 national art histories and the centre-periphery paradigm,<br>\u2012 the professions of art history and conservation in the 20th century between provincialism, cosmopolitanism and political totalitarianism,<br>\u2012 new insights into the life and work of Ljubo Karaman,<br>\u2012 the reception of Ljubo Karaman&#8217;s work from the perspective of &#8220;entangled&#8221; art history,<br>\u2012 the reception and implementation of conservation theories and conventions between 1920 and 1965.<\/p>\n\n\n\n<p><strong>Organizing Committee<\/strong><br>Franko \u0106ori\u0107, PhD, Department of Art History Faculty of Humanities and Social Sciences University of Zagreb<br>Ljerka Dulibi\u0107, PhD, The Strossmayer Gallery of Old Masters of the Croatian Academy of Sciences and Arts<br>Jasenka Gudelj, PhD, Department of Philosophy and Cultural Heritage, Ca\u2019 Foscari University Venice<br>Zvonko Makovi\u0107, PhD, president of the Croatian Society of Art Historians<br>Predrag Markovi\u0107, PhD, Department of Art History Faculty of Humanities and Social Sciences University of Zagreb<br>Milan Pelc, PhD, Institute of Art History, Zagreb<br>Martina Petrinovi\u0107, secretary of the Croatian Society of Art Historians<br>Organizing Committee is responsible for nominating Keynote and Featured Speakers; developing the conference program and overseeing the reviewing of abstracts submitted to the conference<br><br>Location:&nbsp;<strong>Zagreb, Croatia<\/strong><br>Conference dates:&nbsp;<strong>May 19, 2022 to May 21, 2022<\/strong><br>Abstract Submission Deadline:&nbsp;<strong>January 25, 2022 \u2013&nbsp;<a href=\"https:\/\/forms.gle\/B8PH3tjEaF7gVtNK7\">online application form<\/a><\/strong><\/p>\n\n\n\n<p>Presentation format: oral presentation (15 minutes) \u2012 each presentation is followed by short discussion<\/p>\n\n\n\n<p>Conference fee: 55 EUR (after acceptance)<\/p>\n\n\n\n<p>Contact:&nbsp;<strong>Croatian Society of Art Historians<\/strong>&nbsp;\/\/&nbsp;<a href=\"mailto:dpuh@inet.hr\">dpuh@inet.hr<\/a>&nbsp;\/\/&nbsp;<a href=\"https:\/\/www.google.com\/url?q=http:\/\/www.dpuh.hr&amp;sa=D&amp;source=editors&amp;ust=1626785730764000&amp;usg=AFQjCNGzsse9NVQcEQxTymQcbRAHZRVgrA\">www.dpuh.hr<\/a>&nbsp;\/\/ Preradovi\u0107eva 44, Zagreb \/\/ +38514812920<\/p>\n\n\n\n<p><a href=\"http:\/\/www.dpuh.hr\/modules\/documentdownload.php?idDocument=599\">CALL FOR PAPERS &#8211; pdf<\/a><\/p>\n\n\n\n<p><a href=\"http:\/\/www.dpuh.hr\/\">http:\/\/www.dpuh.hr\/<\/a><\/p>\n\n\n\n<hr class=\"wp-block-separator\"\/>\n","protected":false},"excerpt":{"rendered":"","protected":false},"author":2,"featured_media":25338,"comment_status":"open","ping_status":"open","sticky":false,"template":"","format":"standard","meta":{"_acf_changed":false,"jetpack_post_was_ever_published":false,"_jetpack_newsletter_access":"","_jetpack_dont_email_post_to_subs":false,"_jetpack_newsletter_tier_id":0,"_jetpack_memberships_contains_paywalled_content":false,"_jetpack_memberships_contains_paid_content":false,"footnotes":"","jetpack_publicize_message":"","jetpack_publicize_feature_enabled":true,"jetpack_social_post_already_shared":true,"jetpack_social_options":{"image_generator_settings":{"template":"highway","default_image_id":0,"font":"","enabled":false},"version":2}},"categories":[3,9],"tags":[],"class_list":["post-28645","post","type-post","status-publish","format-standard","has-post-thumbnail","hentry","category-novosti","category-skupovi"],"acf":{"facebook_opis":""},"jetpack_publicize_connections":[],"jetpack_featured_media_url":"https:\/\/i0.wp.com\/historiografija.hr\/wp-content\/uploads\/2021\/03\/LjK.jpg?fit=1228%2C768&ssl=1","jetpack_sharing_enabled":true,"jetpack-related-posts":[],"_links":{"self":[{"href":"https:\/\/historiografija.hr\/index.php?rest_route=\/wp\/v2\/posts\/28645","targetHints":{"allow":["GET"]}}],"collection":[{"href":"https:\/\/historiografija.hr\/index.php?rest_route=\/wp\/v2\/posts"}],"about":[{"href":"https:\/\/historiografija.hr\/index.php?rest_route=\/wp\/v2\/types\/post"}],"author":[{"embeddable":true,"href":"https:\/\/historiografija.hr\/index.php?rest_route=\/wp\/v2\/users\/2"}],"replies":[{"embeddable":true,"href":"https:\/\/historiografija.hr\/index.php?rest_route=%2Fwp%2Fv2%2Fcomments&post=28645"}],"version-history":[{"count":1,"href":"https:\/\/historiografija.hr\/index.php?rest_route=\/wp\/v2\/posts\/28645\/revisions"}],"predecessor-version":[{"id":28646,"href":"https:\/\/historiografija.hr\/index.php?rest_route=\/wp\/v2\/posts\/28645\/revisions\/28646"}],"wp:featuredmedia":[{"embeddable":true,"href":"https:\/\/historiografija.hr\/index.php?rest_route=\/wp\/v2\/media\/25338"}],"wp:attachment":[{"href":"https:\/\/historiografija.hr\/index.php?rest_route=%2Fwp%2Fv2%2Fmedia&parent=28645"}],"wp:term":[{"taxonomy":"category","embeddable":true,"href":"https:\/\/historiografija.hr\/index.php?rest_route=%2Fwp%2Fv2%2Fcategories&post=28645"},{"taxonomy":"post_tag","embeddable":true,"href":"https:\/\/historiografija.hr\/index.php?rest_route=%2Fwp%2Fv2%2Ftags&post=28645"}],"curies":[{"name":"wp","href":"https:\/\/api.w.org\/{rel}","templated":true}]}}