{"id":28642,"date":"2021-12-07T21:07:24","date_gmt":"2021-12-07T21:07:24","guid":{"rendered":"http:\/\/historiografija.hr\/?p=28642"},"modified":"2021-12-07T21:07:24","modified_gmt":"2021-12-07T21:07:24","slug":"znanstveno-strucni-skup-posvecen-500-obljetnici-rodenja-stipana-konzula-istranina-i-bastini-uraske-tiskare-petak-10-12-online","status":"publish","type":"post","link":"https:\/\/historiografija.hr\/?p=28642","title":{"rendered":"Znanstveno-stru\u010dni skup posve\u0107en 500. obljetnici ro\u0111enja Stipana Konzula Istranina i ba\u0161tini Ura\u0161ke tiskare &#8211; petak, 10. 12. (online)"},"content":{"rendered":"\n<p>Povodom 500. godi\u0161njice ro\u0111enja Stipana Konzula Istranina, znamenitog glagolja\u0161a iz Buzeta, Sveu\u010dili\u0161te Jurja Dobrile u Puli organizira znanstveno-stru\u010dni skup posve\u0107en stvarala\u0161tvu istarskih glagolja\u0161a i ba\u0161tini Ura\u0161ke tiskare.<\/p>\n\n\n\n<p>Pozivamo vas da nam se pridru\u017eite u obilje\u017eavanju ove va\u017ene obljetnice, u virtualnom obliku (zbog aktualne pandemije), a putem poveznice:<\/p>\n\n\n\n<ul class=\"wp-block-list\"><li><a href=\"https:\/\/ovh.unipu.hr\/b\/dar-ufy-wqw\">https:\/\/ovh.unipu.hr\/b\/dar-ufy-wqw<\/a><\/li><\/ul>\n\n\n\n<p>Program skupa pogledajte na stranici skupa:<\/p>\n\n\n\n<ul class=\"wp-block-list\"><li><a href=\"https:\/\/www.unipu.hr\/500._obljetnica_rodenja_stipana_konzula_istranina\">https:\/\/www.unipu.hr\/500._obljetnica_rodenja_stipana_konzula_istranina<\/a><\/li><\/ul>\n\n\n\n<hr class=\"wp-block-separator\"\/>\n\n\n\n<p>Izvori:<\/p>\n\n\n\n<p><a href=\"https:\/\/www.unipu.hr\/znanost_i_istrazivanja\/novosti?@=2f8we#news_107564\">https:\/\/www.unipu.hr\/znanost_i_istrazivanja\/novosti?@=2f8we#news_107564<\/a><\/p>\n\n\n\n<figure class=\"wp-block-embed-wordpress wp-block-embed is-type-wp-embed is-provider-istarsko-povijesno-drustvo-societa-storica-istriana\"><div class=\"wp-block-embed__wrapper\">\n<blockquote class=\"wp-embedded-content\" data-secret=\"fsQBmeNGnR\"><a href=\"https:\/\/ipd-ssi.hr\/?p=15805\">Znanstveno-stru\u010dni skup posve\u0107en 500. obljetnici ro\u0111enja Stipana Konzula Istranina i ba\u0161tini Ura\u0161ke tiskare<\/a><\/blockquote><iframe loading=\"lazy\" class=\"wp-embedded-content\" sandbox=\"allow-scripts\" security=\"restricted\" style=\"position: absolute; clip: rect(1px, 1px, 1px, 1px);\" title=\"&#8220;Znanstveno-stru\u010dni skup posve\u0107en 500. obljetnici ro\u0111enja Stipana Konzula Istranina i ba\u0161tini Ura\u0161ke tiskare&#8221; &#8212; Istarsko povijesno dru\u0161tvo - Societ\u00e0 Storica Istriana\" src=\"https:\/\/ipd-ssi.hr\/?p=15805&#038;embed=true#?secret=fsQBmeNGnR\" data-secret=\"fsQBmeNGnR\" width=\"600\" height=\"338\" frameborder=\"0\" marginwidth=\"0\" marginheight=\"0\" scrolling=\"no\"><\/iframe>\n<\/div><\/figure>\n\n\n\n<hr class=\"wp-block-separator\"\/>\n","protected":false},"excerpt":{"rendered":"","protected":false},"author":2,"featured_media":28643,"comment_status":"open","ping_status":"open","sticky":false,"template":"","format":"standard","meta":{"_acf_changed":false,"jetpack_post_was_ever_published":false,"_jetpack_newsletter_access":"","_jetpack_dont_email_post_to_subs":false,"_jetpack_newsletter_tier_id":0,"_jetpack_memberships_contains_paywalled_content":false,"_jetpack_memberships_contains_paid_content":false,"footnotes":"","jetpack_publicize_message":"","jetpack_publicize_feature_enabled":true,"jetpack_social_post_already_shared":true,"jetpack_social_options":{"image_generator_settings":{"template":"highway","default_image_id":0,"font":"","enabled":false},"version":2}},"categories":[3,9],"tags":[],"class_list":["post-28642","post","type-post","status-publish","format-standard","has-post-thumbnail","hentry","category-novosti","category-skupovi"],"acf":{"facebook_opis":""},"jetpack_publicize_connections":[],"jetpack_featured_media_url":"https:\/\/i0.wp.com\/historiografija.hr\/wp-content\/uploads\/2021\/12\/Konzul.png?fit=800%2C450&ssl=1","jetpack_sharing_enabled":true,"jetpack-related-posts":[],"_links":{"self":[{"href":"https:\/\/historiografija.hr\/index.php?rest_route=\/wp\/v2\/posts\/28642","targetHints":{"allow":["GET"]}}],"collection":[{"href":"https:\/\/historiografija.hr\/index.php?rest_route=\/wp\/v2\/posts"}],"about":[{"href":"https:\/\/historiografija.hr\/index.php?rest_route=\/wp\/v2\/types\/post"}],"author":[{"embeddable":true,"href":"https:\/\/historiografija.hr\/index.php?rest_route=\/wp\/v2\/users\/2"}],"replies":[{"embeddable":true,"href":"https:\/\/historiografija.hr\/index.php?rest_route=%2Fwp%2Fv2%2Fcomments&post=28642"}],"version-history":[{"count":1,"href":"https:\/\/historiografija.hr\/index.php?rest_route=\/wp\/v2\/posts\/28642\/revisions"}],"predecessor-version":[{"id":28644,"href":"https:\/\/historiografija.hr\/index.php?rest_route=\/wp\/v2\/posts\/28642\/revisions\/28644"}],"wp:featuredmedia":[{"embeddable":true,"href":"https:\/\/historiografija.hr\/index.php?rest_route=\/wp\/v2\/media\/28643"}],"wp:attachment":[{"href":"https:\/\/historiografija.hr\/index.php?rest_route=%2Fwp%2Fv2%2Fmedia&parent=28642"}],"wp:term":[{"taxonomy":"category","embeddable":true,"href":"https:\/\/historiografija.hr\/index.php?rest_route=%2Fwp%2Fv2%2Fcategories&post=28642"},{"taxonomy":"post_tag","embeddable":true,"href":"https:\/\/historiografija.hr\/index.php?rest_route=%2Fwp%2Fv2%2Ftags&post=28642"}],"curies":[{"name":"wp","href":"https:\/\/api.w.org\/{rel}","templated":true}]}}