{"id":28638,"date":"2021-12-07T20:58:39","date_gmt":"2021-12-07T20:58:39","guid":{"rendered":"http:\/\/historiografija.hr\/?p=28638"},"modified":"2021-12-07T20:58:39","modified_gmt":"2021-12-07T20:58:39","slug":"izlozba-ars-et-virtus-hrvatska-madarska-800-godina-zajednicke-kulturne-bastine-u-madarskom-nacionalnom-muzeju-u-budimpesti-9-12-2021-15-3-2022","status":"publish","type":"post","link":"https:\/\/historiografija.hr\/?p=28638","title":{"rendered":"Izlo\u017eba ARS ET VIRTUS: HRVATSKA \u2013 MA\u0110ARSKA. 800 GODINA ZAJEDNI\u010cKE KULTURNE BA\u0160TINE u Ma\u0111arskom nacionalnom muzeju u Budimpe\u0161ti [9. 12. 2021. \u2013 15.3.2022.]"},"content":{"rendered":"\n<p>Izlo\u017eba koja je otvorena u Klovi\u0107evim dvorima 24. rujna 2020. godine napokon seli u Budimpe\u0161tu! Iznimno smo uzbu\u0111eni \u0161to \u0107e do\u0107i do otvorenja u Ma\u0111arskom nacionalnom muzeju, \u010dime \u0107e se zaokru\u017eiti nekoliko godina suradnje i rada na ovom uspje\u0161nom i nagra\u0111ivanom projektu. Podsje\u0107amo, na\u0161a kustosica dr. Petra Vugrinec i ravnatelj Galerije Klovi\u0107evi dvori Antonio Picukari\u0107 su u travnju ove godine primili orden Zlatnog kri\u017ea Ma\u0111arske za organizaciju ove izlo\u017ebe. Kako je navedeno: ovom su izlo\u017ebom ukazali na \u201ezajedni\u010dku kreativnu mo\u0107 dviju dr\u017eava, dva naroda, dvije kulture\u201c te tako \u201eoja\u010dali koheziju dviju nacija, uzajamno uva\u017eavanje i izblijedilo sje\u0107anje na zajedni\u010dku pro\u0161lost\u201c.<\/p>\n\n\n\n<p>Ima li ljep\u0161eg povoda za posjet europskoj prijestolnici Budimpe\u0161ti? Ma\u0111arski nacionalni muzej smje\u0161ten je u prekrasnoj neoklasi\u010dnoj gra\u0111evini arhitekta Mih\u00e1lya Pollacka, te okru\u017een mirnom oazom vrtova i parkova, jednom od najljep\u0161ih u ovom djelu Europe. Osnovan je 1802. godine kada grof Ferenc Sz\u00e9ch\u00e9nyi otvara Nacionalnu knji\u017enicu Sz\u00e9ch\u00e9nyi. Godine 1807. ma\u0111arski Parlament donosi zakon kojim se nova institucija i slu\u017ebeno uspostavlja. Muzej se 1846. godine seli na mjesto na kojem je i danas. Glavna je uloga Nacionalnog muzeja prikupljanje, o\u010duvanje i izlaganje povijesnih artefakata Panonske nizine i Ma\u0111arske od prapovijesti do danas. Stalni postav Muzeja sadr\u017ei vi\u0161e od milijun artefakata, svjetski poznatih arheolo\u0161kih nalaza i neprocjenjivog blaga ma\u0111arske povijesti i kulture. Muzej je izuzetno umre\u017een te sura\u0111uje s brojnim drugim kulturnim institucijama, poput: Muzeja kraljevske pala\u010de kralja Matije, Solomonovog tornja u Vi\u0161egradu ili Muzeja R\u00e1k\u00f3czi, kasnorenesansne gra\u0111evine u S\u00e1rospataku te Muzeja medicinske povijesti Semmelweis kao i brojnim drugima.<\/p>\n\n\n\n<p>Uz posjet izlo\u017ebi vjerujemo da ne\u0107ete mo\u0107i odoljeti ljepotama Budimpe\u0161te, jednog od najljep\u0161ih europskih gradova, nekada uz Be\u010d sredi\u0161tem Austro-Ugarske monarhije. Smje\u0161ten je na obali Dunava, a brojne znamenitosti ovoga grada poput Andra\u0161eve avenije, Trga heroja ili Milenijske podzemne \u017eeljeznice upisane na UNESCOV popis mjesta svjetske ba\u0161tine!<\/p>\n\n\n\n<p><strong>Izlo\u017eba je otvorena od 9. 12. 2021. do 15. 3. 2022. u Ma\u0111arskom nacionalnom muzeju na VIII. M\u00fazeum krt. 14\u201316.<\/strong><\/p>\n\n\n\n<hr class=\"wp-block-separator\"\/>\n\n\n\n<p>Izvor:<\/p>\n\n\n\n<figure class=\"wp-block-embed-wordpress wp-block-embed is-type-wp-embed is-provider-galerija-klovicevi-dvori\"><div class=\"wp-block-embed__wrapper\">\n<blockquote class=\"wp-embedded-content\" data-secret=\"PDuvt9hKgD\"><a href=\"https:\/\/gkd.hr\/2021\/11\/23\/izlozba-ars-et-virtus-hrvatska-madarska-800-godina-zajednicke-kulturne-bastine-u-madarskom-nacionalnom-muzeju-u-budimpesti-9-12-2021-15-3-2022\/\">Izlo\u017eba ARS ET VIRTUS: HRVATSKA \u2013 MA\u0110ARSKA. 800 GODINA ZAJEDNI\u010cKE KULTURNE BA\u0160TINE u Ma\u0111arskom nacionalnom muzeju u Budimpe\u0161ti [9. 12. 2021. &#8211; 15.3.2022.]<\/a><\/blockquote><iframe loading=\"lazy\" class=\"wp-embedded-content\" sandbox=\"allow-scripts\" security=\"restricted\" style=\"position: absolute; clip: rect(1px, 1px, 1px, 1px);\" title=\"&#8220;Izlo\u017eba ARS ET VIRTUS: HRVATSKA \u2013 MA\u0110ARSKA. 800 GODINA ZAJEDNI\u010cKE KULTURNE BA\u0160TINE u Ma\u0111arskom nacionalnom muzeju u Budimpe\u0161ti [9. 12. 2021. &#8211; 15.3.2022.]&#8221; &#8212; Galerija Klovi\u0107evi dvori\" src=\"https:\/\/gkd.hr\/2021\/11\/23\/izlozba-ars-et-virtus-hrvatska-madarska-800-godina-zajednicke-kulturne-bastine-u-madarskom-nacionalnom-muzeju-u-budimpesti-9-12-2021-15-3-2022\/embed\/#?secret=PDuvt9hKgD\" data-secret=\"PDuvt9hKgD\" width=\"600\" height=\"338\" frameborder=\"0\" marginwidth=\"0\" marginheight=\"0\" scrolling=\"no\"><\/iframe>\n<\/div><\/figure>\n\n\n\n<hr class=\"wp-block-separator\"\/>\n","protected":false},"excerpt":{"rendered":"","protected":false},"author":2,"featured_media":28639,"comment_status":"open","ping_status":"open","sticky":false,"template":"","format":"standard","meta":{"_acf_changed":false,"jetpack_post_was_ever_published":false,"_jetpack_newsletter_access":"","_jetpack_dont_email_post_to_subs":false,"_jetpack_newsletter_tier_id":0,"_jetpack_memberships_contains_paywalled_content":false,"_jetpack_memberships_contains_paid_content":false,"footnotes":"","jetpack_publicize_message":"","jetpack_publicize_feature_enabled":true,"jetpack_social_post_already_shared":true,"jetpack_social_options":{"image_generator_settings":{"template":"highway","default_image_id":0,"font":"","enabled":false},"version":2}},"categories":[10,3],"tags":[],"class_list":["post-28638","post","type-post","status-publish","format-standard","has-post-thumbnail","hentry","category-izlozbe","category-novosti"],"acf":{"facebook_opis":""},"jetpack_publicize_connections":[],"jetpack_featured_media_url":"https:\/\/i0.wp.com\/historiografija.hr\/wp-content\/uploads\/2021\/12\/Budapest.jpg?fit=1936%2C1452&ssl=1","jetpack_sharing_enabled":true,"jetpack-related-posts":[],"_links":{"self":[{"href":"https:\/\/historiografija.hr\/index.php?rest_route=\/wp\/v2\/posts\/28638","targetHints":{"allow":["GET"]}}],"collection":[{"href":"https:\/\/historiografija.hr\/index.php?rest_route=\/wp\/v2\/posts"}],"about":[{"href":"https:\/\/historiografija.hr\/index.php?rest_route=\/wp\/v2\/types\/post"}],"author":[{"embeddable":true,"href":"https:\/\/historiografija.hr\/index.php?rest_route=\/wp\/v2\/users\/2"}],"replies":[{"embeddable":true,"href":"https:\/\/historiografija.hr\/index.php?rest_route=%2Fwp%2Fv2%2Fcomments&post=28638"}],"version-history":[{"count":1,"href":"https:\/\/historiografija.hr\/index.php?rest_route=\/wp\/v2\/posts\/28638\/revisions"}],"predecessor-version":[{"id":28640,"href":"https:\/\/historiografija.hr\/index.php?rest_route=\/wp\/v2\/posts\/28638\/revisions\/28640"}],"wp:featuredmedia":[{"embeddable":true,"href":"https:\/\/historiografija.hr\/index.php?rest_route=\/wp\/v2\/media\/28639"}],"wp:attachment":[{"href":"https:\/\/historiografija.hr\/index.php?rest_route=%2Fwp%2Fv2%2Fmedia&parent=28638"}],"wp:term":[{"taxonomy":"category","embeddable":true,"href":"https:\/\/historiografija.hr\/index.php?rest_route=%2Fwp%2Fv2%2Fcategories&post=28638"},{"taxonomy":"post_tag","embeddable":true,"href":"https:\/\/historiografija.hr\/index.php?rest_route=%2Fwp%2Fv2%2Ftags&post=28638"}],"curies":[{"name":"wp","href":"https:\/\/api.w.org\/{rel}","templated":true}]}}