{"id":28632,"date":"2021-12-07T20:12:14","date_gmt":"2021-12-07T20:12:14","guid":{"rendered":"http:\/\/historiografija.hr\/?p=28632"},"modified":"2021-12-07T20:12:14","modified_gmt":"2021-12-07T20:12:14","slug":"izlozba-o-fabrikama-i-radnicima-beograd-01-12-2021-13-02-2022","status":"publish","type":"post","link":"https:\/\/historiografija.hr\/?p=28632","title":{"rendered":"Izlo\u017eba \u201cO fabrikama i radnicima\u201d (Beograd, 01.12.2021-13.02.2022.)"},"content":{"rendered":"\n<p><strong>Muzej Jugoslavije i Muzej nauke i tehnike predstavljaju izlo\u017ebu \u201eO fabrikama i radnicima\u201c, posve\u0107enu industrijalizaciji na teritoriji dana\u0161nje Srbije od njenih po\u010detaka do danas. Ova va\u017ena i slo\u017eena tema predstavljena je iz razli\u010ditih perspektiva \u2013 od dru\u0161tveno-politi\u010dke, kulturne i istorijske, do tehni\u010dko-tehnolo\u0161ke. Prvi deo izlo\u017ebe u Muzeju Jugoslavije bi\u0107e otvoren 1. decembra, na Dan muzeja, kada se obele\u017eava i 25 godina postojanja ove institucije. Drugi deo postavke, u Muzeju nauke i tehnike, publika \u0107e mo\u0107i da vidi od 7. decembra 2021. godine.<\/strong><\/p>\n\n\n\n<p>Izlo\u017ebu je pripremio kustoski tim ova dva muzeja: Ada Vlaji\u0107 i Rifat \u041aulenovi\u0107 iz Muzeja nauke i tehnike i Jovana Nedeljkovi\u0107 i Radovan Cuki\u0107 iz Muzeja Jugoslavije.<\/p>\n\n\n\n<p>\u201eDve institucije kulture povezala je \u017eelja da istra\u017euju i prika\u017eu javnosti industrijsko nasle\u0111e koje je va\u017ean deo aktuelnog nau\u010dno-tehni\u010dkog i kulturnog nasle\u0111a. Ovim fenomenom bave se oba muzeja, Muzej nauke i tehnike, mati\u010dan za istoriju nauke, tehnike i tehnologije i Muzej Jugoslavije, mati\u010dan za dru\u0161tvenu istoriju i jugoslovensko nasle\u0111e. Polja istra\u017eivanja ovih ustanova se preklapaju i me\u0111usobno oboga\u0107uju\u201d, isti\u010du Neda \u041ane\u017eevi\u0107, direktorka Muzeja Jugoslavije i Rifat \u041aulenovi\u0107, muzejski savetnik Muzeja nauke i tehnike.<\/p>\n\n\n\n<p>Izlo\u017eba mo\u017ee da se prati kroz pet industrijskih lokaliteta koji na paradigmati\u010dan na\u010din predstavljaju razvoj i funkcionisanje industrije na ovim prostorima u razli\u010ditim istorijskim, politi\u010dkim i dru\u0161tvenim okolnostima. Bi\u0107e prezentovana raznovrsna gra\u0111a koju \u010dine industrijski proizvodi, brojne fotografije koje svedo\u010de o razli\u010ditim aspektima fabri\u010dkog \u017eivota i video-materijal, dok drugi predmeti i dokumentacija prikazuju rudnike u Boru i Majdanpeku, tekstilnu industriju u Leskovcu, Elektronsku industriju Ni\u0161, Kombinat Servo Mihalj u Zrenjaninu i Vojno-tehni\u010dki zavod u \u041aragujevcu.<\/p>\n\n\n\n<p>\u201eLokaliteti su ciljano odabrani kako bi se kroz specifi\u010dnosti njihovog razvoja prikazali brojni fenomeni koji se vezuju za proces industrijalizacije: uloga kapitala (privatnog\/trgova\u010dkog, dr\u017eavnog, stranog), polo\u017eaj radni\u010dke klase, radni\u010dki standard i (prinudni) rad, prirodna uslovljenost industrije i promene u prirodnoj sredini koje nastaju industrijskim delovanjem, kao i veza industrije i nauke\u201d, navode kustosi i kustoskinje izlo\u017ebe i dodaju:<\/p>\n\n\n\n<p>\u201eLokaliteti verodostojno odslikavaju dru\u0161tvene promene, jer su u procesima privatizacije i deindustrijalizacije uglavnom svi prestali da postoje ili su opstali u zna\u010dajno izmenjenom obliku. Institucionalna briga da se ovo nasle\u0111e sa\u010duva u najve\u0107em broju slu\u010dajeva je izostala i, na\u017ealost, postoji mali broj dobrih primera za\u0161tite. To nas je i motivisalo da se bavimo ovim nasle\u0111em.\u201d<\/p>\n\n\n\n<p>Upravo zbog kompleksnosti teme, izlo\u017eba se realizuje u saradnji dve institucije i na dve lokacije. Muzej Jugoslavije fokusira se na industriju posmatranu kroz prelamanje slo\u017eenih, pre svega, dru\u0161tvenih i politi\u010dkih odnosa, dok je na izlo\u017ebi u Muzeju nauke i tehnike akcenat stavljen na tehnologiju i procese proizvodnje.<\/p>\n\n\n\n<p>U pripremi izlo\u017ebe tako\u0111e su u\u010destvovali: Mira Lukovi\u0107, Mira Nino\u0161evi\u0107, Dragan Stojmenovi\u0107 i Stevan Golubovi\u0107.<\/p>\n\n\n\n<p>Autorka postavke u oba muzeja je Breda Bizjak, a za grafi\u010dko oblikovanje bio je zadu\u017een Sa\u0161a Pan\u010di\u0107.<\/p>\n\n\n\n<p>Realizaciju izlo\u017ebe omogu\u0107ilo je Ministarstvo kulture i informisanja Republike Srbije. Za pomo\u0107 u pripremi izlo\u017ebe i na pozajmljenoj gra\u0111i autori i autorke zahvaljuju: Narodnom muzeju Leskovac, Muzeju rudarstva i metalurgije Bor, Narodnoj biblioteci Bor, Muzeju Stara livnica u \u041aragujevcu, Arhivu Jugoslavije, Narodnom muzeju Zrenjanin, Narodnoj biblioteci Srbije, Republi\u010dkoj ustanovi Filmske novosti, Programskom arhivu RTS, Rudarsko-geolo\u0161kom fakultetu u Beogradu, Mariji Milo\u0161evi\u0107, Aleni Zdravkovi\u0107, Rastku Stefanovi\u0107u, Gordani Stojanovi\u0107, Draganu&nbsp; Pavlovi\u0107u, Branislavu Marku\u0161u, Tomislavu \u0110urinu i Veliboru Ikodinovi\u0107u.<\/p>\n\n\n\n<p>Izlo\u017eba \u0107e biti otvorena do 13. februara 2022. godine.<\/p>\n\n\n\n<hr class=\"wp-block-separator\"\/>\n\n\n\n<p>Izvor:<\/p>\n\n\n\n<figure class=\"wp-block-embed-wordpress wp-block-embed is-type-wp-embed is-provider-muzej-jugoslavije\"><div class=\"wp-block-embed__wrapper\">\n<blockquote class=\"wp-embedded-content\" data-secret=\"m8XLzSVbRn\"><a href=\"https:\/\/www.muzej-jugoslavije.org\/exhibition\/o-fabrikama-i-radnicima\/\">O fabrikama i radnicima<\/a><\/blockquote><iframe loading=\"lazy\" class=\"wp-embedded-content\" sandbox=\"allow-scripts\" security=\"restricted\" style=\"position: absolute; clip: rect(1px, 1px, 1px, 1px);\" title=\"&#8220;O fabrikama i radnicima&#8221; &#8212; Muzej Jugoslavije\" src=\"https:\/\/www.muzej-jugoslavije.org\/exhibition\/o-fabrikama-i-radnicima\/embed\/#?secret=m8XLzSVbRn\" data-secret=\"m8XLzSVbRn\" width=\"600\" height=\"338\" frameborder=\"0\" marginwidth=\"0\" marginheight=\"0\" scrolling=\"no\"><\/iframe>\n<\/div><\/figure>\n\n\n\n<hr class=\"wp-block-separator\"\/>\n\n\n\n<p>Odjeci:<\/p>\n\n\n\n<p><a href=\"https:\/\/historiografija.ba\/article.php?id=857\">https:\/\/historiografija.ba\/article.php?id=857<\/a><\/p>\n\n\n\n<hr class=\"wp-block-separator\"\/>\n","protected":false},"excerpt":{"rendered":"","protected":false},"author":2,"featured_media":28633,"comment_status":"open","ping_status":"open","sticky":false,"template":"","format":"standard","meta":{"_acf_changed":false,"jetpack_post_was_ever_published":false,"_jetpack_newsletter_access":"","_jetpack_dont_email_post_to_subs":false,"_jetpack_newsletter_tier_id":0,"_jetpack_memberships_contains_paywalled_content":false,"_jetpack_memberships_contains_paid_content":false,"footnotes":"","jetpack_publicize_message":"","jetpack_publicize_feature_enabled":true,"jetpack_social_post_already_shared":true,"jetpack_social_options":{"image_generator_settings":{"template":"highway","default_image_id":0,"font":"","enabled":false},"version":2}},"categories":[10,3],"tags":[],"class_list":["post-28632","post","type-post","status-publish","format-standard","has-post-thumbnail","hentry","category-izlozbe","category-novosti"],"acf":{"facebook_opis":""},"jetpack_publicize_connections":[],"jetpack_featured_media_url":"https:\/\/i0.wp.com\/historiografija.hr\/wp-content\/uploads\/2021\/12\/O-fabrikama.jpg?fit=555%2C159&ssl=1","jetpack_sharing_enabled":true,"jetpack-related-posts":[],"_links":{"self":[{"href":"https:\/\/historiografija.hr\/index.php?rest_route=\/wp\/v2\/posts\/28632","targetHints":{"allow":["GET"]}}],"collection":[{"href":"https:\/\/historiografija.hr\/index.php?rest_route=\/wp\/v2\/posts"}],"about":[{"href":"https:\/\/historiografija.hr\/index.php?rest_route=\/wp\/v2\/types\/post"}],"author":[{"embeddable":true,"href":"https:\/\/historiografija.hr\/index.php?rest_route=\/wp\/v2\/users\/2"}],"replies":[{"embeddable":true,"href":"https:\/\/historiografija.hr\/index.php?rest_route=%2Fwp%2Fv2%2Fcomments&post=28632"}],"version-history":[{"count":1,"href":"https:\/\/historiografija.hr\/index.php?rest_route=\/wp\/v2\/posts\/28632\/revisions"}],"predecessor-version":[{"id":28634,"href":"https:\/\/historiografija.hr\/index.php?rest_route=\/wp\/v2\/posts\/28632\/revisions\/28634"}],"wp:featuredmedia":[{"embeddable":true,"href":"https:\/\/historiografija.hr\/index.php?rest_route=\/wp\/v2\/media\/28633"}],"wp:attachment":[{"href":"https:\/\/historiografija.hr\/index.php?rest_route=%2Fwp%2Fv2%2Fmedia&parent=28632"}],"wp:term":[{"taxonomy":"category","embeddable":true,"href":"https:\/\/historiografija.hr\/index.php?rest_route=%2Fwp%2Fv2%2Fcategories&post=28632"},{"taxonomy":"post_tag","embeddable":true,"href":"https:\/\/historiografija.hr\/index.php?rest_route=%2Fwp%2Fv2%2Ftags&post=28632"}],"curies":[{"name":"wp","href":"https:\/\/api.w.org\/{rel}","templated":true}]}}