{"id":28586,"date":"2021-12-03T22:34:39","date_gmt":"2021-12-03T22:34:39","guid":{"rendered":"http:\/\/historiografija.hr\/?p=28586"},"modified":"2021-12-03T22:36:34","modified_gmt":"2021-12-03T22:36:34","slug":"znanstveni-skup-lokalni-mediji-u-hrvatskom-proljecu","status":"publish","type":"post","link":"https:\/\/historiografija.hr\/?p=28586","title":{"rendered":"Znanstveni skup &#8216;Lokalni mediji u Hrvatskom prolje\u0107u&#8217;"},"content":{"rendered":"\n<p><strong>Ove godine obilje\u017eava se pedeseta godi\u0161njica Hrvatskog prolje\u0107a, koje je 1971. do\u017eivjelo svoj vrhunac, a krajem iste godine i slom. Tim povodom na Sveu\u010dili\u0161tu Sjever u Koprivnici, 6. prosinca 2021. godine, organizirat \u0107e se znanstveni skup \u201cLokalni mediji u Hrvatskom prolje\u0107u\u201d.<\/strong><\/p>\n\n\n\n<p>Tijekom Hrvatskog prolje\u0107a upravo su mediji igrali va\u017enu ulogu, a novinari se \u010desto na\u0161li na prvoj crti kada je bilo u pitanju propagiranje reformskih trendova ili na udaru kada su u pitanju bile posljedice osude prolje\u0107ara u Kara\u0111or\u0111evu. To se odnosi kako na medije koji su izlazili na republi\u010dkoj razini, tako i na lokalne medije. U pojedinim sredinama, naravno, o mnogo \u010demu ovisilo je i prvo i potonje. Ponajprije je to bilo vezano uz personalni sastav novinskih redakcija, ali i lokalne odnose mo\u0107i. Bez obzira na lokalne specifi\u010dnosti, Hrvatsko se prolje\u0107e sna\u017eno odrazilo na lokalne medije te ostavilo traga i na razvoj lokalnih listova i na sudbine mnogih novinara.<\/p>\n\n\n\n<p>Cilj je ovog skupa preispitati pojedine slu\u010dajeve, a potom preko studija slu\u010daja produbiti spoznaje o razvoju lokalnih medija u burnom razdoblju kraja 1960-ih i po\u010detka 1970-ih u Hrvatskoj. Dobrodo\u0161la su ne samo povijesna istra\u017eivanja, ve\u0107 i istra\u017eivanja s gledi\u0161ta drugih struka, kao i interdisciplinarna istra\u017eivanja koja mogu doprinijeti boljem poznavanju razvoja lokalnih medija u Hrvatskoj u analiziranom razdoblju.<\/p>\n\n\n\n<p><strong>PROGRAM:<\/strong><\/p>\n\n\n\n<p><strong>10:45<\/strong> <strong>Otvorenje<\/strong><\/p>\n\n\n\n<p><strong>Od &nbsp;11 do 12:15 h &#8211; Prva sesija: Moderira Lidija Duji\u0107<\/strong><\/p>\n\n\n\n<p>Antonio Grgi\u0107: Koprivni\u010dka medijska \u0161utnja kao specifi\u010dna po\u010detna to\u010dka dugogodi\u0161nje hrvatske \u0161utnje<\/p>\n\n\n\n<p>\u017deljko Kru\u0161elj: Uo\u010di raspleta sukoba prolje\u0107ara i dogmata: lokalni mediji o Titu u Koprivnici u rujnu 1971.<\/p>\n\n\n\n<p>Magdalena Najbar-Agi\u010di\u0107: Klju\u010dni trenuci Hrvatskog prolje\u0107a u ogledalu lokalnog tiska \u2013 na primjeru Vara\u017edinskih vijesti, Glasa Podravine i Karlova\u010dkog tjednika<\/p>\n\n\n\n<p>Mihael Pulji\u0107: Viroviti\u010dki list u razdoblju Hrvatskog prolje\u0107a \u2013 medijska objektivnost ili pristranost<\/p>\n\n\n\n<p><strong>Od 12:30 \u2013 13:45 h &#8211; Druga sesija: Moderira \u017deljko Kru\u0161elj<\/strong><\/p>\n\n\n\n<p>Kre\u0161imir Lackovi\u0107: Analiza medija u Slavoniji i Baranji za vrijeme i nakon Hrvatskog prolje\u0107a<\/p>\n\n\n\n<p>Lidija Duji\u0107 i Irena Radej Mili\u010di\u0107: Izme\u0111u Deklaracije i Hrvatskog prolje\u0107a \u2013 status kulture u Glasu Podravine: \u201eInformativno, jednostavno i razumljivo, na na\u010din kako je pisao Mi\u0161kina\u201c<\/p>\n\n\n\n<p>Ivo Mi\u0161ur: Slobodna Dalmacija u Hrvatskom prolje\u0107u<\/p>\n\n\n\n<p>Zdravko Mati\u0107 i Damir Stru\u010di\u0107: Hrvatsko prolje\u0107e u tjedniku Glas Koncila<\/p>\n\n\n\n<hr class=\"wp-block-separator\"\/>\n\n\n\n<p><strong><em>Svi zainteresirani skup mogu pogledati i na online na platformi Google Meet putem poveznice:\u00a0<a href=\"http:\/\/meet.google.com\/kup-mbam-dsz\">meet.google.com\/kup-mbam-dsz<\/a><\/em><\/strong><\/p>\n\n\n\n<hr class=\"wp-block-separator\"\/>\n\n\n\n<p>Izvor: <\/p>\n\n\n\n<p><a href=\"https:\/\/www.unin.hr\/2021\/12\/znanstveni-skup-lokalni-mediji-u-hrvatskom-proljecu\/\">https:\/\/www.unin.hr\/2021\/12\/znanstveni-skup-lokalni-mediji-u-hrvatskom-proljecu\/<\/a><\/p>\n\n\n\n<hr class=\"wp-block-separator\"\/>\n\n\n\n<div class=\"wp-block-file\"><a href=\"https:\/\/historiografija.hr\/wp-content\/uploads\/2021\/12\/Program_Sazeci.pdf\">Program_Sazeci<\/a><a href=\"https:\/\/historiografija.hr\/wp-content\/uploads\/2021\/12\/Program_Sazeci.pdf\" class=\"wp-block-file__button\" download>Preuzmi<\/a><\/div>\n\n\n\n<hr class=\"wp-block-separator\"\/>\n","protected":false},"excerpt":{"rendered":"","protected":false},"author":2,"featured_media":28588,"comment_status":"open","ping_status":"open","sticky":false,"template":"","format":"standard","meta":{"_acf_changed":false,"jetpack_post_was_ever_published":false,"_jetpack_newsletter_access":"","_jetpack_dont_email_post_to_subs":false,"_jetpack_newsletter_tier_id":0,"_jetpack_memberships_contains_paywalled_content":false,"_jetpack_memberships_contains_paid_content":false,"footnotes":"","jetpack_publicize_message":"","jetpack_publicize_feature_enabled":true,"jetpack_social_post_already_shared":true,"jetpack_social_options":{"image_generator_settings":{"template":"highway","default_image_id":0,"font":"","enabled":false},"version":2}},"categories":[3,9],"tags":[],"class_list":["post-28586","post","type-post","status-publish","format-standard","has-post-thumbnail","hentry","category-novosti","category-skupovi"],"acf":{"facebook_opis":""},"jetpack_publicize_connections":[],"jetpack_featured_media_url":"https:\/\/i0.wp.com\/historiografija.hr\/wp-content\/uploads\/2021\/12\/MASPOK.jpg?fit=750%2C417&ssl=1","jetpack_sharing_enabled":true,"jetpack-related-posts":[],"_links":{"self":[{"href":"https:\/\/historiografija.hr\/index.php?rest_route=\/wp\/v2\/posts\/28586","targetHints":{"allow":["GET"]}}],"collection":[{"href":"https:\/\/historiografija.hr\/index.php?rest_route=\/wp\/v2\/posts"}],"about":[{"href":"https:\/\/historiografija.hr\/index.php?rest_route=\/wp\/v2\/types\/post"}],"author":[{"embeddable":true,"href":"https:\/\/historiografija.hr\/index.php?rest_route=\/wp\/v2\/users\/2"}],"replies":[{"embeddable":true,"href":"https:\/\/historiografija.hr\/index.php?rest_route=%2Fwp%2Fv2%2Fcomments&post=28586"}],"version-history":[{"count":2,"href":"https:\/\/historiografija.hr\/index.php?rest_route=\/wp\/v2\/posts\/28586\/revisions"}],"predecessor-version":[{"id":28590,"href":"https:\/\/historiografija.hr\/index.php?rest_route=\/wp\/v2\/posts\/28586\/revisions\/28590"}],"wp:featuredmedia":[{"embeddable":true,"href":"https:\/\/historiografija.hr\/index.php?rest_route=\/wp\/v2\/media\/28588"}],"wp:attachment":[{"href":"https:\/\/historiografija.hr\/index.php?rest_route=%2Fwp%2Fv2%2Fmedia&parent=28586"}],"wp:term":[{"taxonomy":"category","embeddable":true,"href":"https:\/\/historiografija.hr\/index.php?rest_route=%2Fwp%2Fv2%2Fcategories&post=28586"},{"taxonomy":"post_tag","embeddable":true,"href":"https:\/\/historiografija.hr\/index.php?rest_route=%2Fwp%2Fv2%2Ftags&post=28586"}],"curies":[{"name":"wp","href":"https:\/\/api.w.org\/{rel}","templated":true}]}}