{"id":28571,"date":"2021-12-02T22:56:56","date_gmt":"2021-12-02T22:56:56","guid":{"rendered":"http:\/\/historiografija.hr\/?p=28571"},"modified":"2021-12-02T22:56:56","modified_gmt":"2021-12-02T22:56:56","slug":"hrvatski-povijesni-muzej-dobitnik-posebnog-priznanja-hrvatskog-muzejskog-drustva-za-izlozbu-ako-tebe-zaboravim-holokaust-u-hrvatskoj-1941-1945-zadnje-odrediste-auschwitz","status":"publish","type":"post","link":"https:\/\/historiografija.hr\/?p=28571","title":{"rendered":"Hrvatski povijesni muzej dobitnik Posebnog priznanja Hrvatskog muzejskog dru\u0161tva za izlo\u017ebu &#8220;Ako tebe zaboravim&#8230; &#8211; Holokaust u Hrvatskoj 1941.-1945. \/ Zadnje odredi\u0161te Auschwitz&#8221;"},"content":{"rendered":"\n<p>U Muzeju suvremene umjetnosti u Zagrebu 12. studenog 2021. odr\u017eana je dodjela Godi\u0161njih nagrada, posebnih priznanja te Nagrade za \u017eivotno djelo Hrvatskog muzejskog dru\u0161tva za 2020. godinu.<\/p>\n\n\n\n<p>Hrvatskom povijesnom muzeju dodijeljeno je posebno priznanje za realiziranu izlo\u017ebu <a href=\"https:\/\/www.hismus.hr\/hr\/izlozbe\/arhiva-izlozbi\/ako-tebe-zaboravim\/\">&#8220;Ako tebe zaboravim&#8230; &#8211; Holokaust u Hrvatskoj 1941.-1945. \/ Zadnje odredi\u0161te Auschwitz&#8221;.<\/a> Izlo\u017eba je realizirana na inicijativu Ministarstva kulture Republike Hrvatske u Francuskom paviljonu u Zagrebu od velja\u010de do travnja 2020. godine. Odr\u017eana je pod visokim pokroviteljstvom Vlade Republike Hrvatske za vrijeme hrvatskog predsjedanja Vije\u0107em Europske Unije. Suorganizator izlo\u017ebe bio je Hrvatski dr\u017eavni arhiv, a glavni partner na izlo\u017ebi Studentski centar u Zagrebu.<\/p>\n\n\n\n<p>Autorica idejne koncepcije izlo\u017ebe je Nata\u0161a Matau\u0161i\u0107, muzejska savjetnica (Hrvatski povijesni muzej), a autorice izlo\u017ebe i tekstova Nata\u0161a Matau\u0161i\u0107 (Hrvatski povijesni muzej) i Rajka Bu\u0107in, arhivska savjetnica (Hrvatski dr\u017eavni arhiv). Postav i vizualni identitet izlo\u017ebe te prate\u0107eg dvojezi\u010dnog kataloga potpisuju Damir Gamulin i Antun Sev\u0161ek.<\/p>\n\n\n\n<p>Izlo\u017eba koja predstavlja prvu muzeolo\u0161ku sintezu ove te\u0161ke teme iz hrvatske povijesti, izazvala je veliki interes znanstvene i stru\u010dne javnosti kao i medija o \u010demu svjedo\u010de mnogobrojni natpisi u dnevnom tisku te polemi\u010dne rasprave. Izlo\u017eba je u kona\u010dnici ukazala na nu\u017enu potrebu promicanja znanstvenog rada, povijesnih istra\u017eivanja te odgovornost struke u propitivanju i prezentaciji izuzetno turbulentnog, tragi\u010dnog i kratkog razdoblja hrvatske povijesti.<\/p>\n\n\n\n<hr class=\"wp-block-separator\"\/>\n\n\n\n<p>Izvor:<\/p>\n\n\n\n<p><a href=\"https:\/\/www.hismus.hr\/hr\/novosti\/aktualno\/ostalo\/hrvatski-povijesni-muzej-dobitnik-posebnog-priznanja-hrvatskog-muzejskog-drustva-za-izlozbu-ako-tebe-zaboravim-holokaust-u-hrvatskoj-1941-1945-zadnje-odrediste-auschwitz\/\">https:\/\/www.hismus.hr\/hr\/novosti\/aktualno\/ostalo\/hrvatski-povijesni-muzej-dobitnik-posebnog-priznanja-hrvatskog-muzejskog-drustva-za-izlozbu-ako-tebe-zaboravim-holokaust-u-hrvatskoj-1941-1945-zadnje-odrediste-auschwitz\/<\/a><\/p>\n\n\n\n<hr class=\"wp-block-separator\"\/>\n","protected":false},"excerpt":{"rendered":"","protected":false},"author":2,"featured_media":28572,"comment_status":"open","ping_status":"open","sticky":false,"template":"","format":"standard","meta":{"_acf_changed":false,"jetpack_post_was_ever_published":false,"_jetpack_newsletter_access":"","_jetpack_dont_email_post_to_subs":false,"_jetpack_newsletter_tier_id":0,"_jetpack_memberships_contains_paywalled_content":false,"_jetpack_memberships_contains_paid_content":false,"footnotes":"","jetpack_publicize_message":"","jetpack_publicize_feature_enabled":true,"jetpack_social_post_already_shared":true,"jetpack_social_options":{"image_generator_settings":{"template":"highway","default_image_id":0,"font":"","enabled":false},"version":2}},"categories":[10,3],"tags":[],"class_list":["post-28571","post","type-post","status-publish","format-standard","has-post-thumbnail","hentry","category-izlozbe","category-novosti"],"acf":{"facebook_opis":""},"jetpack_publicize_connections":[],"jetpack_featured_media_url":"https:\/\/i0.wp.com\/historiografija.hr\/wp-content\/uploads\/2021\/12\/povelja_HMD.jpg?fit=686%2C940&ssl=1","jetpack_sharing_enabled":true,"jetpack-related-posts":[],"_links":{"self":[{"href":"https:\/\/historiografija.hr\/index.php?rest_route=\/wp\/v2\/posts\/28571","targetHints":{"allow":["GET"]}}],"collection":[{"href":"https:\/\/historiografija.hr\/index.php?rest_route=\/wp\/v2\/posts"}],"about":[{"href":"https:\/\/historiografija.hr\/index.php?rest_route=\/wp\/v2\/types\/post"}],"author":[{"embeddable":true,"href":"https:\/\/historiografija.hr\/index.php?rest_route=\/wp\/v2\/users\/2"}],"replies":[{"embeddable":true,"href":"https:\/\/historiografija.hr\/index.php?rest_route=%2Fwp%2Fv2%2Fcomments&post=28571"}],"version-history":[{"count":1,"href":"https:\/\/historiografija.hr\/index.php?rest_route=\/wp\/v2\/posts\/28571\/revisions"}],"predecessor-version":[{"id":28573,"href":"https:\/\/historiografija.hr\/index.php?rest_route=\/wp\/v2\/posts\/28571\/revisions\/28573"}],"wp:featuredmedia":[{"embeddable":true,"href":"https:\/\/historiografija.hr\/index.php?rest_route=\/wp\/v2\/media\/28572"}],"wp:attachment":[{"href":"https:\/\/historiografija.hr\/index.php?rest_route=%2Fwp%2Fv2%2Fmedia&parent=28571"}],"wp:term":[{"taxonomy":"category","embeddable":true,"href":"https:\/\/historiografija.hr\/index.php?rest_route=%2Fwp%2Fv2%2Fcategories&post=28571"},{"taxonomy":"post_tag","embeddable":true,"href":"https:\/\/historiografija.hr\/index.php?rest_route=%2Fwp%2Fv2%2Ftags&post=28571"}],"curies":[{"name":"wp","href":"https:\/\/api.w.org\/{rel}","templated":true}]}}