{"id":28568,"date":"2021-12-02T22:51:43","date_gmt":"2021-12-02T22:51:43","guid":{"rendered":"http:\/\/historiografija.hr\/?p=28568"},"modified":"2021-12-02T22:51:43","modified_gmt":"2021-12-02T22:51:43","slug":"antonija-mlikota-zadar-obnova-i-izgradnja-nakon-razaranja-u-drugome-svjetskom-ratu","status":"publish","type":"post","link":"https:\/\/historiografija.hr\/?p=28568","title":{"rendered":"Antonija Mlikota, \u201cZadar \u2013 obnova i izgradnja nakon razaranja u Drugome svjetskom ratu\u201d"},"content":{"rendered":"\n<p>Tematika obnove Zadra nakon Drugoga svjetskog rata kroz knjigu <em>Zadar \u2013 obnova i izgradnja nakon razaranja u Drugome svjetskom ratu<\/em> postala je dostupna \u0161irokome krugu \u010ditatelja, onih vezanih uz struku, onih vezanih studijem, ali i \u0161irokoj javnosti zainteresiranoj za revitalizaciju Zadra tokom minulih pola stolje\u0107a. Grad je prije toga izronio iz magle rata kao jedan od najve\u0107ih njegovih invalida, posve razoren u jednoj tre\u0107ini, znatno o\u0161te\u0107en u drugoj, sa\u010duvan tek u tre\u0107oj, te je s njom krenuo u obnovu kojoj je povijesnost naru\u0161ene cjeline postala temeljac suvremenoga grada. To je samo po sebi dru\u0161tveno opravdano i potrebno.<br><br>Knjiga je utemeljena na prou\u010davanju izvorne arhivske gra\u0111e i stanja graditeljskoga fonda u naravi, zatim iscrpog is\u010ditavanja znanstevene literature i stru\u010dnih radova o toj opse\u017enoj temi te publicisti\u010dkih zapisa i vo\u0111enih razgovora. Time je ve\u0107 u metodskom pristupu temeljitija od svih prethodnih pisanja o poratnoj obnovi povijesne jezgre Zadra te opse\u017enija u kronolo\u0161kom i prostornom slijedu arhitektonske i urbanisti\u010dke obnove povijesnoga grada u Zadru. Pedantno je rekonstruiran slijed zbivanja na administrativnoj i operativnoj razini, u izradi urbanisti\u010dke i arhitektonske dokumentacija te obnovi gra\u0111evina i podizanju novih zgrada. Kriti\u010dkom analizom valoriziran je teoretski pristup i prostorno ostvarenje kao primjer dobrih principa u obnovi povijesnih gradova. Posebna pa\u017enja posve\u0107ena stvarnom stupnju razaranja aglomeracije u bombardiranjima i potom u ra\u0161\u010di\u0161\u0107avanju ru\u0161evina te planu obnove jezgre zami\u0161ljene po idejnom projektu arhitekta Bruna Mili\u0107a iz 1955. godine. Originalnosti knjige u presudnoj su mjeri pridonijela arhivska istra\u017eivanja, podjednako usmjerena prema klju\u010dnim institucijama (Dr\u017eavnim arhivima u Zadru i Zagrebu, u arhivu Hrvatske Akademije znanosti u umjetnosti te arhivu Ministarstva kulture Republike Hrvatske) kao i &#8216;malim&#8217; arhivima konzervatorskih ureda u Zadru i Splitu, muzejima u Zadar i Zagrebu, Znanstvenoj knji\u017enici u Zadru te Nacionalnoj i sveu\u010dili\u0161noj knji\u017enici u Zagrebu. Zadarski primjer, sagledavan danas s povijesnom distancom od pola stolje\u0107a, zaista je pou\u010dan za studente povijesti umjetnosti te arhitekture i urbanizma.<br><br>Knjiga temeljem arhivskog istra\u017eivanja otkriva autenti\u010dnu povijesnu gra\u0111u te \u010ditanjem opse\u017ene doma\u0107e i strane literature ulazi i vrijeme i teoriju urbanolo\u0161kih pitanja koja su pratila obnovu Zadra u pedesetim i \u0161ezdesetim godinama 20. stolje\u0107a. Otkriva slijed stvarnih zbivanja, osoba, datuma, rje\u0161enja, povijest promi\u0161ljanja i doga\u0111anja. Sve je ilustrirano sa sa\u010duvanim crte\u017eima urbanisti\u010dkih planova, arhitektonskih projekata, s autenti\u010dnim fotografijama, dakako i s osobnim deskripcijama te katalo\u0161ki obra\u0111enom gra\u0111om s opse\u017enim navodima izvora i literature. Sve to raspravi daje te\u017einu znanstveno vrijednoga \u0161tiva koje za povijest gra\u0111enja prostora i njegova \u010duvanja, za povijest urbanizma i arhitekture u nas, za konzervatorske metode u za\u0161titi aglomeracija, ima veliku vrijednost.<\/p>\n\n\n\n<hr class=\"wp-block-separator\"\/>\n\n\n\n<p>Izdava\u010d: \u0160kolska knjiga<\/p>\n\n\n\n<p>Broj stranica: 872<\/p>\n\n\n\n<p>Godina izdanja: 2021<\/p>\n\n\n\n<hr class=\"wp-block-separator\"\/>\n\n\n\n<p>Izvor:<\/p>\n\n\n\n<p><a href=\"https:\/\/shop.skolskaknjiga.hr\/zadar-obnova-i-izgradnja-nakon-razaranja-u-drugome-svjetskom-ratu.html\">https:\/\/shop.skolskaknjiga.hr\/zadar-obnova-i-izgradnja-nakon-razaranja-u-drugome-svjetskom-ratu.html<\/a><\/p>\n\n\n\n<hr class=\"wp-block-separator\"\/>\n","protected":false},"excerpt":{"rendered":"","protected":false},"author":2,"featured_media":28569,"comment_status":"open","ping_status":"open","sticky":false,"template":"","format":"standard","meta":{"_acf_changed":false,"jetpack_post_was_ever_published":false,"_jetpack_newsletter_access":"","_jetpack_dont_email_post_to_subs":false,"_jetpack_newsletter_tier_id":0,"_jetpack_memberships_contains_paywalled_content":false,"_jetpack_memberships_contains_paid_content":false,"footnotes":"","jetpack_publicize_message":"","jetpack_publicize_feature_enabled":true,"jetpack_social_post_already_shared":true,"jetpack_social_options":{"image_generator_settings":{"template":"highway","default_image_id":0,"font":"","enabled":false},"version":2}},"categories":[8,3],"tags":[],"class_list":["post-28568","post","type-post","status-publish","format-standard","has-post-thumbnail","hentry","category-knjige","category-novosti"],"acf":{"facebook_opis":""},"jetpack_publicize_connections":[],"jetpack_featured_media_url":"https:\/\/i0.wp.com\/historiografija.hr\/wp-content\/uploads\/2021\/12\/Zadar.jpg?fit=795%2C1000&ssl=1","jetpack_sharing_enabled":true,"jetpack-related-posts":[],"_links":{"self":[{"href":"https:\/\/historiografija.hr\/index.php?rest_route=\/wp\/v2\/posts\/28568","targetHints":{"allow":["GET"]}}],"collection":[{"href":"https:\/\/historiografija.hr\/index.php?rest_route=\/wp\/v2\/posts"}],"about":[{"href":"https:\/\/historiografija.hr\/index.php?rest_route=\/wp\/v2\/types\/post"}],"author":[{"embeddable":true,"href":"https:\/\/historiografija.hr\/index.php?rest_route=\/wp\/v2\/users\/2"}],"replies":[{"embeddable":true,"href":"https:\/\/historiografija.hr\/index.php?rest_route=%2Fwp%2Fv2%2Fcomments&post=28568"}],"version-history":[{"count":1,"href":"https:\/\/historiografija.hr\/index.php?rest_route=\/wp\/v2\/posts\/28568\/revisions"}],"predecessor-version":[{"id":28570,"href":"https:\/\/historiografija.hr\/index.php?rest_route=\/wp\/v2\/posts\/28568\/revisions\/28570"}],"wp:featuredmedia":[{"embeddable":true,"href":"https:\/\/historiografija.hr\/index.php?rest_route=\/wp\/v2\/media\/28569"}],"wp:attachment":[{"href":"https:\/\/historiografija.hr\/index.php?rest_route=%2Fwp%2Fv2%2Fmedia&parent=28568"}],"wp:term":[{"taxonomy":"category","embeddable":true,"href":"https:\/\/historiografija.hr\/index.php?rest_route=%2Fwp%2Fv2%2Fcategories&post=28568"},{"taxonomy":"post_tag","embeddable":true,"href":"https:\/\/historiografija.hr\/index.php?rest_route=%2Fwp%2Fv2%2Ftags&post=28568"}],"curies":[{"name":"wp","href":"https:\/\/api.w.org\/{rel}","templated":true}]}}