{"id":28559,"date":"2021-12-01T16:45:12","date_gmt":"2021-12-01T16:45:12","guid":{"rendered":"http:\/\/historiografija.hr\/?p=28559"},"modified":"2021-12-01T16:54:16","modified_gmt":"2021-12-01T16:54:16","slug":"dragan-markovina-jugoslavija-u-hrvatskoj-1918-2018-od-euforije-do-tabua-2","status":"publish","type":"post","link":"https:\/\/historiografija.hr\/?p=28559","title":{"rendered":"Dragan Markovina, \u201cJugoslavija u Hrvatskoj (1918-2018): Od euforije do tabua\u201d"},"content":{"rendered":"\n<p>Nakon \u0161to je objavljena u Zagrebu 2018. godine, knjiga Dragana Markovine \u201cJugoslavija u Hrvatskoj (1918-2018): Od euforije do tabua\u201d objavljena je 2021. godine u izdanju University Pressa iz Sarajeva i CFP Apostrofa iz Beograda.<\/p>\n\n\n\n<p>&#8212;<\/p>\n\n\n\n<p>IKD \u201eUniversity Press &#8211; Izdanja Magistrat \u201c Sarajevo u okviru Edicije Civitas objavilo je knjigu \u201cJUGOSLAVIJA U HRVATSKOJ (1918-2018) : Od euforije do tabua\u201d autora Dragana Markovine. Sredi\u0161nje pitanje na koje ova knjiga poku\u0161ava odgovoriti je zbog \u010dega je i kako do\u0161lo do toga da Jugoslavija u Hrvatskoj od sinonima za euforiju iz 1918., postane sinonim za tabu i autocenzuru 2018., u boljem slu\u010daju, ili za psovku u gorem. Kako bi odgovorio na to pitanje, Markovina polazi od teze da je jugoslavenstvo u Hrvatskoj prije stvaranja Jugoslavije imalo dva oblika: ono koje je stvaralo dr\u017eavne institucije, kakav je slu\u010daj sa jugoslavenstvom u Banskoj Hrvatskoj, i jugoslavenstvo u Dalmaciji, koje nije stvaralo dr\u017eavne institucije. Kada se Jugoslavija raspala tokom 1990-ih, u Hrvatskoj su ostale dr\u017eavne institucije, uklju\u010duju\u0107i i preimanovanu akademiju naka i umjetnosti, koje su rezultat jugoslavenske ideje. Tu se mo\u017eda i kriju razlozi tabuizacije Jugoslavije u Hrvatskoj, kao i izvjesnog pre\u017eivljavanja jugoslavenstva u Dalmaciji.<\/p>\n\n\n\n<p>Iako se bavi pitanjem razumijevanja Jugoslavije u Hrvatskoj, knjiga je va\u017ena i za historiju Bosne i Hercegovine. Neka od pitanja o kojima Markovina raspravlja ti\u010du se Tu\u0111manove ideje o popravljanju hrvatske granice na ra\u010dun Bosne i Hercegovine (\u201cFeti\u0161izacija Banovine Hrvatske\u201d), a i analize o sudbini politi\u010dke ljevice u Hrvatskoj poticajne su za razumijevanje sudbine ljevice u Bosni i Hercegovini. Markovinina teza o krivnji Saveza komunista Jugoslavije za raspad zemlje 1990-ih je poticajna za diskusiju. Naime, tvrdi Markovina, iako je imao ogroman potencijal, Savez komunista se na kraju pretvorio \u201eu intelektualno lijenu konzervativnu partiju kalkulanata, oportunista i birokrata, koja je tjeraju\u0107i najbolje od sebe (na primjer poslije 1968, po\u010detkom 1971 i sli\u010dno, op. historiografija.ba), paktiraju\u0107i s nacionalistima i zatvaraju\u0107i o\u010di pred dru\u0161tvenom stvarno\u0161\u0107u napravila sve da upropasti zemlju i dru\u0161tveno-politi\u010dki projekat koji je sama stvorila. Bolje od onakvog kraja zbog toga nije ni zaslu\u017eila, ali je ceh takvog izbora koji su platili svi gra\u0111ani Jugoslavije bio i ostao prevelik i previ\u0161e krvav, a vrlo izvjesno i nepovratan\u201c.<\/p>\n\n\n\n<p><strong>O autoru:<\/strong><\/p>\n\n\n\n<p>Dragan Markovina (Mostar, 1981.) je doktor povijesnih znanosti, esejist i kolumnist. Deset godina radio je na Odsjeku za povijest Filozofskog fakulteta u Splitu i pisao za brojne regionalne \u010dasopise i medije. Redovni je kolumnist portala telegram.hr i sarajevskog Oslobo\u0111enja. Autor je niza knjiga, me\u0111u kojima i \u201eIzme\u0111u crvenog i crnog: Split i Mostar u kulturi sje\u0107anja\u201c, \u201ePovijest pora\u017eenih\u201c, \u201eLibanon na Neretvi: kultura sje\u0107anja i zaborava\u201c. Za prvu knjigu dobio je \u201enagradu Mirko Kova\u010d\u201c. \u017divi u Splitu, Mostaru i Sarajevu.<\/p>\n\n\n\n<p>Knjigu, po cijeni od 25,00 KM sa PDV-om, mo\u017eete naru\u010diti putem e maila <a href=\"https:\/\/historiografija.ba\/\u201cmailto:unipress@bih.net.ba%22\">unipress@bih.net.ba<\/a> ili telefonom 00 387 33 550-675 ili na fax: 00 387 33 550-677.<\/p>\n\n\n\n<hr class=\"wp-block-separator\"\/>\n\n\n\n<p>Izvor:<\/p>\n\n\n\n<p><a href=\"https:\/\/historiografija.ba\/article.php?id=848\">https:\/\/historiografija.ba\/article.php?id=848<\/a><\/p>\n\n\n\n<hr class=\"wp-block-separator\"\/>\n","protected":false},"excerpt":{"rendered":"","protected":false},"author":2,"featured_media":28560,"comment_status":"open","ping_status":"open","sticky":false,"template":"","format":"standard","meta":{"_acf_changed":false,"jetpack_post_was_ever_published":false,"_jetpack_newsletter_access":"","_jetpack_dont_email_post_to_subs":false,"_jetpack_newsletter_tier_id":0,"_jetpack_memberships_contains_paywalled_content":false,"_jetpack_memberships_contains_paid_content":false,"footnotes":"","jetpack_publicize_message":"","jetpack_publicize_feature_enabled":true,"jetpack_social_post_already_shared":true,"jetpack_social_options":{"image_generator_settings":{"template":"highway","default_image_id":0,"font":"","enabled":false},"version":2}},"categories":[8,3],"tags":[],"class_list":["post-28559","post","type-post","status-publish","format-standard","has-post-thumbnail","hentry","category-knjige","category-novosti"],"acf":{"facebook_opis":""},"jetpack_publicize_connections":[],"jetpack_featured_media_url":"https:\/\/i0.wp.com\/historiografija.hr\/wp-content\/uploads\/2021\/12\/Markovina_YU-u-HR.jpg?fit=450%2C690&ssl=1","jetpack_sharing_enabled":true,"jetpack-related-posts":[],"_links":{"self":[{"href":"https:\/\/historiografija.hr\/index.php?rest_route=\/wp\/v2\/posts\/28559","targetHints":{"allow":["GET"]}}],"collection":[{"href":"https:\/\/historiografija.hr\/index.php?rest_route=\/wp\/v2\/posts"}],"about":[{"href":"https:\/\/historiografija.hr\/index.php?rest_route=\/wp\/v2\/types\/post"}],"author":[{"embeddable":true,"href":"https:\/\/historiografija.hr\/index.php?rest_route=\/wp\/v2\/users\/2"}],"replies":[{"embeddable":true,"href":"https:\/\/historiografija.hr\/index.php?rest_route=%2Fwp%2Fv2%2Fcomments&post=28559"}],"version-history":[{"count":5,"href":"https:\/\/historiografija.hr\/index.php?rest_route=\/wp\/v2\/posts\/28559\/revisions"}],"predecessor-version":[{"id":28565,"href":"https:\/\/historiografija.hr\/index.php?rest_route=\/wp\/v2\/posts\/28559\/revisions\/28565"}],"wp:featuredmedia":[{"embeddable":true,"href":"https:\/\/historiografija.hr\/index.php?rest_route=\/wp\/v2\/media\/28560"}],"wp:attachment":[{"href":"https:\/\/historiografija.hr\/index.php?rest_route=%2Fwp%2Fv2%2Fmedia&parent=28559"}],"wp:term":[{"taxonomy":"category","embeddable":true,"href":"https:\/\/historiografija.hr\/index.php?rest_route=%2Fwp%2Fv2%2Fcategories&post=28559"},{"taxonomy":"post_tag","embeddable":true,"href":"https:\/\/historiografija.hr\/index.php?rest_route=%2Fwp%2Fv2%2Ftags&post=28559"}],"curies":[{"name":"wp","href":"https:\/\/api.w.org\/{rel}","templated":true}]}}