{"id":28547,"date":"2021-12-01T16:23:37","date_gmt":"2021-12-01T16:23:37","guid":{"rendered":"http:\/\/historiografija.hr\/?p=28547"},"modified":"2021-12-01T16:23:37","modified_gmt":"2021-12-01T16:23:37","slug":"ljerka-simunkovic-miroslav-rozman-pisma-andrije-borellija-braci-garagnin-od-1797-do-1814-godine","status":"publish","type":"post","link":"https:\/\/historiografija.hr\/?p=28547","title":{"rendered":"Ljerka \u0160imunkovi\u0107, Miroslav Ro\u017eman, &#8220;Pisma Andrije Borellija bra\u0107i Garagnin od 1797. do 1814. godine&#8221;"},"content":{"rendered":"\n<p>Dr\u017eavni arhiv u Zadru kao izvr\u0161ni nakladnik te Dr\u017eavni arhiv u Splitu i Hrvatsko-talijanska kulturna udruga Dante Alighieri Split kao sunakladnici donose pred vas jo\u0161 jedno vrijedno izdanje. Naime, nedavno je iz tiska iza\u0161la knjiga prof. emerite dr. sc. Ljerke \u0160imunkovi\u0107 i Miroslava Ro\u017emana &#8220;Pisma Andrije Borellija bra\u0107i Garagnin od 1797. do 1814. godine.&#8221;<\/p>\n\n\n\n<p>Andrija Borelli Vranski (1758. &#8211; 1816.), zadarski plemi\u0107 i veleposjednik pripadao je krugu ljudi koji su se isticali kao stru\u010dnjaci za poljoprivredu, pisali o gospodarskim pitanjima i temama iz knji\u017eevnosti. Po\u010detkom francuske uprave u Dalmaciji aktivno se uklju\u010dio u politi\u010dki i javni \u017eivot. Godine 1806. izabran je za predsjednika Dr\u017eavnog vije\u0107a, a kasnije postaje i zadarski gradona\u010delnik. Bra\u0107a Garagnin su tako\u0111er bili imenovani na visoke du\u017enosti-Dominik Garagnin je bio civilni upravitelj podru\u010dja ukinute Dubrova\u010dke Republike i Boke kotorske, dok je Ivan Luka bio glavni inspektor za \u0161ume i rude Pokrajine Dalmacije.<\/p>\n\n\n\n<p>Autori su transkribirali i donijeli sa\u017eetke 90 pisama koji se \u010duvaju u obiteljskom fondu Fanfogna-Garagnin (HR-DAST-156) u Dr\u017eavnom arhivu u Splitu. Iz njih se, osim privatnih, mogu i\u0161\u010ditati i mnogi do sada nepoznati podaci o vremenu francuske uprave u Dalmaciji koji bacaju novo svjetlo na vrlo slo\u017eene dru\u0161tvene i politi\u010dke odnose u pokrajini u turbulentih prvih dvadeset godina 19. stolje\u0107a.<\/p>\n\n\n\n<p>Prava poslastica za sve zaljubljenike u povijest Dalmacije. U\u017eivajte!<\/p>\n\n\n\n<hr class=\"wp-block-separator\"\/>\n\n\n\n<p>Izvori:<\/p>\n\n\n\n<p><a href=\"https:\/\/www.facebook.com\/Dr%C5%BEavni-arhiv-u-Zadru-736953153042553\/\">https:\/\/www.facebook.com\/Dr%C5%BEavni-arhiv-u-Zadru-736953153042553\/<\/a><\/p>\n\n\n\n<p><a href=\"https:\/\/www.dazd.hr\/hr\/izdavastvo-knjige\">https:\/\/www.dazd.hr\/hr\/izdavastvo-knjige<\/a><\/p>\n\n\n\n<hr class=\"wp-block-separator\"\/>\n","protected":false},"excerpt":{"rendered":"","protected":false},"author":2,"featured_media":28548,"comment_status":"open","ping_status":"open","sticky":false,"template":"","format":"standard","meta":{"_acf_changed":false,"jetpack_post_was_ever_published":false,"_jetpack_newsletter_access":"","_jetpack_dont_email_post_to_subs":false,"_jetpack_newsletter_tier_id":0,"_jetpack_memberships_contains_paywalled_content":false,"_jetpack_memberships_contains_paid_content":false,"footnotes":"","jetpack_publicize_message":"","jetpack_publicize_feature_enabled":true,"jetpack_social_post_already_shared":true,"jetpack_social_options":{"image_generator_settings":{"template":"highway","default_image_id":0,"font":"","enabled":false},"version":2}},"categories":[8,3],"tags":[],"class_list":["post-28547","post","type-post","status-publish","format-standard","has-post-thumbnail","hentry","category-knjige","category-novosti"],"acf":{"facebook_opis":""},"jetpack_publicize_connections":[],"jetpack_featured_media_url":"https:\/\/i0.wp.com\/historiografija.hr\/wp-content\/uploads\/2021\/12\/Pisma-scaled.jpg?fit=1829%2C2560&ssl=1","jetpack_sharing_enabled":true,"jetpack-related-posts":[],"_links":{"self":[{"href":"https:\/\/historiografija.hr\/index.php?rest_route=\/wp\/v2\/posts\/28547","targetHints":{"allow":["GET"]}}],"collection":[{"href":"https:\/\/historiografija.hr\/index.php?rest_route=\/wp\/v2\/posts"}],"about":[{"href":"https:\/\/historiografija.hr\/index.php?rest_route=\/wp\/v2\/types\/post"}],"author":[{"embeddable":true,"href":"https:\/\/historiografija.hr\/index.php?rest_route=\/wp\/v2\/users\/2"}],"replies":[{"embeddable":true,"href":"https:\/\/historiografija.hr\/index.php?rest_route=%2Fwp%2Fv2%2Fcomments&post=28547"}],"version-history":[{"count":1,"href":"https:\/\/historiografija.hr\/index.php?rest_route=\/wp\/v2\/posts\/28547\/revisions"}],"predecessor-version":[{"id":28549,"href":"https:\/\/historiografija.hr\/index.php?rest_route=\/wp\/v2\/posts\/28547\/revisions\/28549"}],"wp:featuredmedia":[{"embeddable":true,"href":"https:\/\/historiografija.hr\/index.php?rest_route=\/wp\/v2\/media\/28548"}],"wp:attachment":[{"href":"https:\/\/historiografija.hr\/index.php?rest_route=%2Fwp%2Fv2%2Fmedia&parent=28547"}],"wp:term":[{"taxonomy":"category","embeddable":true,"href":"https:\/\/historiografija.hr\/index.php?rest_route=%2Fwp%2Fv2%2Fcategories&post=28547"},{"taxonomy":"post_tag","embeddable":true,"href":"https:\/\/historiografija.hr\/index.php?rest_route=%2Fwp%2Fv2%2Ftags&post=28547"}],"curies":[{"name":"wp","href":"https:\/\/api.w.org\/{rel}","templated":true}]}}