{"id":28544,"date":"2021-12-01T16:02:45","date_gmt":"2021-12-01T16:02:45","guid":{"rendered":"http:\/\/historiografija.hr\/?p=28544"},"modified":"2021-12-01T16:02:45","modified_gmt":"2021-12-01T16:02:45","slug":"izlozba-fotografija-istrorumunji-istroromanii-1-5-12-2021","status":"publish","type":"post","link":"https:\/\/historiografija.hr\/?p=28544","title":{"rendered":"Izlo\u017eba fotografija \u201cIstrorumunji \/ Istrorom\u00e2nii\u201d [1. \u2013 5. 12. 2021.]"},"content":{"rendered":"\n<p>Povodom obilje\u017eavanja Dana dr\u017eavnosti Rumunjske, 1. prosinca, Veleposlanstvo Rumunjske u Zagrebu, Udruga Rumunja u Republici Hrvatskoj i Rumunjski kulturni institut prire\u0111uju izlo\u017ebu fotografija \u201cIstrorumunji\u201d u Galeriji Klovi\u0107evi dvori.<\/p>\n\n\n\n<p>Izlo\u017eba, na kojoj se mogu pogledati radovi umjetni\u010dkih fotografa Constantina Demeterea, Gheorghea Petrile i Ovidiua Gabora, \u017eeli odati po\u010dast istrorumunjskoj jezi\u010dnoj zajednici, koja danas broji tek nekoliko stotina ljudi, ali koja je uspjela o\u010duvati svoj jezik i nakon vi\u0161e od tisu\u0107lje\u0107a otkako su se njihovi davni preci doselili na Istarski poluotok.<\/p>\n\n\n\n<p>Rumunjska i Hrvatska blisku sura\u0111uju na o\u010duvanju tog zajedni\u010dkog kulturnog dobra, dijelu europske kulturne ba\u0161tine.<\/p>\n\n\n\n<hr class=\"wp-block-separator\"\/>\n\n\n\n<p>Izvor:<\/p>\n\n\n\n<figure class=\"wp-block-embed-wordpress wp-block-embed is-type-wp-embed is-provider-galerija-klovicevi-dvori\"><div class=\"wp-block-embed__wrapper\">\n<blockquote class=\"wp-embedded-content\" data-secret=\"BMaBJd0YkH\"><a href=\"https:\/\/gkd.hr\/2021\/12\/01\/izlozba-fotografija-istrorumunji-istroromanii-1-5-12-2021\/\">IZLO\u017dBA FOTOGRAFIJA Istrorumunji \/ Istrorom\u00e2nii [1. &#8211; 5. 12. 2021.]<\/a><\/blockquote><iframe loading=\"lazy\" class=\"wp-embedded-content\" sandbox=\"allow-scripts\" security=\"restricted\" style=\"position: absolute; clip: rect(1px, 1px, 1px, 1px);\" title=\"&#8220;IZLO\u017dBA FOTOGRAFIJA Istrorumunji \/ Istrorom\u00e2nii [1. &#8211; 5. 12. 2021.]&#8221; &#8212; Galerija Klovi\u0107evi dvori\" src=\"https:\/\/gkd.hr\/2021\/12\/01\/izlozba-fotografija-istrorumunji-istroromanii-1-5-12-2021\/embed\/#?secret=BMaBJd0YkH\" data-secret=\"BMaBJd0YkH\" width=\"600\" height=\"338\" frameborder=\"0\" marginwidth=\"0\" marginheight=\"0\" scrolling=\"no\"><\/iframe>\n<\/div><\/figure>\n\n\n\n<hr class=\"wp-block-separator\"\/>\n","protected":false},"excerpt":{"rendered":"","protected":false},"author":2,"featured_media":28545,"comment_status":"open","ping_status":"open","sticky":false,"template":"","format":"standard","meta":{"_acf_changed":false,"jetpack_post_was_ever_published":false,"_jetpack_newsletter_access":"","_jetpack_dont_email_post_to_subs":false,"_jetpack_newsletter_tier_id":0,"_jetpack_memberships_contains_paywalled_content":false,"_jetpack_memberships_contains_paid_content":false,"footnotes":"","jetpack_publicize_message":"","jetpack_publicize_feature_enabled":true,"jetpack_social_post_already_shared":true,"jetpack_social_options":{"image_generator_settings":{"template":"highway","default_image_id":0,"font":"","enabled":false},"version":2}},"categories":[10,3],"tags":[],"class_list":["post-28544","post","type-post","status-publish","format-standard","has-post-thumbnail","hentry","category-izlozbe","category-novosti"],"acf":{"facebook_opis":""},"jetpack_publicize_connections":[],"jetpack_featured_media_url":"https:\/\/i0.wp.com\/historiografija.hr\/wp-content\/uploads\/2021\/12\/Izlozba-GKD.png?fit=724%2C1084&ssl=1","jetpack_sharing_enabled":true,"jetpack-related-posts":[],"_links":{"self":[{"href":"https:\/\/historiografija.hr\/index.php?rest_route=\/wp\/v2\/posts\/28544","targetHints":{"allow":["GET"]}}],"collection":[{"href":"https:\/\/historiografija.hr\/index.php?rest_route=\/wp\/v2\/posts"}],"about":[{"href":"https:\/\/historiografija.hr\/index.php?rest_route=\/wp\/v2\/types\/post"}],"author":[{"embeddable":true,"href":"https:\/\/historiografija.hr\/index.php?rest_route=\/wp\/v2\/users\/2"}],"replies":[{"embeddable":true,"href":"https:\/\/historiografija.hr\/index.php?rest_route=%2Fwp%2Fv2%2Fcomments&post=28544"}],"version-history":[{"count":1,"href":"https:\/\/historiografija.hr\/index.php?rest_route=\/wp\/v2\/posts\/28544\/revisions"}],"predecessor-version":[{"id":28546,"href":"https:\/\/historiografija.hr\/index.php?rest_route=\/wp\/v2\/posts\/28544\/revisions\/28546"}],"wp:featuredmedia":[{"embeddable":true,"href":"https:\/\/historiografija.hr\/index.php?rest_route=\/wp\/v2\/media\/28545"}],"wp:attachment":[{"href":"https:\/\/historiografija.hr\/index.php?rest_route=%2Fwp%2Fv2%2Fmedia&parent=28544"}],"wp:term":[{"taxonomy":"category","embeddable":true,"href":"https:\/\/historiografija.hr\/index.php?rest_route=%2Fwp%2Fv2%2Fcategories&post=28544"},{"taxonomy":"post_tag","embeddable":true,"href":"https:\/\/historiografija.hr\/index.php?rest_route=%2Fwp%2Fv2%2Ftags&post=28544"}],"curies":[{"name":"wp","href":"https:\/\/api.w.org\/{rel}","templated":true}]}}