{"id":28489,"date":"2021-11-29T12:58:13","date_gmt":"2021-11-29T12:58:13","guid":{"rendered":"http:\/\/historiografija.hr\/?p=28489"},"modified":"2022-07-15T14:20:51","modified_gmt":"2022-07-15T14:20:51","slug":"knjizevna-revija-osijek-tematski-prilozi-o-hrvatskom-proljecu","status":"publish","type":"post","link":"https:\/\/historiografija.hr\/?p=28489","title":{"rendered":"\u201cKnji\u017eevna revija\u201d (Osijek): tematski prilozi o hrvatskom prolje\u0107u"},"content":{"rendered":"\n<p>U \u201cKnji\u017eevnoj reviji: \u010dasopisu za knji\u017eevnost i kulturu\u201d (Ogranak Matice hrvatske Osijek, god. 61, br. 2-3, 2021) objavljeni su tematski prilozi Miroslava Akmad\u017ee, Domagoja Tomasa i Marijane Bo\u0161njak, Zlatka Kramari\u0107a te Branimira Jankovi\u0107a o hrvatskom prolje\u0107u povodom 50. obljetnice.<\/p>\n\n\n\n<hr class=\"wp-block-separator\"\/>\n\n\n\n<p><strong>Miroslav Akmad\u017ea<\/strong><\/p>\n\n\n\n<p>Uloga Katoli\u010dke crkve u hrvatskom prolje\u0107u i osamostaljenju Hrvatske (str. 7-18)<\/p>\n\n\n\n<hr class=\"wp-block-separator\"\/>\n\n\n\n<p><strong>Domagoj Tomas, Marijana Bo\u0161njak<\/strong><\/p>\n\n\n\n<p>Hrvatsko prolje\u0107e u Osijeku \u2013 pedeset godina kasnije (str. 19-41)<\/p>\n\n\n\n<hr class=\"wp-block-separator\"\/>\n\n\n\n<p><strong>Zlatko Kramari\u0107<\/strong><\/p>\n\n\n\n<p>Na\u0161e reminiscencije na \u02bc71., ili o vremenima kada je i meni bilo jasno gotovo sve (str. 43-53)<\/p>\n\n\n\n<hr class=\"wp-block-separator\"\/>\n\n\n\n<p><strong>Branimir Jankovi\u0107<\/strong><\/p>\n\n\n\n<p>Ima li nacionalizma u masovnom nacionalnom pokretu? Branko Horvat i kritike hrvatskih prolje\u0107ara (str. 55-62)<\/p>\n\n\n\n<hr class=\"wp-block-separator\"\/>\n\n\n\n<p>Dodatne informacije:<\/p>\n\n\n\n<p><a href=\"http:\/\/www.maticahrvatskaosijek.hr\/poziv-suradnju-2\/\">http:\/\/www.maticahrvatskaosijek.hr\/poziv-suradnju-2\/<\/a><\/p>\n\n\n\n<hr class=\"wp-block-separator\"\/>\n\n\n\n<p>DANI MATICE HRVATSKE U OSIJEKU 2021.<\/p>\n\n\n\n<p>Srijeda, 1. 12. 2021. u 18:00<\/p>\n\n\n\n<p>Klub knji\u017eare Nova, Trg A. Star\u010devi\u0107a 4, Osijek<\/p>\n\n\n\n<hr class=\"wp-block-separator\"\/>\n\n\n\n<p>KALANTO SONETI<\/p>\n\n\n\n<p>\/predstavljanje knjige An\u0111elka Mrkonji\u0107a\/<\/p>\n\n\n\n<hr class=\"wp-block-separator\"\/>\n\n\n\n<p>KNJI\u017dEVNA REVIJA, \u010dasopis za knji\u017eevnost i kulturu Ogranka Matice hrvatske Osijek<\/p>\n\n\n\n<p>\/\/predstavljanje 60. i dijela 61. godi\u0161ta\/\/<\/p>\n\n\n\n<hr class=\"wp-block-separator\"\/>\n\n\n\n<p>ANONIMNI NATJE\u010cAJ ZA PROZNI RUKOPIS<\/p>\n\n\n\n<p>\/\/\/otvaranje natje\u010daja za neobjavljeni cjeloviti prozni rukopis\/\/\/<\/p>\n\n\n\n<hr class=\"wp-block-separator\"\/>\n\n\n\n<p>Govore:<\/p>\n\n\n\n<p>An\u0111elko Mrkonji\u0107, autor<\/p>\n\n\n\n<p>Ivana Buljuba\u0161i\u0107, promotorica<\/p>\n\n\n\n<p>Tatjana Ile\u0161, glavna urednica Knji\u017eevne revije<\/p>\n\n\n\n<p>Ivan Trojan, predsjednik Ogranka Matice hrvatske Osijek<\/p>\n\n\n\n<hr class=\"wp-block-separator\"\/>\n\n\n\n<p>Izvor:<\/p>\n\n\n\n<p><a href=\"https:\/\/www.facebook.com\/MaticahrvatskaOsijek\/\">https:\/\/www.facebook.com\/MaticahrvatskaOsijek\/<\/a><\/p>\n\n\n\n<hr class=\"wp-block-separator\"\/>\n","protected":false},"excerpt":{"rendered":"","protected":false},"author":2,"featured_media":28490,"comment_status":"open","ping_status":"open","sticky":false,"template":"","format":"standard","meta":{"_acf_changed":false,"jetpack_post_was_ever_published":false,"_jetpack_newsletter_access":"","_jetpack_dont_email_post_to_subs":false,"_jetpack_newsletter_tier_id":0,"_jetpack_memberships_contains_paywalled_content":false,"_jetpack_memberships_contains_paid_content":false,"footnotes":"","jetpack_publicize_message":"","jetpack_publicize_feature_enabled":true,"jetpack_social_post_already_shared":true,"jetpack_social_options":{"image_generator_settings":{"template":"highway","default_image_id":0,"font":"","enabled":false},"version":2}},"categories":[21,3],"tags":[],"class_list":["post-28489","post","type-post","status-publish","format-standard","has-post-thumbnail","hentry","category-casopisi","category-novosti"],"acf":{"facebook_opis":""},"jetpack_publicize_connections":[],"jetpack_featured_media_url":"https:\/\/i0.wp.com\/historiografija.hr\/wp-content\/uploads\/2021\/11\/MH-Osijek.jpg?fit=1316%2C1860&ssl=1","jetpack_sharing_enabled":true,"jetpack-related-posts":[],"_links":{"self":[{"href":"https:\/\/historiografija.hr\/index.php?rest_route=\/wp\/v2\/posts\/28489","targetHints":{"allow":["GET"]}}],"collection":[{"href":"https:\/\/historiografija.hr\/index.php?rest_route=\/wp\/v2\/posts"}],"about":[{"href":"https:\/\/historiografija.hr\/index.php?rest_route=\/wp\/v2\/types\/post"}],"author":[{"embeddable":true,"href":"https:\/\/historiografija.hr\/index.php?rest_route=\/wp\/v2\/users\/2"}],"replies":[{"embeddable":true,"href":"https:\/\/historiografija.hr\/index.php?rest_route=%2Fwp%2Fv2%2Fcomments&post=28489"}],"version-history":[{"count":3,"href":"https:\/\/historiografija.hr\/index.php?rest_route=\/wp\/v2\/posts\/28489\/revisions"}],"predecessor-version":[{"id":28506,"href":"https:\/\/historiografija.hr\/index.php?rest_route=\/wp\/v2\/posts\/28489\/revisions\/28506"}],"wp:featuredmedia":[{"embeddable":true,"href":"https:\/\/historiografija.hr\/index.php?rest_route=\/wp\/v2\/media\/28490"}],"wp:attachment":[{"href":"https:\/\/historiografija.hr\/index.php?rest_route=%2Fwp%2Fv2%2Fmedia&parent=28489"}],"wp:term":[{"taxonomy":"category","embeddable":true,"href":"https:\/\/historiografija.hr\/index.php?rest_route=%2Fwp%2Fv2%2Fcategories&post=28489"},{"taxonomy":"post_tag","embeddable":true,"href":"https:\/\/historiografija.hr\/index.php?rest_route=%2Fwp%2Fv2%2Ftags&post=28489"}],"curies":[{"name":"wp","href":"https:\/\/api.w.org\/{rel}","templated":true}]}}