{"id":28487,"date":"2021-11-29T12:52:21","date_gmt":"2021-11-29T12:52:21","guid":{"rendered":"http:\/\/historiografija.hr\/?p=28487"},"modified":"2021-12-06T21:49:48","modified_gmt":"2021-12-06T21:49:48","slug":"znanstveni-kolokvij-pola-stoljeca-od-hrvatskog-proljeca","status":"publish","type":"post","link":"https:\/\/historiografija.hr\/?p=28487","title":{"rendered":"Znanstveni kolokvij: \u201cPola stolje\u0107a od Hrvatskog prolje\u0107a\u201d"},"content":{"rendered":"\n<p>U \u010detvrtak, 2. prosinca 2021. u 10.30 sati u dvorani \u201cBla\u017eeni Alojzije kard. Stepinac\u201d odr\u017eat \u0107e se znanstveni kolokvij <em>Pola stolje\u0107a od Hrvatskog prolje\u0107a<\/em>. Kolokvij u organizaciji Odjela za povijest Hrvatskog katoli\u010dkog sveu\u010dili\u0161ta i Hrvatskog instituta za povijest ima namjeru osvijetliti neke od kulturnih, vjerskih, politi\u010dkih i gospodarskih aspekata jedne od prijelomnih godina hrvatske povijesti, koja je obilje\u017eila drugu polovicu pro\u0161loga stolje\u0107a.<br>Hrvatsko prolje\u0107e sna\u017eno je obilje\u017eilo suvremenu hrvatsku povijest. U svojoj je osnovi bilo protkano \u010ditavim spektrom politi\u010dkih programa, \u010desto puta me\u0111usobno razli\u010ditih, a katkad i me\u0111usobno suprotstavljenih. Usprkos tomu ono \u0161to je spajalo prolje\u0107are bila je \u017eelja za ja\u010danjem hrvatske pozicije u okviru jugoslavenske zajednice na svim podru\u010djima \u017eivota. Obilje\u017eeno dvama glavnim zahtjevima: demokratizacijom \u017eivota i sna\u017eenjem nacionalne komponente dr\u017eavnosti pedeset godina poslije Hrvatsko prolje\u0107e i dalje pru\u017ea \u010ditav niz istra\u017eiva\u010dkih izazova.&nbsp;<\/p>\n\n\n\n<hr class=\"wp-block-separator\"\/>\n\n\n\n<p>Kolokvij mo\u017eete pratiti preko YouTube kanala Hrvatskog katoli\u010dkog sveu\u010dili\u0161ta.<\/p>\n\n\n\n<hr class=\"wp-block-separator\"\/>\n\n\n\n<p><strong>PROGRAM:<\/strong><\/p>\n\n\n\n<figure class=\"wp-block-image size-large\"><img data-recalc-dims=\"1\" loading=\"lazy\" decoding=\"async\" width=\"718\" height=\"1024\" data-attachment-id=\"28532\" data-permalink=\"https:\/\/historiografija.hr\/?attachment_id=28532\" data-orig-file=\"https:\/\/i0.wp.com\/historiografija.hr\/wp-content\/uploads\/2021\/11\/HRVATSKO-PROLJECE-plakat-program-skupa.jpg?fit=852%2C1215&amp;ssl=1\" data-orig-size=\"852,1215\" data-comments-opened=\"1\" data-image-meta=\"{&quot;aperture&quot;:&quot;0&quot;,&quot;credit&quot;:&quot;&quot;,&quot;camera&quot;:&quot;&quot;,&quot;caption&quot;:&quot;&quot;,&quot;created_timestamp&quot;:&quot;0&quot;,&quot;copyright&quot;:&quot;&quot;,&quot;focal_length&quot;:&quot;0&quot;,&quot;iso&quot;:&quot;0&quot;,&quot;shutter_speed&quot;:&quot;0&quot;,&quot;title&quot;:&quot;&quot;,&quot;orientation&quot;:&quot;1&quot;}\" data-image-title=\"HRVATSKO PROLJECE- plakat-program-skupa\" data-image-description=\"\" data-image-caption=\"\" data-large-file=\"https:\/\/i0.wp.com\/historiografija.hr\/wp-content\/uploads\/2021\/11\/HRVATSKO-PROLJECE-plakat-program-skupa.jpg?fit=718%2C1024&amp;ssl=1\" src=\"https:\/\/i0.wp.com\/historiografija.hr\/wp-content\/uploads\/2021\/11\/HRVATSKO-PROLJECE-plakat-program-skupa.jpg?resize=718%2C1024&#038;ssl=1\" alt=\"\" class=\"wp-image-28532\" srcset=\"https:\/\/i0.wp.com\/historiografija.hr\/wp-content\/uploads\/2021\/11\/HRVATSKO-PROLJECE-plakat-program-skupa.jpg?resize=718%2C1024&amp;ssl=1 718w, https:\/\/i0.wp.com\/historiografija.hr\/wp-content\/uploads\/2021\/11\/HRVATSKO-PROLJECE-plakat-program-skupa.jpg?resize=210%2C300&amp;ssl=1 210w, https:\/\/i0.wp.com\/historiografija.hr\/wp-content\/uploads\/2021\/11\/HRVATSKO-PROLJECE-plakat-program-skupa.jpg?resize=768%2C1095&amp;ssl=1 768w, https:\/\/i0.wp.com\/historiografija.hr\/wp-content\/uploads\/2021\/11\/HRVATSKO-PROLJECE-plakat-program-skupa.jpg?w=852&amp;ssl=1 852w\" sizes=\"auto, (max-width: 718px) 100vw, 718px\" \/><\/figure>\n\n\n\n<p>Izvor:<\/p>\n\n\n\n<figure class=\"wp-block-embed-wordpress wp-block-embed is-type-wp-embed is-provider-hrvatsko-katolicko-sveuciliste\"><div class=\"wp-block-embed__wrapper\">\n<blockquote class=\"wp-embedded-content\" data-secret=\"G37xiROGjH\"><a href=\"https:\/\/www.unicath.hr\/hks-najave\/znanstveni-kolokvij-pola-stoljeca-od-hrvatskog-proljeca\">Znanstveni kolokvij: &#8220;Pola stolje\u0107a od Hrvatskog prolje\u0107a&#8221;<\/a><\/blockquote><iframe loading=\"lazy\" class=\"wp-embedded-content\" sandbox=\"allow-scripts\" security=\"restricted\" style=\"position: absolute; clip: rect(1px, 1px, 1px, 1px);\" title=\"&#8220;Znanstveni kolokvij: &#8220;Pola stolje\u0107a od Hrvatskog prolje\u0107a&#8221;&#8221; &#8212; Hrvatsko katoli\u010dko sveu\u010dili\u0161te\" src=\"https:\/\/www.unicath.hr\/hks-najave\/znanstveni-kolokvij-pola-stoljeca-od-hrvatskog-proljeca\/embed#?secret=G37xiROGjH\" data-secret=\"G37xiROGjH\" width=\"600\" height=\"338\" frameborder=\"0\" marginwidth=\"0\" marginheight=\"0\" scrolling=\"no\"><\/iframe>\n<\/div><\/figure>\n\n\n\n<hr class=\"wp-block-separator\"\/>\n\n\n\n<p>Dodatne informacije:<\/p>\n\n\n\n<figure class=\"wp-block-embed-wordpress wp-block-embed is-type-wp-embed is-provider-hrvatsko-katolicko-sveuciliste\"><div class=\"wp-block-embed__wrapper\">\n<blockquote class=\"wp-embedded-content\" data-secret=\"JNtG956j20\"><a href=\"https:\/\/www.unicath.hr\/znanstveni-kolokvij-pola-stoljeca-od-hrvatskog-proljeca\">Znanstveni kolokvij: &#8220;Pola stolje\u0107a od Hrvatskog prolje\u0107a&#8221;<\/a><\/blockquote><iframe loading=\"lazy\" class=\"wp-embedded-content\" sandbox=\"allow-scripts\" security=\"restricted\" style=\"position: absolute; clip: rect(1px, 1px, 1px, 1px);\" title=\"&#8220;Znanstveni kolokvij: &#8220;Pola stolje\u0107a od Hrvatskog prolje\u0107a&#8221;&#8221; &#8212; Hrvatsko katoli\u010dko sveu\u010dili\u0161te\" src=\"https:\/\/www.unicath.hr\/znanstveni-kolokvij-pola-stoljeca-od-hrvatskog-proljeca\/embed#?secret=JNtG956j20\" data-secret=\"JNtG956j20\" width=\"600\" height=\"338\" frameborder=\"0\" marginwidth=\"0\" marginheight=\"0\" scrolling=\"no\"><\/iframe>\n<\/div><\/figure>\n\n\n\n<hr class=\"wp-block-separator\"\/>\n","protected":false},"excerpt":{"rendered":"","protected":false},"author":2,"featured_media":28534,"comment_status":"open","ping_status":"open","sticky":false,"template":"","format":"standard","meta":{"_acf_changed":false,"jetpack_post_was_ever_published":false,"_jetpack_newsletter_access":"","_jetpack_dont_email_post_to_subs":false,"_jetpack_newsletter_tier_id":0,"_jetpack_memberships_contains_paywalled_content":false,"_jetpack_memberships_contains_paid_content":false,"footnotes":"","jetpack_publicize_message":"","jetpack_publicize_feature_enabled":true,"jetpack_social_post_already_shared":true,"jetpack_social_options":{"image_generator_settings":{"template":"highway","default_image_id":0,"font":"","enabled":false},"version":2}},"categories":[3,9],"tags":[],"class_list":["post-28487","post","type-post","status-publish","format-standard","has-post-thumbnail","hentry","category-novosti","category-skupovi"],"acf":{"facebook_opis":""},"jetpack_publicize_connections":[],"jetpack_featured_media_url":"https:\/\/i0.wp.com\/historiografija.hr\/wp-content\/uploads\/2021\/11\/HRVATSKO-PROLJECE-plakat.jpg?fit=852%2C469&ssl=1","jetpack_sharing_enabled":true,"jetpack-related-posts":[],"_links":{"self":[{"href":"https:\/\/historiografija.hr\/index.php?rest_route=\/wp\/v2\/posts\/28487","targetHints":{"allow":["GET"]}}],"collection":[{"href":"https:\/\/historiografija.hr\/index.php?rest_route=\/wp\/v2\/posts"}],"about":[{"href":"https:\/\/historiografija.hr\/index.php?rest_route=\/wp\/v2\/types\/post"}],"author":[{"embeddable":true,"href":"https:\/\/historiografija.hr\/index.php?rest_route=\/wp\/v2\/users\/2"}],"replies":[{"embeddable":true,"href":"https:\/\/historiografija.hr\/index.php?rest_route=%2Fwp%2Fv2%2Fcomments&post=28487"}],"version-history":[{"count":4,"href":"https:\/\/historiografija.hr\/index.php?rest_route=\/wp\/v2\/posts\/28487\/revisions"}],"predecessor-version":[{"id":28609,"href":"https:\/\/historiografija.hr\/index.php?rest_route=\/wp\/v2\/posts\/28487\/revisions\/28609"}],"wp:featuredmedia":[{"embeddable":true,"href":"https:\/\/historiografija.hr\/index.php?rest_route=\/wp\/v2\/media\/28534"}],"wp:attachment":[{"href":"https:\/\/historiografija.hr\/index.php?rest_route=%2Fwp%2Fv2%2Fmedia&parent=28487"}],"wp:term":[{"taxonomy":"category","embeddable":true,"href":"https:\/\/historiografija.hr\/index.php?rest_route=%2Fwp%2Fv2%2Fcategories&post=28487"},{"taxonomy":"post_tag","embeddable":true,"href":"https:\/\/historiografija.hr\/index.php?rest_route=%2Fwp%2Fv2%2Ftags&post=28487"}],"curies":[{"name":"wp","href":"https:\/\/api.w.org\/{rel}","templated":true}]}}