{"id":28484,"date":"2021-11-29T12:48:32","date_gmt":"2021-11-29T12:48:32","guid":{"rendered":"http:\/\/historiografija.hr\/?p=28484"},"modified":"2021-12-06T21:51:16","modified_gmt":"2021-12-06T21:51:16","slug":"svecano-obiljezena-50-obljetnica-proglasenja-studentskoga-strajka-na-hrvatskom-sveucilistu","status":"publish","type":"post","link":"https:\/\/historiografija.hr\/?p=28484","title":{"rendered":"Sve\u010dano obilje\u017eena 50. obljetnica progla\u0161enja studentskoga \u0161trajka na Hrvatskom sveu\u010dili\u0161tu"},"content":{"rendered":"\n<p>Znanstveno-kulturna manifestacija <em>Hrvatsko prolje\u0107e i hrvatska dr\u017eava<\/em>, koja je odr\u017eana 22. i 23. studenoga 2021. u Studentskom centru u Zagrebu po\u010dela je s radom sve\u010danim obilje\u017eavanjem 50. obljetnice progla\u0161enja studentskog \u0161trajka na Hrvatskom sveu\u010dili\u0161tu.<\/p>\n\n\n\n<p>Cilj je manifestacije evocirati i interdisciplinarnim pristupom rasvijetliti povijesna zbivanja i posebice ulogu hrvatskih sveu\u010dili\u0161taraca o 50. obljetnici progla\u0161enja studentskoga \u0161trajka, rasvijetliti poveznicu Hrvatskoga prolje\u0107a i procesa uspostavljanja hrvatske dr\u017eave i oduprijeti se poku\u0161ajima tendencioznih tuma\u010denja najnovije dionice hrvatske povijesti.<\/p>\n\n\n\n<p>Manifestacija se sastoji od znanstvenoga skupa i popratnoga kulturnoga programa. Odr\u017eava se u organizaciji Fakulteta hrvatskih studija Sveu\u010dili\u0161ta u Zagrebu i Studentskoga centra Sveu\u010dili\u0161ta u Zagrebu te pod pokroviteljstvom Predsjednika Republike Zorana Milanovi\u0107a i Sveu\u010dili\u0161ta u Zagrebu. Uz doma\u0107e i inozemne poznavatelje i istra\u017eiva\u010de sudjeluju i \u017eivu\u0107i akteri i suvremenici Hrvatskoga prolje\u0107a.<\/p>\n\n\n\n<p>Na skupu je pro\u010ditana poruka pokrovitelja manifestacije Predsjednika Republike Hrvatske. <strong>Predsjednik Milanovi\u0107<\/strong> u njoj isti\u010de: \u201e<em>Hrvatsko prolje\u0107e<\/em>, do\u017eivjev\u0161i vrhunac studentskim \u0161trajkom u zimskim danima 1971., bilo je u onda\u0161njim dr\u017eavno-politi\u010dkim prilikama pokret hrvatske narodne emancipacije. Iako ugu\u0161eno represijom, ostalo je trajnom ba\u0161tinom hrvatske borbe za slobodu, a njegovi protagonisti simboli i nositelji autenti\u010dnih nacionalnih te\u017enji, koje smo prije trideset godina ostvarili progla\u0161enjem i obranom na\u0161e dr\u017eavne samostalnosti. Uvjeren sam da \u0107e znanstveno-kulturna manifestacija <em>Hrvatsko prolje\u0107e i hrvatska dr\u017eava<\/em> biti prigoda da se, u autenti\u010dnom prostoru doga\u0111aja iz onoga vremena, i uz sudjelovanje tada\u0161njih protagonista, obilje\u017ei i vrednuje va\u017enost toga jedinstvenoga razdoblja na\u0161e novije povijesti.&#8221;<\/p>\n\n\n\n<p>U pozdravu okupljenima rektor Sveu\u010dili\u0161ta u Zagrebu <strong>Damir Boras<\/strong> podsjetio je kako je prije to\u010dno pola stolje\u0107a, u ponedjeljak 22. studenoga 1971. u istoj dvorani kina Studentskoga centra zapo\u010deo studentski \u0161trajk hrvatskih sveu\u010dili\u0161taraca. Istaknuo je: \u201eHrvatski su sveu\u010dili\u0161tarci bili hrabriji i odlu\u010dniji u tra\u017eenju dru\u0161tvenih reformi od tada\u0161njih etabliranih politi\u010dara, a neke od njima va\u017enih tema bile su nacionalna ravnopravnost i ve\u0107a hrvatska autonomija unutar tada\u0161nje centralizirane dr\u017eave&#8221;. Rektor je odao priznanje brojnim studentima Hrvatskoga sveu\u010dili\u0161ta koji su nakon \u0161trajka bili policijski proganjani, tla\u010deni i difamirani, a osobito onima koji na bili osu\u0111eni u montiranim sudskim procesima. Prisjetio se nastavnika i djelatnika Sveu\u010dili\u0161ta koji dali svoj doprinos Hrvatskomu prolje\u0107u i zbog toga bili osu\u0111ivani i progonjeni. Zavr\u0161io je navode\u0107i rije\u010di koje je u istoj dvorani prije 50 godina izgovorio student Goran Dodig: \u201eGeneracija smo koja nije optere\u0107ena povije\u0161\u0107u. Nikomu ne \u0107emo dopustiti da nas etiketira. Mi ne smijemo ostati pasivni promatra\u010di dru\u0161tvenih previranja. Obvezatni smo zvoniti na uzbunu kada znamo da nas vi\u0161e umire nego se ra\u0111a. Zar smijemo ostati nijemi kada na\u0161 \u010dovjek po\u010dinje gubiti svoja najelementarnija obilje\u017eja, kao \u0161to su jezik i nacionalna kultura?&#8221;<\/p>\n\n\n\n<p>Pozdravljaju\u0107i skup predsjednik Matice hrvatske <strong>Miro Gavran<\/strong> istaknuo je: \u201ePovjesni\u010dari su uglavnom suglasni u ocjeni da je Hrvatsko prolje\u0107e pokrenutom anga\u017emanom Hrvatskoga sveu\u010dili\u0161ta i njegovih hrabrih studenata, Maticom hrvatskom kao ustanovom oko koje su se okupljali istaknuti intelektualci te reformskim krilom Saveza komunista Hrvatske. Trudit \u0107emo se da Matica hrvatska \u010duva uspomenu na Hrvatsko prolje\u0107e i studentski \u0161trajk te da u tim dramati\u010dnim vremenima prona\u0111emo nadahnu\u0107e za susret s novim izazovima.&#8221;<\/p>\n\n\n\n<p>Sudionike manifestacije pozdravili su ravnatelj Hrvatskoga dr\u017eavnoga arhiva <strong>Dinko \u010cutura<\/strong> i ravnatelj Studentskoga centra <strong>Mirko Bo\u0161njak<\/strong>.<\/p>\n\n\n\n<p>U sklopu sve\u010danoga otvaranja manifestacije sudionicima je premijerno prikazan dugometra\u017eni dokumentarni film \u201eHrvatsko prolje\u0107e i hrvatska dr\u017eava&#8221; redatelja <strong>Jakova Sedlara<\/strong>.<\/p>\n\n\n\n<p>Manifestacija nastavlja rad dvodnevnim interdisciplinarnim znanstvenim skupom, na kojem \u0107e biti odr\u017eana 53 izlaganja.<\/p>\n\n\n\n<p><a href=\"https:\/\/www.hrstud.unizg.hr\/_news\/41712\/Predsjednik_RH_prihvaca_pokroviteljstvo.pdf\">Pismo Predsjednika Republike od 15. studenoga 2021.<\/a><\/p>\n\n\n\n<p><a href=\"https:\/\/www.hrstud.unizg.hr\/_news\/41712\/Hrv-proljece-i-hrv-drzava_plakat.jpg\">Plakat manifestacije<\/a><br><br><a href=\"https:\/\/www.hrstud.unizg.hr\/_news\/41714\/Hrvatsko%20proljece_2021_Program_rada.pdf\">Program rada manifestacije<\/a><\/p>\n\n\n\n<p><a href=\"https:\/\/www.hrstud.unizg.hr\/_news\/41714\/Hrvatsko_proljece_Programska_knjizica.pdf\">Programska knji\u017eica<\/a><br><br><a href=\"https:\/\/www.hrstud.unizg.hr\/obavijesti\/fotogalerije?@=21gr6#news_113350\">Fotogalerija<\/a><br><br><a href=\"https:\/\/www.youtube.com\/watch?v=ZVSWTBkBA6s\">Emisija Zoom Zagreb 23. XI. 2021. na televiziji Z1<\/a><\/p>\n\n\n\n<hr class=\"wp-block-separator\"\/>\n\n\n\n<p>Izvor:<\/p>\n\n\n\n<p><a href=\"https:\/\/www.hrstud.unizg.hr\/obavijesti?@=21gq9#news_112402\">https:\/\/www.hrstud.unizg.hr\/obavijesti?@=21gq9#news_112402<\/a><\/p>\n\n\n\n<hr class=\"wp-block-separator\"\/>\n\n\n\n<p>DODATNI MATERIJALI:<\/p>\n\n\n\n<p><a href=\"https:\/\/hrvatskoproljece.fhs.hr\/hr\">https:\/\/hrvatskoproljece.fhs.hr\/hr<\/a><\/p>\n\n\n\n<hr class=\"wp-block-separator\"\/>\n\n\n\n<p>Dodatne informacije:<\/p>\n\n\n\n<p><a href=\"https:\/\/www.matica.hr\/vijenac\/724\/sveucilistarci-i-hrvatsko-proljece-32437\/\">https:\/\/www.matica.hr\/vijenac\/724\/sveucilistarci-i-hrvatsko-proljece-32437\/<\/a><\/p>\n\n\n\n<hr class=\"wp-block-separator\"\/>\n","protected":false},"excerpt":{"rendered":"","protected":false},"author":2,"featured_media":28485,"comment_status":"open","ping_status":"open","sticky":false,"template":"","format":"standard","meta":{"_acf_changed":false,"jetpack_post_was_ever_published":false,"_jetpack_newsletter_access":"","_jetpack_dont_email_post_to_subs":false,"_jetpack_newsletter_tier_id":0,"_jetpack_memberships_contains_paywalled_content":false,"_jetpack_memberships_contains_paid_content":false,"footnotes":"","jetpack_publicize_message":"","jetpack_publicize_feature_enabled":true,"jetpack_social_post_already_shared":true,"jetpack_social_options":{"image_generator_settings":{"template":"highway","default_image_id":0,"font":"","enabled":false},"version":2}},"categories":[3,9],"tags":[],"class_list":["post-28484","post","type-post","status-publish","format-standard","has-post-thumbnail","hentry","category-novosti","category-skupovi"],"acf":{"facebook_opis":""},"jetpack_publicize_connections":[],"jetpack_featured_media_url":"https:\/\/i0.wp.com\/historiografija.hr\/wp-content\/uploads\/2021\/11\/Hrv-proljece-i-hrv-drzava_plakat.jpg?fit=1200%2C1700&ssl=1","jetpack_sharing_enabled":true,"jetpack-related-posts":[],"_links":{"self":[{"href":"https:\/\/historiografija.hr\/index.php?rest_route=\/wp\/v2\/posts\/28484","targetHints":{"allow":["GET"]}}],"collection":[{"href":"https:\/\/historiografija.hr\/index.php?rest_route=\/wp\/v2\/posts"}],"about":[{"href":"https:\/\/historiografija.hr\/index.php?rest_route=\/wp\/v2\/types\/post"}],"author":[{"embeddable":true,"href":"https:\/\/historiografija.hr\/index.php?rest_route=\/wp\/v2\/users\/2"}],"replies":[{"embeddable":true,"href":"https:\/\/historiografija.hr\/index.php?rest_route=%2Fwp%2Fv2%2Fcomments&post=28484"}],"version-history":[{"count":3,"href":"https:\/\/historiografija.hr\/index.php?rest_route=\/wp\/v2\/posts\/28484\/revisions"}],"predecessor-version":[{"id":28610,"href":"https:\/\/historiografija.hr\/index.php?rest_route=\/wp\/v2\/posts\/28484\/revisions\/28610"}],"wp:featuredmedia":[{"embeddable":true,"href":"https:\/\/historiografija.hr\/index.php?rest_route=\/wp\/v2\/media\/28485"}],"wp:attachment":[{"href":"https:\/\/historiografija.hr\/index.php?rest_route=%2Fwp%2Fv2%2Fmedia&parent=28484"}],"wp:term":[{"taxonomy":"category","embeddable":true,"href":"https:\/\/historiografija.hr\/index.php?rest_route=%2Fwp%2Fv2%2Fcategories&post=28484"},{"taxonomy":"post_tag","embeddable":true,"href":"https:\/\/historiografija.hr\/index.php?rest_route=%2Fwp%2Fv2%2Ftags&post=28484"}],"curies":[{"name":"wp","href":"https:\/\/api.w.org\/{rel}","templated":true}]}}