{"id":28480,"date":"2021-11-26T18:22:47","date_gmt":"2021-11-26T18:22:47","guid":{"rendered":"http:\/\/historiografija.hr\/?p=28480"},"modified":"2021-11-26T18:22:47","modified_gmt":"2021-11-26T18:22:47","slug":"hrt-prikazuje-doba-uskoka","status":"publish","type":"post","link":"https:\/\/historiografija.hr\/?p=28480","title":{"rendered":"HRT prikazuje: Doba uskoka"},"content":{"rendered":"\n<p>U ponedjeljak, 29. studenoga, u 21:05 na Prvom programu po\u010dinjemo s prikazivanjem \u010detverodijelne igrano-dokumentarne serije Doba uskoka autora <strong>Bo\u017eidara Domagoja Buri\u0107a<\/strong>. Serija se bavi dosad slabo prou\u010denim te filmski i medijski potpuno neobra\u0111enim dijelom hrvatske povijesti &#8211; senjskim uskocima.<\/p>\n\n\n\n<p>U 16. i 17. stolje\u0107u Senj je bio pravo gusarsko gnijezdo &#8211; tamo su bili smje\u0161teni habsbur\u0161ki pograni\u010dni garnizoni, \u010dijim su dijelom bili i uskoci. Naime, nakon \u0161to je 1536. Klis pao u ruke Osmanlija, preostali ratnici koje je na Klisu predvodio legendarni <strong>Petar Kru\u017ei\u0107<\/strong>, preselili su se u Senj.<br><br>Kru\u017ei\u0107eva ratna taktika osnova je usko\u010dkog na\u010dina ratovanja, a on se sastojao od brzih gerilskih upada na osmanska podru\u010dja. U Senju su uskoci te ratne tehnologije doveli do savr\u0161enstva brzim napadima malenim i pokretljivim brodicama &#8211; bracerama &#8211; te stalnim upadima na podru\u010dja osmanske Like i zale\u0111e Dalmacije.<\/p>\n\n\n\n<p>Senjski uskoci ostali su u kolektivnom sje\u0107anju Hrvata kao uporni, tvrdoglavi i domi\u0161ljati borci protiv turskih prodora, ali i kao zakleti neprijatelji Venecije. Bili su gusari ali i vjerojatno posljednji europski kri\u017eari, koji su se smatrali braniteljima kr\u0161\u0107anstva.&nbsp;<br><br>Doba uskoka rasko\u0161an je povijesni spektakl, s vrhunskom kostimografijom, scenografijom i vizualnim efektima te zanimljivo ispri\u010danom pri\u010dom o ovim jadranskim nevaljalcima.<br><br>U seriji nastupaju poznati hrvatski glumci: <strong>Amar Bukvi\u0107<\/strong>, <strong>Du\u0161an Bu\u0107an<\/strong>, <strong>Dragan Despot<\/strong>,<strong> Kre\u0161imir Miki\u0107<\/strong>, <strong>Robert Ugrina<\/strong>, <strong>Nenad Cvetko<\/strong>, <strong>Andrea Slama<\/strong>, <strong>Mladen Vasary,<\/strong> <strong>Marko Cindri\u0107<\/strong>,<strong> Tvrtko Juri\u0107<\/strong>, <strong>Nikola Ba\u0107e<\/strong> i mnogi drugi. U cameo ulozi pojavljuje se i legendarni HRT-ov prognosti\u010dar <strong>Zoran Vakula<\/strong>. Narator je <strong>Ivan Kojund\u017ei\u0107<\/strong>.<\/p>\n\n\n\n<p>Kostimografkinja je<strong> Jasna Zvonkovi\u0107 Ljevakovi\u0107<\/strong>, scenograf <strong>Igor Juras<\/strong>, monta\u017eer <strong>Dubravko Prugove\u010dki<\/strong>, supervizor vizualnih efekata<strong> Kristijan Mr\u0161i\u0107<\/strong>, direktor fotografije <strong>Branko Cahun<\/strong>, producentica <strong>Marija Kosor<\/strong>, a scenarist i redatelj je <strong>Bo\u017eidar Domagoj Buri\u0107<\/strong>, autor najprodavanijih hrvatskih serijala u inozemstvu, Hrvatski kraljevi i Republika. Glazbu za seriju skladao je duo <strong>Mystic Barbarism<\/strong>, a snimljena je u suradnji s HRT-ovim orkestrom te dirigentom <strong>Davorom Keli\u0107em<\/strong>.&nbsp;U seriji kao stru\u010dni sugovornici sudjeluju najpoznatiji svjetski povjesni\u010dari s Oxforda, Cambridgea, Sorbonne, te eminentni povjesni\u010dari iz Italije, Austrije i Hrvatske.<br><br>Osim \u010detverodijelne serije HRT je proizveo i dugometra\u017eni igrano-dokumentarni film koji se u svibnju 2021. emitirao u kinima diljem Hrvatske te je, unato\u010d pandemiji, ostvario izvrsnu posje\u0107enost.&nbsp;Film i seriju u potpunosti je producirao HRT.<\/p>\n\n\n\n<p><strong>1. epizoda: Novi de\u010dki u kvartu<br><br><\/strong>Prva epizoda, nakon uvodnog pregleda op\u0107e situacije u jugoisto\u010dnoj Europi za vrijeme turskih prodora od kraja 14. do po\u010detka 16. stolje\u0107a, prikazuje vrijeme obrane Klisa pod zapovjedni\u0161tvom Petra Kru\u017ei\u0107a i ra\u0111anje usko\u010dke vojne doktrine \u010diji je autor sam Kru\u017ei\u0107. Nakon pada Klisa i Kru\u017ei\u0107eve pogibije, dio njegovih uskoka seli se u Senj.<br><br>Tamo usko\u010dki pokret do\u017eivljava svoje zlatno doba a Senj postaje glasovito gusarsko gnijezdo, poznato diljem Europe. Senjani su zadavali probleme ne samo Osmanlijama i Mle\u010danima, nego i vlastitim gospodarima Habsburgovcima budu\u0107i da su vrlo \u010desto poduzimali vojne i plja\u010dka\u0161ke pohode na vlastitu ruku te time remetili osjetljiv geostrate\u0161ki balans me\u0111u velikim silama na ovim prostorima.<br><br>Uloge: Milan Ple\u0161tina (Petar Kru\u017ei\u0107), Dragan Despot (Markantun de Dominis). Kre\u0161imir Miki\u0107 (Ferdinand Habsburg), Amar Bukvi\u0107 (usko\u010dki zapovjednik Juri\u0161a Hajduk), Mladen Vasary (mleta\u010dki kroni\u010dar Paolo Sarpi)<\/p>\n\n\n\n<hr class=\"wp-block-separator\"\/>\n\n\n\n<p>Izvor:<\/p>\n\n\n\n<p><a href=\"https:\/\/hrtprikazuje.hrt.hr\/serije\/doba-uskoka-3515609\">https:\/\/hrtprikazuje.hrt.hr\/serije\/doba-uskoka-3515609<\/a><\/p>\n\n\n\n<hr class=\"wp-block-separator\"\/>\n","protected":false},"excerpt":{"rendered":"","protected":false},"author":2,"featured_media":28481,"comment_status":"open","ping_status":"open","sticky":false,"template":"","format":"standard","meta":{"_acf_changed":false,"jetpack_post_was_ever_published":false,"_jetpack_newsletter_access":"","_jetpack_dont_email_post_to_subs":false,"_jetpack_newsletter_tier_id":0,"_jetpack_memberships_contains_paywalled_content":false,"_jetpack_memberships_contains_paid_content":false,"footnotes":"","jetpack_publicize_message":"","jetpack_publicize_feature_enabled":true,"jetpack_social_post_already_shared":true,"jetpack_social_options":{"image_generator_settings":{"template":"highway","default_image_id":0,"font":"","enabled":false},"version":2}},"categories":[13,3],"tags":[],"class_list":["post-28480","post","type-post","status-publish","format-standard","has-post-thumbnail","hentry","category-filmovi-i-serije","category-novosti"],"acf":{"facebook_opis":""},"jetpack_publicize_connections":[],"jetpack_featured_media_url":"https:\/\/i0.wp.com\/historiografija.hr\/wp-content\/uploads\/2021\/11\/Doba-uskoka.jpg?fit=493%2C640&ssl=1","jetpack_sharing_enabled":true,"jetpack-related-posts":[],"_links":{"self":[{"href":"https:\/\/historiografija.hr\/index.php?rest_route=\/wp\/v2\/posts\/28480","targetHints":{"allow":["GET"]}}],"collection":[{"href":"https:\/\/historiografija.hr\/index.php?rest_route=\/wp\/v2\/posts"}],"about":[{"href":"https:\/\/historiografija.hr\/index.php?rest_route=\/wp\/v2\/types\/post"}],"author":[{"embeddable":true,"href":"https:\/\/historiografija.hr\/index.php?rest_route=\/wp\/v2\/users\/2"}],"replies":[{"embeddable":true,"href":"https:\/\/historiografija.hr\/index.php?rest_route=%2Fwp%2Fv2%2Fcomments&post=28480"}],"version-history":[{"count":1,"href":"https:\/\/historiografija.hr\/index.php?rest_route=\/wp\/v2\/posts\/28480\/revisions"}],"predecessor-version":[{"id":28482,"href":"https:\/\/historiografija.hr\/index.php?rest_route=\/wp\/v2\/posts\/28480\/revisions\/28482"}],"wp:featuredmedia":[{"embeddable":true,"href":"https:\/\/historiografija.hr\/index.php?rest_route=\/wp\/v2\/media\/28481"}],"wp:attachment":[{"href":"https:\/\/historiografija.hr\/index.php?rest_route=%2Fwp%2Fv2%2Fmedia&parent=28480"}],"wp:term":[{"taxonomy":"category","embeddable":true,"href":"https:\/\/historiografija.hr\/index.php?rest_route=%2Fwp%2Fv2%2Fcategories&post=28480"},{"taxonomy":"post_tag","embeddable":true,"href":"https:\/\/historiografija.hr\/index.php?rest_route=%2Fwp%2Fv2%2Ftags&post=28480"}],"curies":[{"name":"wp","href":"https:\/\/api.w.org\/{rel}","templated":true}]}}