{"id":28468,"date":"2021-11-26T17:58:54","date_gmt":"2021-11-26T17:58:54","guid":{"rendered":"http:\/\/historiografija.hr\/?p=28468"},"modified":"2021-11-26T18:00:33","modified_gmt":"2021-11-26T18:00:33","slug":"matko-globacnik-historizam-i-marksizam-u-hrvatskim-ideoloskim-sukobima-drugoga-svjetskog-rata","status":"publish","type":"post","link":"https:\/\/historiografija.hr\/?p=28468","title":{"rendered":"Matko  Globa\u010dnik, \u201eHistorizam i marksizam u hrvatskim ideolo\u0161kim sukobima Drugoga svjetskog rata\u201c"},"content":{"rendered":"\n<p>U izdanju Plejade iz Zagreba objavljena je 2021. godine knjiga Matka Globa\u010dnika \u201eHistorizam i marksizam u hrvatskim ideolo\u0161kim sukobima Drugoga svjetskog rata\u201c.<\/p>\n\n\n\n<hr class=\"wp-block-separator\"\/>\n\n\n\n<p><\/p>\n\n\n\n<p>Historizam i marksizam me\u0111u najutjecajnijim su intelektualnim pokretima moderne i suvremene europske i hrvatske povijesti. Oni su zbog svojih pretenzija na znanstvenost u ve\u0107oj ili manjoj mjeri bili primijenjeni u razli\u010ditim politi\u010dkim ideologijama, ali i zloporabljeni za njihove ciljeve, od trenutka njihova nastanka i najsna\u017enijega razvitka u zemljama njema\u010dkoga govornog podru\u010dja tijekom tzv. \u201evremena sedla\u201c (<em>Sattelzeit<\/em>), odnosno na dugotrajnome prijelazu iz 18. u 19. stolje\u0107e. Glavna je tema ove knjige istra\u017eiti i rasvijetliti na\u010din aproprijacije historizma u usta\u0161koj politi\u010dkoj ideologiji i marksizma u jugoslavenskoj komunisti\u010dkoj ideologiji za vrijeme ideolo\u0161kih sukoba njihovih protagonista u Drugome svjetskom ratu na hrvatskome tlu, ali u europskome kontekstu du\u017eega trajanja od korijena navedenih politi\u010dkih ideologija u \u201edugome 19. stolje\u0107u\u201c pa do 1945. godine.<\/p>\n\n\n\n<p><em>Iz Uvoda<\/em><\/p>\n\n\n\n<hr class=\"wp-block-separator\"\/>\n\n\n\n<p><strong>Dr. sc. Matko Globa\u010dnik<\/strong> (Zagreb, 1990.). Diplomirao je 2014. povijest i filozofiju (paralelni studij) na Filozofskom fakultetu Sveu\u010dili\u0161ta u Zagrebu. Doktorirao je 2020. na doktorskom studiju Moderna i suvremena hrvatska povijest u europskom i svjetskom kontekstu na istom fakultetu. Objavio je rad iz filozofije pod naslovom <em>Izazov skepticizma<\/em> (2016.) te dvije povijesne knjige: <em>Hrvatska socijaldemokracija u Prvome svjetskom ratu<\/em> (2018.) i <em>Vrijeme ideolo\u0161kih kolebanja<\/em> (2019.).<\/p>\n\n\n\n<p>***<\/p>\n\n\n\n<p>Monografija M. Globa\u010dnika prva je intelektualnohistorijska interpretacija ideolo\u0161kih sukoba u Hrvatskoj od 1941. do 1945. godine u cijelome njihovu spektru, s desna na lijevo te u bitnim kontekstima, kako sinkronijski tako i dijakronijski, kao i primjerenom problematizacijom i interpretacijom vi\u0161e klju\u010dnih aktera, individualnih i kolektivnih. Njezina je posebna vrijednost iznimno sadr\u017eajna i vrijedna teorijska i metodolo\u0161ka artikulacija\u2026 Ova monografija prva je ove vrste u hrvatskoj historiografiji i kada je rije\u010d o teorijskim aspektima, s te\u017ei\u0161tem na ideolo\u0161kim sukobima, ali i kada je rije\u010d o razini istra\u017eenosti navedene teme.<\/p>\n\n\n\n<p><em>prof. emerit. Drago Roksandi\u0107<\/em><\/p>\n\n\n\n<p>Autor je u knjizi obradio razvoj intelektualnih pokreta historizma i marksizma u Hrvatskoj na kraju devetnaestoga i u prvoj polovici dvadesetoga stolje\u0107a, napose u razdoblju Drugoga svjetskog rata. To je znanstveno posve relevantna tema osobito jer je u posljednjih nekoliko desetlje\u0107a bila zanemarena u hrvatskoj historiografiji, a i prije toga nije uvijek obja\u0161njavana iz znanstvenih pobuda ve\u0107 je \u010desto bila ideologizirana. Autor, povjesni\u010dar i filozof po temeljnom sveu\u010dili\u0161nom obrazovanju, odli\u010dan poznavatelj njema\u010dkoga i drugih jezika, uspje\u0161no je odgovorio na sve izazove koje je pred njega postavila tako slo\u017eena problematika.<\/p>\n\n\n\n<p><em>prof. dr. sc. Damir Agi\u010di\u0107<\/em><\/p>\n\n\n\n<hr class=\"wp-block-separator\"\/>\n\n\n\n<p>Vi\u0161e informacija o knjizi nalazi se na sljede\u0107oj poveznici:<\/p>\n\n\n\n<p><a rel=\"noreferrer noopener\" href=\"https:\/\/www.academia.edu\/61382842\/Historizam_i_marksizam_u_hrvatskim_ideolo%C5%A1kim_sukobima_Drugoga_svjetskog_rata_Historicism_and_Marxism_in_the_Croatian_Ideological_Conflicts_of_the_Second_World_War_\" target=\"_blank\">(PDF) Historizam i marksizam u hrvatskim ideolo\u0161kim sukobima Drugoga svjetskog rata [Historicism and Marxism in the Croatian Ideological Conflicts of the Second World War] | Matko Globa\u010dnik &#8211; Academia.edu<\/a><\/p>\n\n\n\n<hr class=\"wp-block-separator\"\/>\n","protected":false},"excerpt":{"rendered":"","protected":false},"author":2,"featured_media":28469,"comment_status":"open","ping_status":"open","sticky":false,"template":"","format":"standard","meta":{"_acf_changed":false,"jetpack_post_was_ever_published":false,"_jetpack_newsletter_access":"","_jetpack_dont_email_post_to_subs":false,"_jetpack_newsletter_tier_id":0,"_jetpack_memberships_contains_paywalled_content":false,"_jetpack_memberships_contains_paid_content":false,"footnotes":"","jetpack_publicize_message":"","jetpack_publicize_feature_enabled":true,"jetpack_social_post_already_shared":true,"jetpack_social_options":{"image_generator_settings":{"template":"highway","default_image_id":0,"font":"","enabled":false},"version":2}},"categories":[8,3],"tags":[],"class_list":["post-28468","post","type-post","status-publish","format-standard","has-post-thumbnail","hentry","category-knjige","category-novosti"],"acf":{"facebook_opis":""},"jetpack_publicize_connections":[],"jetpack_featured_media_url":"https:\/\/i0.wp.com\/historiografija.hr\/wp-content\/uploads\/2021\/11\/Historizam-i-marksizam-naslovnica-rotated.jpg?fit=480%2C640&ssl=1","jetpack_sharing_enabled":true,"jetpack-related-posts":[],"_links":{"self":[{"href":"https:\/\/historiografija.hr\/index.php?rest_route=\/wp\/v2\/posts\/28468","targetHints":{"allow":["GET"]}}],"collection":[{"href":"https:\/\/historiografija.hr\/index.php?rest_route=\/wp\/v2\/posts"}],"about":[{"href":"https:\/\/historiografija.hr\/index.php?rest_route=\/wp\/v2\/types\/post"}],"author":[{"embeddable":true,"href":"https:\/\/historiografija.hr\/index.php?rest_route=\/wp\/v2\/users\/2"}],"replies":[{"embeddable":true,"href":"https:\/\/historiografija.hr\/index.php?rest_route=%2Fwp%2Fv2%2Fcomments&post=28468"}],"version-history":[{"count":3,"href":"https:\/\/historiografija.hr\/index.php?rest_route=\/wp\/v2\/posts\/28468\/revisions"}],"predecessor-version":[{"id":28472,"href":"https:\/\/historiografija.hr\/index.php?rest_route=\/wp\/v2\/posts\/28468\/revisions\/28472"}],"wp:featuredmedia":[{"embeddable":true,"href":"https:\/\/historiografija.hr\/index.php?rest_route=\/wp\/v2\/media\/28469"}],"wp:attachment":[{"href":"https:\/\/historiografija.hr\/index.php?rest_route=%2Fwp%2Fv2%2Fmedia&parent=28468"}],"wp:term":[{"taxonomy":"category","embeddable":true,"href":"https:\/\/historiografija.hr\/index.php?rest_route=%2Fwp%2Fv2%2Fcategories&post=28468"},{"taxonomy":"post_tag","embeddable":true,"href":"https:\/\/historiografija.hr\/index.php?rest_route=%2Fwp%2Fv2%2Ftags&post=28468"}],"curies":[{"name":"wp","href":"https:\/\/api.w.org\/{rel}","templated":true}]}}