{"id":28462,"date":"2021-11-26T17:33:05","date_gmt":"2021-11-26T17:33:05","guid":{"rendered":"http:\/\/historiografija.hr\/?p=28462"},"modified":"2021-11-26T17:33:05","modified_gmt":"2021-11-26T17:33:05","slug":"franziska-anna-zaugg-rekrutierungen-fur-die-waffen-ss-in-sudosteuropa-ideen-ideale-und-realitaten-einer-vielvolkerarme","status":"publish","type":"post","link":"https:\/\/historiografija.hr\/?p=28462","title":{"rendered":"Franziska Anna Zaugg, \u201eRekrutierungen f\u00fcr die Waffen-SS in S\u00fcdosteuropa. Ideen, Ideale und Realit\u00e4ten einer Vielv\u00f6lkerarme\u201c"},"content":{"rendered":"\n<p>Open Access<\/p>\n\n\n\n<hr class=\"wp-block-separator\"\/>\n\n\n\n<p>What advantages do people hope for when they collaborate with an occupying regime? What kinds of threats do they face if they do not? These questions can be applied to Waffen-SS recruitment during World War II and refracted as if through a prism. This study explains the intentions and scope of action of the occupational forces, political elites, and individuals in six states.<\/p>\n\n\n\n<hr class=\"wp-block-separator\"\/>\n\n\n\n<p><strong>Author information<\/strong><\/p>\n\n\n\n<p><strong>Franziska Anna Zaugg<\/strong>, University of Bern, Switzerland.<\/p>\n\n\n\n<hr class=\"wp-block-separator\"\/>\n\n\n\n<p><strong>Contents<\/strong><\/p>\n\n\n\n<p>Frontmatter<\/p>\n\n\n\n<p>Inhaltsverzeichnis<\/p>\n\n\n\n<p>1 Einleitung<\/p>\n\n\n\n<p>2 Die Waffen-SS: Ideen, Ideologien und Umsetzung<\/p>\n\n\n\n<p>3 Die Waffen-SS im Krieg<\/p>\n\n\n\n<p>4 \u00dcberblick: Die deutsch-italienische Besetzung S\u00fcdosteuropas<\/p>\n\n\n\n<p>5 Eine erste s\u00fcdosteurop\u00e4ische Waffen- SS-Division: Die Division \u201ePrinz Eugen\u201c<\/p>\n\n\n\n<p>6 Die bosnisch-kroatische Division \u201eHandschar\u201c<\/p>\n\n\n\n<p>7 Die albanische Division \u201eSkanderbeg\u201c<\/p>\n\n\n\n<p>8 Die zweite bosnisch-kroatische Division \u201eKama\u201c<\/p>\n\n\n\n<p>9 Interdependenzen, Gemeinsamkeiten und Unterschiede: Eine Zusammenfassung<\/p>\n\n\n\n<p>10 Ein Fazit<\/p>\n\n\n\n<p>11 Anhang zur Orientierung: Die wichtigsten Operationen der s\u00fcdosteurop\u00e4ischen Waffen-SS Verb\u00e4nde<\/p>\n\n\n\n<p>12 Quellen- und Literaturverzeichnis<\/p>\n\n\n\n<p>Abbildungsverzeichnis<\/p>\n\n\n\n<p>Personenregister<\/p>\n\n\n\n<p>Danksagung<\/p>\n\n\n\n<hr class=\"wp-block-separator\"\/>\n\n\n\n<p>&nbsp;&nbsp;&nbsp; Language: German<\/p>\n\n\n\n<p>&nbsp;&nbsp;&nbsp; Publisher: De Gruyter Oldenbourg<\/p>\n\n\n\n<p>&nbsp;&nbsp;&nbsp; Copyright year: 2021<\/p>\n\n\n\n<p>&nbsp;&nbsp;&nbsp; &nbsp;Pages<\/p>\n\n\n\n<p>&nbsp;&nbsp;&nbsp;&nbsp;&nbsp;&nbsp;&nbsp; Front matter: 11<\/p>\n\n\n\n<p>&nbsp;&nbsp;&nbsp;&nbsp;&nbsp;&nbsp;&nbsp; Main content: 573<\/p>\n\n\n\n<p>&nbsp;&nbsp;&nbsp; Illustrations<\/p>\n\n\n\n<p>&nbsp;&nbsp;&nbsp;&nbsp;&nbsp;&nbsp;&nbsp; Illustrations: 47<\/p>\n\n\n\n<p>\u00a0\u00a0\u00a0 Keywords: Southeastern Europe; Nazi Germany; Waffen-SS; Collaboration; Second World War<\/p>\n\n\n\n<hr class=\"wp-block-separator\"\/>\n\n\n\n<p><a href=\"https:\/\/www.degruyter.com\/document\/doi\/10.1515\/9783110730777\/html\">https:\/\/www.degruyter.com\/document\/doi\/10.1515\/9783110730777\/html<\/a><\/p>\n\n\n\n<hr class=\"wp-block-separator\"\/>\n","protected":false},"excerpt":{"rendered":"","protected":false},"author":2,"featured_media":28463,"comment_status":"open","ping_status":"open","sticky":false,"template":"","format":"standard","meta":{"_acf_changed":false,"jetpack_post_was_ever_published":false,"_jetpack_newsletter_access":"","_jetpack_dont_email_post_to_subs":false,"_jetpack_newsletter_tier_id":0,"_jetpack_memberships_contains_paywalled_content":false,"_jetpack_memberships_contains_paid_content":false,"footnotes":"","jetpack_publicize_message":"","jetpack_publicize_feature_enabled":true,"jetpack_social_post_already_shared":true,"jetpack_social_options":{"image_generator_settings":{"template":"highway","default_image_id":0,"font":"","enabled":false},"version":2}},"categories":[19,8,3],"tags":[],"class_list":["post-28462","post","type-post","status-publish","format-standard","has-post-thumbnail","hentry","category-e-knjige","category-knjige","category-novosti"],"acf":{"facebook_opis":""},"jetpack_publicize_connections":[],"jetpack_featured_media_url":"https:\/\/i0.wp.com\/historiografija.hr\/wp-content\/uploads\/2021\/11\/Rekrutierungen.jpg?fit=200%2C297&ssl=1","jetpack_sharing_enabled":true,"jetpack-related-posts":[],"_links":{"self":[{"href":"https:\/\/historiografija.hr\/index.php?rest_route=\/wp\/v2\/posts\/28462","targetHints":{"allow":["GET"]}}],"collection":[{"href":"https:\/\/historiografija.hr\/index.php?rest_route=\/wp\/v2\/posts"}],"about":[{"href":"https:\/\/historiografija.hr\/index.php?rest_route=\/wp\/v2\/types\/post"}],"author":[{"embeddable":true,"href":"https:\/\/historiografija.hr\/index.php?rest_route=\/wp\/v2\/users\/2"}],"replies":[{"embeddable":true,"href":"https:\/\/historiografija.hr\/index.php?rest_route=%2Fwp%2Fv2%2Fcomments&post=28462"}],"version-history":[{"count":1,"href":"https:\/\/historiografija.hr\/index.php?rest_route=\/wp\/v2\/posts\/28462\/revisions"}],"predecessor-version":[{"id":28464,"href":"https:\/\/historiografija.hr\/index.php?rest_route=\/wp\/v2\/posts\/28462\/revisions\/28464"}],"wp:featuredmedia":[{"embeddable":true,"href":"https:\/\/historiografija.hr\/index.php?rest_route=\/wp\/v2\/media\/28463"}],"wp:attachment":[{"href":"https:\/\/historiografija.hr\/index.php?rest_route=%2Fwp%2Fv2%2Fmedia&parent=28462"}],"wp:term":[{"taxonomy":"category","embeddable":true,"href":"https:\/\/historiografija.hr\/index.php?rest_route=%2Fwp%2Fv2%2Fcategories&post=28462"},{"taxonomy":"post_tag","embeddable":true,"href":"https:\/\/historiografija.hr\/index.php?rest_route=%2Fwp%2Fv2%2Ftags&post=28462"}],"curies":[{"name":"wp","href":"https:\/\/api.w.org\/{rel}","templated":true}]}}