{"id":28447,"date":"2021-11-25T11:11:24","date_gmt":"2021-11-25T11:11:24","guid":{"rendered":"http:\/\/historiografija.hr\/?p=28447"},"modified":"2022-07-15T13:21:25","modified_gmt":"2022-07-15T13:21:25","slug":"okrugli-stol-povodom-promocije-zbornika-sto-godina-casopisa-zenit-1921-1926-2021","status":"publish","type":"post","link":"https:\/\/historiografija.hr\/?p=28447","title":{"rendered":"Okrugli stol povodom promocije zbornika \u201cSto godina \u010dasopisa Zenit 1921 \u2013 1926 \u2013 2021\u201d"},"content":{"rendered":"\n<p>Povodom objavljivanja zbornika <em>Sto godina \u010dasopisa<\/em> Zenit <em>1921 &#8211; 1926 &#8211; 2021<\/em> Institut za knji\u017eevnost i umetnost u Beogradu organizuje okrugli sto. Zbornik su uredili dr Irina Suboti\u0107 i dr Bojan Jovi\u0107, a objavljen je u saradnji Instituta za knji\u017eevnost i umetnost i Galerije RIMA. U razgovoru u\u010destvuju: Vesna Matovi\u0107, Bojan Jovi\u0107, Stanislava Bara\u0107, \u017darka Svir\u010dev, Zorana Simi\u0107 i Jovan Bukumira. Okrugli sto \u0107e se odr\u017eati 30. 11. 2021. u Biblioteci IKUM-a sa po\u010detkom u 12 \u010dasova. Okrugli sto je posve\u0107en nedavno preminulom kolegi Aleksandru Petrovu.<\/p>\n\n\n\n<p><a href=\"https:\/\/www.ikum.org.rs\/images\/stories\/Zenitzasajt.pdf\">Preuzmite spisak u\u010desnika i tema, kao i apstrakte izlaganja.<\/a><\/p>\n\n\n\n<hr class=\"wp-block-separator\"\/>\n\n\n\n<p>Izvor:<\/p>\n\n\n\n<p><a href=\"https:\/\/www.ikum.org.rs\/lat\/news.php?id=322\">https:\/\/www.ikum.org.rs\/lat\/news.php?id=322<\/a><\/p>\n\n\n\n<hr class=\"wp-block-separator\"\/>\n\n\n\n<p>Okrugli stol je sniman i dijelom je emitiran u radijskoj emisiji &#8220;Kontrapunkt&#8221; (Radio Beograd 2), koja se mo\u017ee poslu\u0161ati na sljede\u0107oj poveznici:<\/p>\n\n\n\n<p><a href=\"https:\/\/www.rts.rs\/page\/radio\/sr\/story\/24\/radio-beograd-2\/4611230\/sto-godina-casopisa-zenit.html\">https:\/\/www.rts.rs\/page\/radio\/sr\/story\/24\/radio-beograd-2\/4611230\/sto-godina-casopisa-zenit.html<\/a><\/p>\n\n\n\n<hr class=\"wp-block-separator\"\/>\n\n\n\n<p><\/p>\n","protected":false},"excerpt":{"rendered":"","protected":false},"author":2,"featured_media":28448,"comment_status":"open","ping_status":"open","sticky":false,"template":"","format":"standard","meta":{"_acf_changed":false,"jetpack_post_was_ever_published":false,"_jetpack_newsletter_access":"","_jetpack_dont_email_post_to_subs":false,"_jetpack_newsletter_tier_id":0,"_jetpack_memberships_contains_paywalled_content":false,"_jetpack_memberships_contains_paid_content":false,"footnotes":"","jetpack_publicize_message":"","jetpack_publicize_feature_enabled":true,"jetpack_social_post_already_shared":true,"jetpack_social_options":{"image_generator_settings":{"template":"highway","default_image_id":0,"font":"","enabled":false},"version":2}},"categories":[21,3],"tags":[],"class_list":["post-28447","post","type-post","status-publish","format-standard","has-post-thumbnail","hentry","category-casopisi","category-novosti"],"acf":{"facebook_opis":""},"jetpack_publicize_connections":[],"jetpack_featured_media_url":"https:\/\/i0.wp.com\/historiografija.hr\/wp-content\/uploads\/2021\/11\/zenit-naslovna.jpg?fit=1654%2C2339&ssl=1","jetpack_sharing_enabled":true,"jetpack-related-posts":[],"_links":{"self":[{"href":"https:\/\/historiografija.hr\/index.php?rest_route=\/wp\/v2\/posts\/28447","targetHints":{"allow":["GET"]}}],"collection":[{"href":"https:\/\/historiografija.hr\/index.php?rest_route=\/wp\/v2\/posts"}],"about":[{"href":"https:\/\/historiografija.hr\/index.php?rest_route=\/wp\/v2\/types\/post"}],"author":[{"embeddable":true,"href":"https:\/\/historiografija.hr\/index.php?rest_route=\/wp\/v2\/users\/2"}],"replies":[{"embeddable":true,"href":"https:\/\/historiografija.hr\/index.php?rest_route=%2Fwp%2Fv2%2Fcomments&post=28447"}],"version-history":[{"count":2,"href":"https:\/\/historiografija.hr\/index.php?rest_route=\/wp\/v2\/posts\/28447\/revisions"}],"predecessor-version":[{"id":28537,"href":"https:\/\/historiografija.hr\/index.php?rest_route=\/wp\/v2\/posts\/28447\/revisions\/28537"}],"wp:featuredmedia":[{"embeddable":true,"href":"https:\/\/historiografija.hr\/index.php?rest_route=\/wp\/v2\/media\/28448"}],"wp:attachment":[{"href":"https:\/\/historiografija.hr\/index.php?rest_route=%2Fwp%2Fv2%2Fmedia&parent=28447"}],"wp:term":[{"taxonomy":"category","embeddable":true,"href":"https:\/\/historiografija.hr\/index.php?rest_route=%2Fwp%2Fv2%2Fcategories&post=28447"},{"taxonomy":"post_tag","embeddable":true,"href":"https:\/\/historiografija.hr\/index.php?rest_route=%2Fwp%2Fv2%2Ftags&post=28447"}],"curies":[{"name":"wp","href":"https:\/\/api.w.org\/{rel}","templated":true}]}}