{"id":2842,"date":"2017-01-20T23:00:05","date_gmt":"2017-01-20T23:00:05","guid":{"rendered":"http:\/\/historiografija.hr\/?p=2842"},"modified":"2020-12-21T21:05:04","modified_gmt":"2020-12-21T21:05:04","slug":"in-memoriam-dubravko-lovrenovic-veliki-veliki-dubravko-lovrenovic","status":"publish","type":"post","link":"https:\/\/historiografija.hr\/?p=2842","title":{"rendered":"In memoriam: Dubravko Lovrenovi\u0107, veliki, veliki Dubravko Lovrenovi\u0107"},"content":{"rendered":"<p><font size=\"3\">  <\/font><\/p>\n<p style=\"margin: 0cm 0cm 10pt;\"><font size=\"3\" face=\"Calibri\">U nastavku donosimo poveznicu na <b style=\"mso-bidi-font-weight: normal;\">In memoriam<\/b> Dubravku Lovrenovi\u0107u koji je napisao Neven Budak. Tekst je prvotno objavljen na portalu <b style=\"mso-bidi-font-weight: normal;\">Autograf.hr<\/b>, a zatim \u0107e biti objavljen u <b style=\"mso-bidi-font-weight: normal;\"><i style=\"mso-bidi-font-style: normal;\">Historijskom zborniku<\/i><\/b>.<\/font><\/p>\n<p><font size=\"3\">  <\/font><\/p>\n<p style=\"margin: 0cm 0cm 10pt;\"><font size=\"3\" face=\"Calibri\">&nbsp;<\/font><\/p>\n<p><font size=\"3\">  <\/font><\/p>\n<p style=\"margin: 0cm 0cm 10pt;\"><font size=\"3\" face=\"Calibri\">&#8212;<\/font><\/p>\n<p><font size=\"3\">  <\/font><\/p>\n<p style=\"margin: 0cm 0cm 10pt;\"><font size=\"3\" face=\"Calibri\">&nbsp;<\/font><\/p>\n<p><font size=\"3\">  <\/font><\/p>\n<p style=\"margin: 0cm 0cm 10pt;\"><b style=\"mso-bidi-font-weight: normal;\"><font size=\"3\" face=\"Calibri\">In memoriam: Dubravko Lovrenovi\u0107, veliki, veliki Dubravko Lovrenovi\u0107<\/font><\/b><\/p>\n<p><font size=\"3\">  <\/font><\/p>\n<p style=\"margin: 0cm 0cm 10pt;\"><font size=\"3\" face=\"Calibri\">&nbsp;<\/font><\/p>\n<p><font size=\"3\">  <\/font><\/p>\n<p style=\"margin: 0cm 0cm 10pt;\"><font size=\"3\" face=\"Calibri\">Autograf.hr<\/font><\/p>\n<p><font size=\"3\">  <\/font><\/p>\n<p style=\"margin: 0cm 0cm 10pt;\"><font size=\"3\" face=\"Calibri\">&nbsp;<\/font><\/p>\n<p><font size=\"3\">  <\/font><\/p>\n<p style=\"margin: 0cm 0cm 10pt;\"><font size=\"3\" face=\"Calibri\">Autor: Neven Budak \/ 20.01.2017. <\/font><\/p>\n<p><font size=\"3\">  <\/font><\/p>\n<p style=\"margin: 0cm 0cm 10pt;\"><font size=\"3\" face=\"Calibri\">&nbsp;<\/font><\/p>\n<p><font size=\"3\">  <\/font><\/p>\n<p style=\"margin: 0cm 0cm 10pt;\"><font size=\"3\" face=\"Calibri\">&nbsp;<\/font><\/p>\n<p><font size=\"3\">  <\/font><\/p>\n<p style=\"margin: 0cm 0cm 10pt;\"><font size=\"3\" face=\"Calibri\">Napisati da je smr\u0107u Dubravka Lovrenovi\u0107a (Jajce, 30. kolovoza 1956. \u2013 Sarajevo, 17. sije\u010dnja 2017.) bosanskohercegova\u010dka historiografija do\u017eivjela te\u017eak udarac zvu\u010di kao floskula. Navesti njegove radove uz primjedbu da su bitno unaprijedili na\u0161a znanja o bosanskohercegova\u010dkom srednjovjekovlju zvu\u010dalo bi kao omalova\u017eavanje i odra\u0111ivanje posla koji uvijek dolazi na zahtjev urednika nekih novina, \u010dasopisa, portala\u2026 kada umre netko tko je u javnosti bio vi\u0161e ili manje zapa\u017een.<\/font><\/p>\n<p><font size=\"3\">  <\/font><\/p>\n<p style=\"margin: 0cm 0cm 10pt;\"><font size=\"3\" face=\"Calibri\">&nbsp;<\/font><\/p>\n<p><font size=\"3\">  <\/font><\/p>\n<p style=\"margin: 0cm 0cm 10pt;\"><font size=\"3\" face=\"Calibri\">Kao da smo uzeli nekrolo\u0161ki obrazac, popunili praznine i time obavili du\u017enost koja se od nas o\u010dekuje kad nas napusti netko iz struke.<\/font><\/p>\n<p><font size=\"3\">  <\/font><\/p>\n<p style=\"margin: 0cm 0cm 10pt;\"><font size=\"3\" face=\"Calibri\">&nbsp;<\/font><\/p>\n<p><font size=\"3\">  <\/font><\/p>\n<p style=\"margin: 0cm 0cm 10pt;\"><span style=\"mso-ansi-language: FR;\" lang=\"FR\"><font size=\"3\" face=\"Calibri\">No za Dubravka Lovrenovi\u0107a ne mogu popunjavati obrazac i ne mogu odraditi posao.<\/font><\/span><\/p>\n<p><font size=\"3\">  <\/font><\/p>\n<p style=\"margin: 0cm 0cm 10pt;\"><span style=\"mso-ansi-language: FR;\" lang=\"FR\"><font size=\"3\" face=\"Calibri\">&nbsp;<\/font><\/span><\/p>\n<p><font size=\"3\">  <\/font><\/p>\n<p style=\"margin: 0cm 0cm 10pt;\"><span style=\"mso-ansi-language: FR;\" lang=\"FR\"><font size=\"3\" face=\"Calibri\">Dubravko nije bio \u201csamo jo\u0161 jedan povjesni\u010dar\u201d, nije bio \u010dak ni jo\u0161 jedan va\u017eni medievist, a njegov odlazak nije jednostavno trenutak u tijeku vremena kojim svatko od nas do\u0111e do vlastitoga kraja.<\/font><\/span><\/p>\n<p style=\"margin: 0cm 0cm 10pt;\"><span style=\"mso-ansi-language: FR;\" lang=\"FR\"><font size=\"3\" face=\"Calibri\"><br \/>\n<\/font><\/span><\/p>\n<p><font size=\"3\">  <\/font><\/p>\n<p style=\"margin: 0cm 0cm 10pt;\"><span style=\"mso-ansi-language: FR;\" lang=\"FR\"><font size=\"3\" face=\"Calibri\">Sve u vezi s Dubravkom je bilo posebno: njegov rad, njegov \u017eivot, njegov kraj.<\/font><\/span><\/p>\n<p><font size=\"3\">  <\/font><\/p>\n<p style=\"margin: 0cm 0cm 10pt;\"><span style=\"mso-ansi-language: FR;\" lang=\"FR\"><font size=\"3\" face=\"Calibri\">&nbsp;<\/font><\/span><\/p>\n<p><font size=\"3\">  <\/font><\/p>\n<p style=\"margin: 0cm 0cm 10pt;\"><span style=\"mso-ansi-language: FR;\" lang=\"FR\"><font size=\"3\" face=\"Calibri\">(&#8230;)<\/font><\/span><\/p>\n<p><font size=\"3\">  <\/font><\/p>\n<p style=\"margin: 0cm 0cm 10pt;\"><span style=\"mso-ansi-language: FR;\" lang=\"FR\"><font size=\"3\" face=\"Calibri\">&nbsp;<\/font><\/span><\/p>\n<p><font size=\"3\">  <\/font><\/p>\n<p style=\"margin: 0cm 0cm 10pt;\"><b style=\"mso-bidi-font-weight: normal;\"><span style=\"mso-ansi-language: FR;\" lang=\"FR\"><font size=\"3\" face=\"Calibri\">Cijeli tekst dostupan je poveznici:<\/font><\/span><\/b><\/p>\n<p><font size=\"3\">  <\/font><\/p>\n<p style=\"margin: 0cm 0cm 10pt;\"><span style=\"mso-ansi-language: FR;\" lang=\"FR\"><font size=\"3\" face=\"Calibri\">&nbsp;<\/font><\/span><\/p>\n<p><font size=\"3\">  <\/font><\/p>\n<p style=\"margin: 0cm 0cm 10pt;\"><span style=\"mso-ansi-language: FR;\" lang=\"FR\"><font size=\"3\" face=\"Calibri\"><a href=\"http:\/\/www.autograf.hr\/in-memoriam-dubravko-lovrenovic-veliki-veliki-dubravko-lovrenovic\/\">http:\/\/www.autograf.hr\/in-memoriam-dubravko-lovrenovic-veliki-veliki-dubravko-lovrenovic\/<\/a><\/font><\/span><\/p>\n<p style=\"margin: 0cm 0cm 10pt;\"><span style=\"mso-ansi-language: FR;\" lang=\"FR\"><font size=\"3\" face=\"Calibri\"><br \/>\n<\/font><\/span><\/p>\n<p style=\"margin: 0cm 0cm 10pt;\"><span style=\"mso-ansi-language: FR;\" lang=\"FR\"><font size=\"3\" face=\"Calibri\"><br \/>\n<\/font><\/span><\/p>\n<p><font size=\"3\">  <\/font><\/p>\n","protected":false},"excerpt":{"rendered":"","protected":false},"author":1,"featured_media":0,"comment_status":"open","ping_status":"open","sticky":false,"template":"","format":"standard","meta":{"_acf_changed":false,"jetpack_post_was_ever_published":false,"_jetpack_newsletter_access":"","_jetpack_dont_email_post_to_subs":false,"_jetpack_newsletter_tier_id":0,"_jetpack_memberships_contains_paywalled_content":false,"_jetpack_memberships_contains_paid_content":false,"footnotes":"","jetpack_publicize_message":"","jetpack_publicize_feature_enabled":true,"jetpack_social_post_already_shared":false,"jetpack_social_options":{"image_generator_settings":{"template":"highway","default_image_id":0,"font":"","enabled":false},"version":2}},"categories":[3,20],"tags":[],"class_list":["post-2842","post","type-post","status-publish","format-standard","hentry","category-novosti","category-obavijesti-o-smrti-i-nekrolozi"],"acf":{"facebook_opis":""},"jetpack_publicize_connections":[],"jetpack_featured_media_url":"","jetpack_sharing_enabled":true,"jetpack-related-posts":[{"id":52631,"url":"https:\/\/historiografija.hr\/?p=52631","url_meta":{"origin":2842,"position":0},"title":"Predavanje Ivana Tepe\u0161a: Djelovanje hrvatske politi\u010dke emigracije","author":"Branimir Jankovi\u0107","date":"23. travnja 2026.","format":false,"excerpt":"Odjel za me\u0111unarodnu suradnju i iseljeni\u0161tvo Matice hrvatske Predavanje Ivana Tepe\u0161a: Djelovanje hrvatske politi\u010dke emigracije Utorak, 28. travnja 2026. u 18:00 sati, Dvorana Ljudevita Jonkea (Mala dvorana MH), Strossmayerov trg 4, Zagreb dr. sc. Ivan Tepe\u0161, Institut za istra\u017eivanje migracija Hrvatska politi\u010dka emigracija obilje\u017eila je polustoljetnu hrvatsku povijest u drugoj\u2026","rel":"","context":"U &quot;Novosti&quot;","block_context":{"text":"Novosti","link":"https:\/\/historiografija.hr\/?cat=3"},"img":{"alt_text":"","src":"","width":0,"height":0},"classes":[]},{"id":52505,"url":"https:\/\/historiografija.hr\/?p=52505","url_meta":{"origin":2842,"position":1},"title":"Izlo\u017eba &#8220;Eschenstock \/ Jasenov prut&#8221;","author":"Branimir Jankovi\u0107","date":"17. travnja 2026.","format":false,"excerpt":"Srpsko narodno vije\u0107e (SNV) i Vizura aperta postavljaju izlo\u017ebu \u0161vicarskog slikara Velimira Ili\u0161evi\u0107a: Eschenstock \/ Jasenov prut. Izlo\u017eba se uz prisustvo autora otvara povodom 81. godi\u0161njice proboja logora\u0161a iz usta\u0161kog logora smrti Jasenovac 22. aprila 2026. u 19 sati u Srpskom kulturnom centru (SKC) u Preradovi\u0107evoj ulici 21 u Zagrebu.\u2026","rel":"","context":"U &quot;Izlo\u017ebe&quot;","block_context":{"text":"Izlo\u017ebe","link":"https:\/\/historiografija.hr\/?cat=10"},"img":{"alt_text":"","src":"https:\/\/i0.wp.com\/historiografija.hr\/wp-content\/uploads\/2026\/04\/Jasenov_prut.jpg?fit=1024%2C640&ssl=1&resize=350%2C200","width":350,"height":200,"srcset":"https:\/\/i0.wp.com\/historiografija.hr\/wp-content\/uploads\/2026\/04\/Jasenov_prut.jpg?fit=1024%2C640&ssl=1&resize=350%2C200 1x, https:\/\/i0.wp.com\/historiografija.hr\/wp-content\/uploads\/2026\/04\/Jasenov_prut.jpg?fit=1024%2C640&ssl=1&resize=525%2C300 1.5x, https:\/\/i0.wp.com\/historiografija.hr\/wp-content\/uploads\/2026\/04\/Jasenov_prut.jpg?fit=1024%2C640&ssl=1&resize=700%2C400 2x"},"classes":[]},{"id":52569,"url":"https:\/\/historiografija.hr\/?p=52569","url_meta":{"origin":2842,"position":2},"title":"[Predavanje] Ne \u010dekaju\u0107i inspiraciju \u2013 anga\u017eovane intelektualne, kulturalne i umetni\u010dke prakse u me\u0111uratnom periodu: teorija i praksa kriti\u010dke levice u jugoslovenskoj kulturi (YugoLab)","author":"Branimir Jankovi\u0107","date":"21. travnja 2026.","format":false,"excerpt":"U vreme agresivnog ja\u010danja globalne desnice, (pro)fa\u0161isti\u010dkih, rasisti\u010dkih i imperijalisti\u010dkih politika, dok je istovremeno globalna levica izrazito slaba, a progresivni pokreti atomizirani i fragmentisani, va\u017eno je iz savremene perspektive vratiti se revolucionarnim i emancipatorskim zbivanjima u jugoslovenskom (ali i s njima u vezi internacionalnim de\u0161avanjima), kao i dru\u0161tvenoj ulozi kulturalnih\u2026","rel":"","context":"U &quot;Novosti&quot;","block_context":{"text":"Novosti","link":"https:\/\/historiografija.hr\/?cat=3"},"img":{"alt_text":"","src":"","width":0,"height":0},"classes":[]},{"id":52563,"url":"https:\/\/historiografija.hr\/?p=52563","url_meta":{"origin":2842,"position":3},"title":"Predavanje Nenada Fabijani\u0107a o stadionu Poljud u Splitu","author":"Branimir Jankovi\u0107","date":"21. travnja 2026.","format":false,"excerpt":"Znanstveno vije\u0107e za arhitekturu, urbanizam i ure\u0111enje prostora Hrvatske akademije znanosti i umjetnosti organizira predavanje \u201cPo Poljudu\u201d koje \u0107e u srijedu 22. travnja 2026. s po\u010detkom u 14 sati u Knji\u017enici HAZU, Strossmayerov trg 14 u Zagrebu, odr\u017eati\u00a0prof. emerit. dr. art. Nenad Fabijani\u0107,\u00a0\u010dlan suradnik HAZU. Predavanje \u201ePo Poljudu\u201c (Projekt obnove)\u2026","rel":"","context":"U &quot;Novosti&quot;","block_context":{"text":"Novosti","link":"https:\/\/historiografija.hr\/?cat=3"},"img":{"alt_text":"","src":"https:\/\/i0.wp.com\/historiografija.hr\/wp-content\/uploads\/2026\/04\/Poljud-scaled.jpeg?fit=1200%2C800&ssl=1&resize=350%2C200","width":350,"height":200,"srcset":"https:\/\/i0.wp.com\/historiografija.hr\/wp-content\/uploads\/2026\/04\/Poljud-scaled.jpeg?fit=1200%2C800&ssl=1&resize=350%2C200 1x, https:\/\/i0.wp.com\/historiografija.hr\/wp-content\/uploads\/2026\/04\/Poljud-scaled.jpeg?fit=1200%2C800&ssl=1&resize=525%2C300 1.5x, https:\/\/i0.wp.com\/historiografija.hr\/wp-content\/uploads\/2026\/04\/Poljud-scaled.jpeg?fit=1200%2C800&ssl=1&resize=700%2C400 2x, https:\/\/i0.wp.com\/historiografija.hr\/wp-content\/uploads\/2026\/04\/Poljud-scaled.jpeg?fit=1200%2C800&ssl=1&resize=1050%2C600 3x"},"classes":[]},{"id":52628,"url":"https:\/\/historiografija.hr\/?p=52628","url_meta":{"origin":2842,"position":4},"title":"Predavanje dopisnog \u010dlana HAZU Alaina Finkielkrauta Izrael, Europa, antisemitizam","author":"Branimir Jankovi\u0107","date":"23. travnja 2026.","format":false,"excerpt":"Francuski filozof Alain Finkielkraut, redoviti \u010dlan Francuske akademije i dopisni \u010dlan HAZU, odr\u017eat \u0107e predavanje\u00a0Izrael, Europa, antisemitizam u utorak 28. travnja 2026. u 13 sati u Knji\u017enici HAZU,\u00a0Strossmayerov trg 14 u Zagrebu. Uvodne rije\u010di odr\u017eat \u0107e\u00a0akademkinja \u017deljka \u010corak i\u00a0akademik Dra\u017een Katunari\u0107. Predavanje \u0107e se odr\u017eati na francuskom jeziku uz konsekutivno\u2026","rel":"","context":"U &quot;Novosti&quot;","block_context":{"text":"Novosti","link":"https:\/\/historiografija.hr\/?cat=3"},"img":{"alt_text":"","src":"https:\/\/i0.wp.com\/historiografija.hr\/wp-content\/uploads\/2026\/04\/Alain_Finkielkraut.jpg?fit=350%2C407&ssl=1&resize=350%2C200","width":350,"height":200},"classes":[]},{"id":52592,"url":"https:\/\/historiografija.hr\/?p=52592","url_meta":{"origin":2842,"position":5},"title":"Predstavljanje knjige &#8220;Turska ku\u0107a u Rijeci&#8221; u Zagrebu","author":"Branimir Jankovi\u0107","date":"22. travnja 2026.","format":false,"excerpt":"U prostorijama Turskog kulturnog centra Yunus Emre u Zagrebu, u utorak 21. travnja 2026. godine, odr\u017eano je sve\u010dano predstavljanje dopunjenog izdanja knjige Turska ku\u0107a u Rijeci, u organizaciji Hrvatsko-turskog dru\u0161tva Rijeka i partnerstvu sa Skupinom prijateljstva Hrvatska-Turska Hrvatskog sabora, Veleposlanstvom Republike Turske u Republici Hrvatskoj te Turskim kulturnim centrom Yunus\u2026","rel":"","context":"U &quot;Novosti&quot;","block_context":{"text":"Novosti","link":"https:\/\/historiografija.hr\/?cat=3"},"img":{"alt_text":"","src":"https:\/\/i0.wp.com\/historiografija.hr\/wp-content\/uploads\/2026\/04\/Turska-kuca-ZG.jpg?fit=1200%2C800&ssl=1&resize=350%2C200","width":350,"height":200,"srcset":"https:\/\/i0.wp.com\/historiografija.hr\/wp-content\/uploads\/2026\/04\/Turska-kuca-ZG.jpg?fit=1200%2C800&ssl=1&resize=350%2C200 1x, https:\/\/i0.wp.com\/historiografija.hr\/wp-content\/uploads\/2026\/04\/Turska-kuca-ZG.jpg?fit=1200%2C800&ssl=1&resize=525%2C300 1.5x, https:\/\/i0.wp.com\/historiografija.hr\/wp-content\/uploads\/2026\/04\/Turska-kuca-ZG.jpg?fit=1200%2C800&ssl=1&resize=700%2C400 2x, https:\/\/i0.wp.com\/historiografija.hr\/wp-content\/uploads\/2026\/04\/Turska-kuca-ZG.jpg?fit=1200%2C800&ssl=1&resize=1050%2C600 3x"},"classes":[]}],"_links":{"self":[{"href":"https:\/\/historiografija.hr\/index.php?rest_route=\/wp\/v2\/posts\/2842","targetHints":{"allow":["GET"]}}],"collection":[{"href":"https:\/\/historiografija.hr\/index.php?rest_route=\/wp\/v2\/posts"}],"about":[{"href":"https:\/\/historiografija.hr\/index.php?rest_route=\/wp\/v2\/types\/post"}],"author":[{"embeddable":true,"href":"https:\/\/historiografija.hr\/index.php?rest_route=\/wp\/v2\/users\/1"}],"replies":[{"embeddable":true,"href":"https:\/\/historiografija.hr\/index.php?rest_route=%2Fwp%2Fv2%2Fcomments&post=2842"}],"version-history":[{"count":1,"href":"https:\/\/historiografija.hr\/index.php?rest_route=\/wp\/v2\/posts\/2842\/revisions"}],"predecessor-version":[{"id":24212,"href":"https:\/\/historiografija.hr\/index.php?rest_route=\/wp\/v2\/posts\/2842\/revisions\/24212"}],"wp:attachment":[{"href":"https:\/\/historiografija.hr\/index.php?rest_route=%2Fwp%2Fv2%2Fmedia&parent=2842"}],"wp:term":[{"taxonomy":"category","embeddable":true,"href":"https:\/\/historiografija.hr\/index.php?rest_route=%2Fwp%2Fv2%2Fcategories&post=2842"},{"taxonomy":"post_tag","embeddable":true,"href":"https:\/\/historiografija.hr\/index.php?rest_route=%2Fwp%2Fv2%2Ftags&post=2842"}],"curies":[{"name":"wp","href":"https:\/\/api.w.org\/{rel}","templated":true}]}}