{"id":28410,"date":"2021-11-23T13:52:44","date_gmt":"2021-11-23T13:52:44","guid":{"rendered":"http:\/\/historiografija.hr\/?p=28410"},"modified":"2021-11-23T13:52:44","modified_gmt":"2021-11-23T13:52:44","slug":"internacionalni-kolokvij-prijetnje-etnonacionalistickih-ideologija-bosanskohercegovackom-drustvu-i-njegovoj-drzavi","status":"publish","type":"post","link":"https:\/\/historiografija.hr\/?p=28410","title":{"rendered":"Internacionalni kolokvij \u201ePrijetnje etnonacionalisti\u010dkih ideologija bosanskohercegova\u010dkom dru\u0161tvu i njegovoj dr\u017eavi\u201c"},"content":{"rendered":"\n<p>Centar za strategijske studije Me\u0111unarodnog foruma Bosna organizira internacionalni kolokvij \u201ePrijetnje etnonacionalisti\u010dkih ideologija bosanskohercegova\u010dkom dru\u0161tvu i njegovoj dr\u017eavi\u201c.<\/p>\n\n\n\n<p>Osnova za diskusiju na kolokviju je tekst \u017darka Papi\u0107a \u201eZa\u010darani krug nacionalizama u BiH\u201c. Kolokvij je odijeljen u dvije sekcije, a me\u0111u sudionicima kolokvija su Rusmir MAHMUT\u0106EHAJI\u0106, Mile BABI\u0106, Zlatan BEGI\u0106, Sonja BISERKO, Nerin DIZDAR, Anto Domazet, Marko Attila HOARE, Slavo KUKI\u0106, Senadin LAVI\u0106, Desmond MAURER, Krsto MIJANOVI\u0106.<\/p>\n\n\n\n<p>Satnica se mo\u017ee vidjeti <a href=\"https:\/\/historiografija.ba\/assets\/documents\/835_Satnica%20i%20napomene.pdf\" target=\"_blank\" rel=\"noreferrer noopener\">ovdje<\/a>.<\/p>\n\n\n\n<p>Kolokvij \u0107e biti odr\u017ean 23. novembra (utorak), na <a rel=\"noreferrer noopener\" href=\"https:\/\/us06web.zoom.us\/j\/86507077011?pwd=T0NRVFU4ZWhqeTh6aTdxeHdvSUhMZz09#success\" target=\"_blank\">Zoom platformi<\/a>, s po\u010detkom u 14 sati.<\/p>\n\n\n\n<hr class=\"wp-block-separator\"\/>\n\n\n\n<p>Preneseno s portala <strong>Historiografija.ba<\/strong>:<\/p>\n\n\n\n<p><a href=\"https:\/\/historiografija.ba\/article.php?id=835\">https:\/\/historiografija.ba\/article.php?id=835<\/a><\/p>\n\n\n\n<hr class=\"wp-block-separator\"\/>\n","protected":false},"excerpt":{"rendered":"","protected":false},"author":2,"featured_media":28411,"comment_status":"open","ping_status":"open","sticky":false,"template":"","format":"standard","meta":{"_acf_changed":false,"jetpack_post_was_ever_published":false,"_jetpack_newsletter_access":"","_jetpack_dont_email_post_to_subs":false,"_jetpack_newsletter_tier_id":0,"_jetpack_memberships_contains_paywalled_content":false,"_jetpack_memberships_contains_paid_content":false,"footnotes":"","jetpack_publicize_message":"","jetpack_publicize_feature_enabled":true,"jetpack_social_post_already_shared":true,"jetpack_social_options":{"image_generator_settings":{"template":"highway","default_image_id":0,"font":"","enabled":false},"version":2}},"categories":[3,9],"tags":[],"class_list":["post-28410","post","type-post","status-publish","format-standard","has-post-thumbnail","hentry","category-novosti","category-skupovi"],"acf":{"facebook_opis":""},"jetpack_publicize_connections":[],"jetpack_featured_media_url":"https:\/\/i0.wp.com\/historiografija.hr\/wp-content\/uploads\/2021\/11\/Forum-Bosnae.jpg?fit=554%2C392&ssl=1","jetpack_sharing_enabled":true,"jetpack-related-posts":[],"_links":{"self":[{"href":"https:\/\/historiografija.hr\/index.php?rest_route=\/wp\/v2\/posts\/28410","targetHints":{"allow":["GET"]}}],"collection":[{"href":"https:\/\/historiografija.hr\/index.php?rest_route=\/wp\/v2\/posts"}],"about":[{"href":"https:\/\/historiografija.hr\/index.php?rest_route=\/wp\/v2\/types\/post"}],"author":[{"embeddable":true,"href":"https:\/\/historiografija.hr\/index.php?rest_route=\/wp\/v2\/users\/2"}],"replies":[{"embeddable":true,"href":"https:\/\/historiografija.hr\/index.php?rest_route=%2Fwp%2Fv2%2Fcomments&post=28410"}],"version-history":[{"count":1,"href":"https:\/\/historiografija.hr\/index.php?rest_route=\/wp\/v2\/posts\/28410\/revisions"}],"predecessor-version":[{"id":28412,"href":"https:\/\/historiografija.hr\/index.php?rest_route=\/wp\/v2\/posts\/28410\/revisions\/28412"}],"wp:featuredmedia":[{"embeddable":true,"href":"https:\/\/historiografija.hr\/index.php?rest_route=\/wp\/v2\/media\/28411"}],"wp:attachment":[{"href":"https:\/\/historiografija.hr\/index.php?rest_route=%2Fwp%2Fv2%2Fmedia&parent=28410"}],"wp:term":[{"taxonomy":"category","embeddable":true,"href":"https:\/\/historiografija.hr\/index.php?rest_route=%2Fwp%2Fv2%2Fcategories&post=28410"},{"taxonomy":"post_tag","embeddable":true,"href":"https:\/\/historiografija.hr\/index.php?rest_route=%2Fwp%2Fv2%2Ftags&post=28410"}],"curies":[{"name":"wp","href":"https:\/\/api.w.org\/{rel}","templated":true}]}}