{"id":28392,"date":"2021-11-23T11:43:49","date_gmt":"2021-11-23T11:43:49","guid":{"rendered":"http:\/\/historiografija.hr\/?p=28392"},"modified":"2021-11-23T11:43:49","modified_gmt":"2021-11-23T11:43:49","slug":"zbornik-radova-suzivot-jevreja-i-muslimana-u-bosni-i-hercegovini-primjeri-tolerancije-od-16-stoljeca-do-danas","status":"publish","type":"post","link":"https:\/\/historiografija.hr\/?p=28392","title":{"rendered":"Zbornik radova \u201eSu\u017eivot jevreja i muslimana u Bosni i Hercegovini. Primjeri tolerancije od 16. stolje\u0107a do danas\u201c"},"content":{"rendered":"\n<p>Izdava\u010dka ku\u0107a \u201eEl-Kalem\u201c iz Sarajeva objavila je zbornik radova pod naslovom \u201eSU\u017dIVOT JEVREJA I MUSLIMANA U BOSNI I HERCEGOVINI. PRIMJERI TOLERANCIJE OD 16. STOLJE\u0106A DO DANAS\u201c, koji je uredila D\u017eevada \u0160u\u0161ko. U zborniku je objavljeno osam radova, a autori su iz Bosne i Hercegovine i Evrope: sada ve\u0107 pokojni David Kamhi, Enes Kari\u0107, Aladin Husi\u0107, Adnan Kadri\u0107, Emir Mehmedovi\u0107, Carl Bethke, D\u017eevada \u0160u\u0161ko, Anisa Hasanhod\u017ei\u0107, Rifet Rustemovi\u0107 i Marko A. Hoare pokazuju primjere tolerancije u bosanskohercegova\u010dkom dru\u0161tvu izme\u0111u jevreja i muslimana od prvih dodira do najnovijeg vremena.<\/p>\n\n\n\n<p>Sadr\u017eaj i Uvod se mogu vidjeti <a rel=\"noreferrer noopener\" href=\"https:\/\/historiografija.ba\/assets\/documents\/836_SUZIVOT_JEVREJA_I_MUSLIMANA_U_BOSNI_I_HE_Uvod.pdf\" target=\"_blank\">ovdje<\/a>.<\/p>\n\n\n\n<hr class=\"wp-block-separator\"\/>\n\n\n\n<p>Preneseno s portala <strong>Historiografija.ba<\/strong>:<\/p>\n\n\n\n<p><a href=\"https:\/\/historiografija.ba\/article.php?id=836\">https:\/\/historiografija.ba\/article.php?id=836<\/a><\/p>\n\n\n\n<hr class=\"wp-block-separator\"\/>\n","protected":false},"excerpt":{"rendered":"","protected":false},"author":2,"featured_media":28393,"comment_status":"open","ping_status":"open","sticky":false,"template":"","format":"standard","meta":{"_acf_changed":false,"jetpack_post_was_ever_published":false,"_jetpack_newsletter_access":"","_jetpack_dont_email_post_to_subs":false,"_jetpack_newsletter_tier_id":0,"_jetpack_memberships_contains_paywalled_content":false,"_jetpack_memberships_contains_paid_content":false,"footnotes":"","jetpack_publicize_message":"","jetpack_publicize_feature_enabled":true,"jetpack_social_post_already_shared":true,"jetpack_social_options":{"image_generator_settings":{"template":"highway","default_image_id":0,"font":"","enabled":false},"version":2}},"categories":[8,3],"tags":[],"class_list":["post-28392","post","type-post","status-publish","format-standard","has-post-thumbnail","hentry","category-knjige","category-novosti"],"acf":{"facebook_opis":""},"jetpack_publicize_connections":[],"jetpack_featured_media_url":"https:\/\/i0.wp.com\/historiografija.hr\/wp-content\/uploads\/2021\/11\/suzivot.jpg?fit=450%2C539&ssl=1","jetpack_sharing_enabled":true,"jetpack-related-posts":[],"_links":{"self":[{"href":"https:\/\/historiografija.hr\/index.php?rest_route=\/wp\/v2\/posts\/28392","targetHints":{"allow":["GET"]}}],"collection":[{"href":"https:\/\/historiografija.hr\/index.php?rest_route=\/wp\/v2\/posts"}],"about":[{"href":"https:\/\/historiografija.hr\/index.php?rest_route=\/wp\/v2\/types\/post"}],"author":[{"embeddable":true,"href":"https:\/\/historiografija.hr\/index.php?rest_route=\/wp\/v2\/users\/2"}],"replies":[{"embeddable":true,"href":"https:\/\/historiografija.hr\/index.php?rest_route=%2Fwp%2Fv2%2Fcomments&post=28392"}],"version-history":[{"count":1,"href":"https:\/\/historiografija.hr\/index.php?rest_route=\/wp\/v2\/posts\/28392\/revisions"}],"predecessor-version":[{"id":28394,"href":"https:\/\/historiografija.hr\/index.php?rest_route=\/wp\/v2\/posts\/28392\/revisions\/28394"}],"wp:featuredmedia":[{"embeddable":true,"href":"https:\/\/historiografija.hr\/index.php?rest_route=\/wp\/v2\/media\/28393"}],"wp:attachment":[{"href":"https:\/\/historiografija.hr\/index.php?rest_route=%2Fwp%2Fv2%2Fmedia&parent=28392"}],"wp:term":[{"taxonomy":"category","embeddable":true,"href":"https:\/\/historiografija.hr\/index.php?rest_route=%2Fwp%2Fv2%2Fcategories&post=28392"},{"taxonomy":"post_tag","embeddable":true,"href":"https:\/\/historiografija.hr\/index.php?rest_route=%2Fwp%2Fv2%2Ftags&post=28392"}],"curies":[{"name":"wp","href":"https:\/\/api.w.org\/{rel}","templated":true}]}}